{"id":16737,"date":"2025-09-04T04:13:33","date_gmt":"2025-09-04T04:13:33","guid":{"rendered":"https:\/\/noticiasal.com.mx\/?p=16737"},"modified":"2025-09-04T04:13:33","modified_gmt":"2025-09-04T04:13:33","slug":"enfrentan-adultos-mayores-desafios-para-una-vejez-digna","status":"publish","type":"post","link":"https:\/\/noticiasal.com.mx\/index.php\/2025\/09\/04\/enfrentan-adultos-mayores-desafios-para-una-vejez-digna\/","title":{"rendered":"Enfrentan adultos mayores desaf\u00edos para una vejez digna"},"content":{"rendered":"<ul>\n<li>Se estima que 14 por ciento de este sector poblacional vive con alg\u00fan deterioro de la salud mental como ansiedad o depresi\u00f3n<\/li>\n<\/ul>\n<p><strong>El acceso a la salud; la seguridad econ\u00f3mica; la integraci\u00f3n social y tecnol\u00f3gica, as\u00ed como la autonom\u00eda y cuidado a largo plazo, son los principales desaf\u00edos que enfrentan los adultos mayores<\/strong>, expres\u00f3 el jefe del Servicio de Geriatr\u00eda del Antiguo Hospital Civil de Guadalajara Fray Antonio Alcalde, David Leal Mora.<\/p>\n<p>En rueda de prensa, celebrada en el marco del\u00a0<strong>D\u00eda Nacional de las Personas Adultas Mayores<\/strong>, que se conmemora el 28 de agosto, dijo que\u00a0<strong>hasta hace unas d\u00e9cadas se pensaba que la vejez era sin\u00f3nimo de enfermedad\u00a0<\/strong>y hoy se sabe que se puede tener una vejez saludable y satisfactoria.<\/p>\n<p>\u201c<strong>Envejecer saludablemente significa vencer esos desaf\u00edos<\/strong>\u00a0que el paciente geri\u00e1trico de 60 a\u00f1os y m\u00e1s tiene que enfrentar. A los 70 a\u00f1os se incrementa la presencia de los s\u00edndromes geri\u00e1tricos, las enfermedades cr\u00f3nico degenerativas, diabetes, hipertensi\u00f3n, problemas pulmonares que realmente no son enfermedades de la vejez, son enfermedades que se presentan en la edad madura y en la vejez es cuando encontramos complicaciones por el mal control de las mismas, lo que impide una calidad de vida\u201d, se\u00f1al\u00f3.<\/p>\n<p>Lament\u00f3 que adem\u00e1s exista\u00a0<strong>una p\u00e9rdida de valores, ya que las personas mayores de 60 a\u00f1os antes eran muy respetadas,\u00a0<\/strong>buscadas y ahora las generaciones est\u00e1n ocupadas en lo nuevo y parece ser que lo viejo y anciano no les interesa.<\/p>\n<p>Aunado a esto existe un\u00a0<strong>d\u00e9ficit de profesionales<\/strong>\u00a0<strong>de la geriatr\u00eda<\/strong>\u00a0a nivel mundial, adem\u00e1s de que hacen falta estancias de convalecencia para los pacientes ancianos. En este rubro, la\u00a0<a href=\"http:\/\/www.udg.mx\/\" data-saferedirecturl=\"https:\/\/www.google.com\/url?q=http:\/\/www.udg.mx&amp;source=gmail&amp;ust=1756406392319000&amp;usg=AOvVaw0qTcKTmCNNIkEWoGiTYlrJ\">Universidad de Guadalajara (UdeG)<\/a>\u00a0fue la primera en contar con esta especialidad y\u00a0<strong>ha formado a 78 geriatras.<\/strong><\/p>\n<p><img loading=\"lazy\" decoding=\"async\" class=\"blazy aligncenter wp-image-16738 \" src=\"https:\/\/noticiasal.com.mx\/wp-content\/themes\/news\/assets\/images\/picture_placeholder_list.jpg\" data-src=\"https:\/\/noticiasal.com.mx\/wp-content\/uploads\/2025\/09\/aa5v9659_1-1920x1280-1.jpg\" alt=\"\" width=\"899\" height=\"599\" \/><noscript><img loading=\"lazy\" decoding=\"async\" class=\"aligncenter wp-image-16738 \" src=\"https:\/\/noticiasal.com.mx\/wp-content\/uploads\/2025\/09\/aa5v9659_1-1920x1280-1.jpg\" alt=\"\" width=\"899\" height=\"599\" srcset=\"https:\/\/noticiasal.com.mx\/wp-content\/uploads\/2025\/09\/aa5v9659_1-1920x1280-1.jpg 1920w, https:\/\/noticiasal.com.mx\/wp-content\/uploads\/2025\/09\/aa5v9659_1-1920x1280-1-300x200.jpg 300w, https:\/\/noticiasal.com.mx\/wp-content\/uploads\/2025\/09\/aa5v9659_1-1920x1280-1-1024x683.jpg 1024w, https:\/\/noticiasal.com.mx\/wp-content\/uploads\/2025\/09\/aa5v9659_1-1920x1280-1-768x512.jpg 768w, https:\/\/noticiasal.com.mx\/wp-content\/uploads\/2025\/09\/aa5v9659_1-1920x1280-1-1536x1024.jpg 1536w\" sizes=\"(max-width: 899px) 100vw, 899px\" \/><\/noscript><\/p>\n<h4><strong>Desnutrici\u00f3n y problemas de salud mental<\/strong><\/h4>\n<p>La nutri\u00f3loga adscrita al Servicio de Geriatr\u00eda del Fray Antonio Alcalde, Alma Guzm\u00e1n Gurrola, coment\u00f3 que en un an\u00e1lisis a 743 pacientes que se atendieron durante un a\u00f1o, arriba\u00a0<strong>del 70 por ciento de ellos presentaron desnutrici\u00f3n<\/strong>, 23 por ciento est\u00e1 en riesgo de padecerla y\u00a0<strong>solamente el 7 por ciento de los adultos mayores estaban en un estado nutricional normal.<\/strong><\/p>\n<p>\u201cLas cifras a nivel mundial tambi\u00e9n son preocupantes, vemos que\u00a0<strong>aproximadamente del 7 al 13 por ciento de la poblaci\u00f3n tiene desnutrici\u00f3n<\/strong>\u00a0y si el paciente est\u00e1 hospitalizado aumenta en 50 por ciento y normalmente viene acompa\u00f1ado de alguna falla org\u00e1nica. Es importante poder diagnosticar al paciente y con ello establecer una estrategia de atenci\u00f3n\u201d, apunt\u00f3.<\/p>\n<p>La psic\u00f3loga adscrita al Hospital Civil de Oriente, Linda Janette Vargas Gaspar, explic\u00f3 que, en materia de salud mental en los adultos mayores,\u00a0<strong>el 14 por ciento sufre alg\u00fan deterioro, siendo los m\u00e1s los m\u00e1s relevantes la ansiedad y la depresi\u00f3n<\/strong>.<\/p>\n<p>\u201cAdem\u00e1s,\u00a0<strong>uno de cada seis adultos mayores vive violencia<\/strong>, incluso de sus mismos cuidadores, ya sea f\u00edsica, psicol\u00f3gica o econ\u00f3mica. Aunado a esto viven aislamiento social, abandono de sus mismos familiares, esto les genera un deterioro en la salud mental\u201d, indic\u00f3.<\/p>\n<p>Entre las acciones para mejorar la salud mental de este sector de la poblaci\u00f3n coment\u00f3 que est\u00e1n:\u00a0<strong>fomentar su autonom\u00eda<\/strong>, involucrarlos en decisiones familiares, el sentido de pertenencia,\u00a0<strong>promover la actividad f\u00edsica y mental<\/strong>\u00a0y ser una red de apoyo para para ellos.<\/p>\n<h4><strong>Maltrato f\u00edsico, psicol\u00f3gico y econ\u00f3mico<\/strong><\/h4>\n<p>Juana Garc\u00eda Hern\u00e1ndez, trabajadora social, encargada del Subcomit\u00e9 de Atenci\u00f3n al Adulto Mayor del Nuevo Hospital Civil de Guadalajara Dr. Juan I. Menchaca, lament\u00f3 la situaci\u00f3n de maltrato que viven algunos adultos mayores.<\/p>\n<p>\u201cEn muchas ocasiones hay maltrato\u00a0<strong>f\u00edsico<\/strong>\u00a0que se disfraza de ca\u00eddas o golpes accidentales, hay maltrato\u00a0<strong>psicol\u00f3gico<\/strong>\u00a0que es dif\u00edcil de demostrar, el\u00a0<strong>econ\u00f3mico<\/strong>\u00a0donde el paciente tiene su dinero y se le piden pr\u00e9stamos que no se le pagan o los hacen firmar escrituras\u201d, expres\u00f3.<\/p>\n<blockquote><p>Explic\u00f3 que es importante preguntarse c\u00f3mo se quiere envejecer para a partir de eso cuidar el cuerpo, la salud mental, la alimentaci\u00f3n, realizar actividad f\u00edsica, tener buenas relaciones familiares, para as\u00ed enfrentar una vejez digna.<\/p><\/blockquote>\n<p>Fuente; <a href=\"https:\/\/www.gaceta.udg.mx\/enfrentan-adultos-mayores-desafios-para-una-vejez-digna\/\" target=\"_blank\" rel=\"noopener\">UdeG<\/a><\/p>\n","protected":false},"excerpt":{"rendered":"<p>Se estima que 14 por ciento de este sector poblacional vive con alg\u00fan deterioro de la salud mental como ansiedad o depresi\u00f3n El acceso a la salud; la seguridad econ\u00f3mica; la integraci\u00f3n social y tecnol\u00f3gica, as\u00ed como la autonom\u00eda y cuidado a largo plazo, son los principales desaf\u00edos que enfrentan los adultos mayores, expres\u00f3 el [&hellip;]<\/p>\n","protected":false},"author":9,"featured_media":16739,"comment_status":"open","ping_status":"closed","sticky":false,"template":"","format":"standard","meta":{"footnotes":""},"categories":[160],"tags":[768,280,427,753],"class_list":["post-16737","post","type-post","status-publish","format-standard","has-post-thumbnail","hentry","category-salud","tag-adultos-mayores","tag-salud","tag-udeg","tag-vejez"],"_links":{"self":[{"href":"https:\/\/noticiasal.com.mx\/index.php\/wp-json\/wp\/v2\/posts\/16737"}],"collection":[{"href":"https:\/\/noticiasal.com.mx\/index.php\/wp-json\/wp\/v2\/posts"}],"about":[{"href":"https:\/\/noticiasal.com.mx\/index.php\/wp-json\/wp\/v2\/types\/post"}],"author":[{"embeddable":true,"href":"https:\/\/noticiasal.com.mx\/index.php\/wp-json\/wp\/v2\/users\/9"}],"replies":[{"embeddable":true,"href":"https:\/\/noticiasal.com.mx\/index.php\/wp-json\/wp\/v2\/comments?post=16737"}],"version-history":[{"count":1,"href":"https:\/\/noticiasal.com.mx\/index.php\/wp-json\/wp\/v2\/posts\/16737\/revisions"}],"predecessor-version":[{"id":16740,"href":"https:\/\/noticiasal.com.mx\/index.php\/wp-json\/wp\/v2\/posts\/16737\/revisions\/16740"}],"wp:featuredmedia":[{"embeddable":true,"href":"https:\/\/noticiasal.com.mx\/index.php\/wp-json\/wp\/v2\/media\/16739"}],"wp:attachment":[{"href":"https:\/\/noticiasal.com.mx\/index.php\/wp-json\/wp\/v2\/media?parent=16737"}],"wp:term":[{"taxonomy":"category","embeddable":true,"href":"https:\/\/noticiasal.com.mx\/index.php\/wp-json\/wp\/v2\/categories?post=16737"},{"taxonomy":"post_tag","embeddable":true,"href":"https:\/\/noticiasal.com.mx\/index.php\/wp-json\/wp\/v2\/tags?post=16737"}],"curies":[{"name":"wp","href":"https:\/\/api.w.org\/{rel}","templated":true}]}}