{"id":16903,"date":"2025-09-20T14:25:16","date_gmt":"2025-09-20T14:25:16","guid":{"rendered":"https:\/\/noticiasal.com.mx\/?p=16903"},"modified":"2025-09-20T19:52:50","modified_gmt":"2025-09-20T19:52:50","slug":"alzheimer-principal-padecimiento-degenerativo-del-sistema-nervioso","status":"publish","type":"post","link":"https:\/\/noticiasal.com.mx\/index.php\/2025\/09\/20\/alzheimer-principal-padecimiento-degenerativo-del-sistema-nervioso\/","title":{"rendered":"Alzheimer, principal padecimiento degenerativo del sistema nervioso"},"content":{"rendered":"<ul>\n<li>Especialistas se\u00f1alan que condiciones como el s\u00edndrome metab\u00f3lico representan factores de riesgo para esta enfermedad que en M\u00e9xico afecta a m\u00e1s de un mill\u00f3n de personas<\/li>\n<\/ul>\n<p>En el mundo\u00a0<strong>70 millones de personas padecen Alzheimer<\/strong>,\u00a0<strong>la m\u00e1s prevalente de todos los padecimientos degenerativos del sistema nervioso,<\/strong>\u00a0expres\u00f3 Carlos Z\u00fa\u00f1iga Ram\u00edrez, encargado de la Cl\u00ednica de Movimientos Anormales y Enfermedades Neurodegenerativas del Antiguo Hospital Civil de Guadalajara \u201cFray Antonio Alcalde\u201d.<\/p>\n<p>En el marco del D\u00eda Mundial del Alzheimer, que se conmemora cada 21 de septiembre, dijo que adem\u00e1s se calcula que\u00a0<strong>existe a nivel mundial un infradiagn\u00f3stico<\/strong>\u00a0al relacionarse con otros padecimientos.<\/p>\n<p>\u201c<strong>El 80 por ciento de los enfermos van a comenzar con un cuadro depresivo<\/strong>, posteriormente, van a comenzar a olvidar objetos y a culpabilizar a los integrantes de su entorno familiar de que alguien toma esos objetos. Empiezan con desorientaci\u00f3n visoespacial, tienen mayor irritabilidad y ansiedad\u201d, se\u00f1al\u00f3.<\/p>\n<p><img loading=\"lazy\" decoding=\"async\" class=\"blazy aligncenter wp-image-16905 size-full\" src=\"https:\/\/noticiasal.com.mx\/wp-content\/themes\/news\/assets\/images\/picture_placeholder_list.jpg\" data-src=\"https:\/\/noticiasal.com.mx\/wp-content\/uploads\/2025\/09\/69760.jpg\" alt=\"\" width=\"800\" height=\"533\" \/><noscript><img loading=\"lazy\" decoding=\"async\" class=\"aligncenter wp-image-16905 size-full\" src=\"https:\/\/noticiasal.com.mx\/wp-content\/uploads\/2025\/09\/69760.jpg\" alt=\"\" width=\"800\" height=\"533\" srcset=\"https:\/\/noticiasal.com.mx\/wp-content\/uploads\/2025\/09\/69760.jpg 800w, https:\/\/noticiasal.com.mx\/wp-content\/uploads\/2025\/09\/69760-300x200.jpg 300w, https:\/\/noticiasal.com.mx\/wp-content\/uploads\/2025\/09\/69760-768x512.jpg 768w\" sizes=\"(max-width: 800px) 100vw, 800px\" \/><\/noscript><\/p>\n<p>&nbsp;<\/p>\n<p>Explic\u00f3 que\u00a0<strong>hay m\u00faltiples factores de riesgo<\/strong>\u00a0que pueden generar el desarrollo de una demencia en etapas tard\u00edas de la vida, como el s\u00edndrome metab\u00f3lico, que va a estar caracterizado por la diabetes, la hipertensi\u00f3n, la dislipidemia, la obesidad, el tabaquismo, la ingesta excesiva de alcohol, los traumas craneoencef\u00e1licos, los cambios en el estado de \u00e1nimo, la p\u00e9rdida visual o auditiva y el aislamiento social.<\/p>\n<p>\u201cHay algunos otros factores como la enfermedad de tiroides que pueden condicionar que, en un futuro, una persona despu\u00e9s de los 50 \u00f3 60 a\u00f1os de edad comience con cambios cognitivos que van a hacer un efecto de bola de nieve. Tenemos muchos de estos factores desde etapas tempranas de la vida y al no tratarlos adecuadamente van a llevar poco a poco al deterioro de la funci\u00f3n de las neuronas en nuestro cerebro y, por ende, a la generaci\u00f3n de un cuadro demencial\u201d, dijo.<\/p>\n<p>Jos\u00e9 \u00c1ngel Oliveros Gonz\u00e1lez, adscrito al Servicio de Neurociencias del Nuevo Hospital Civil de Guadalajara Dr. Juan I. Menchaca, dijo que\u00a0<strong>es una enfermedad que se caracteriza en etapas iniciales por fallas en la memoria a corto plazo<\/strong>.<\/p>\n<p>\u201cHasta el momento no tiene la posibilidad de ser curada; los potenciadores cognitivos pueden hacer que el deterioro se desacelere, pero no lo van a detener. El error m\u00e1s com\u00fan de un paciente con Alzheimer es que, por ejemplo, se pierde en su barrio. Este tipo de olvidos son patol\u00f3gicos y caracterizan a la enfermedad de Alzheimer, sobre todo en etapas primarias\u201d, indic\u00f3.<\/p>\n<p><img loading=\"lazy\" decoding=\"async\" class=\"blazy wp-image-16906 size-full aligncenter\" src=\"https:\/\/noticiasal.com.mx\/wp-content\/themes\/news\/assets\/images\/picture_placeholder_list.jpg\" data-src=\"https:\/\/noticiasal.com.mx\/wp-content\/uploads\/2025\/09\/back_dia_mundial_del_alzheimer_2025.png\" alt=\"\" width=\"800\" height=\"450\" \/><noscript><img loading=\"lazy\" decoding=\"async\" class=\"wp-image-16906 size-full aligncenter\" src=\"https:\/\/noticiasal.com.mx\/wp-content\/uploads\/2025\/09\/back_dia_mundial_del_alzheimer_2025.png\" alt=\"\" width=\"800\" height=\"450\" srcset=\"https:\/\/noticiasal.com.mx\/wp-content\/uploads\/2025\/09\/back_dia_mundial_del_alzheimer_2025.png 800w, https:\/\/noticiasal.com.mx\/wp-content\/uploads\/2025\/09\/back_dia_mundial_del_alzheimer_2025-300x169.png 300w, https:\/\/noticiasal.com.mx\/wp-content\/uploads\/2025\/09\/back_dia_mundial_del_alzheimer_2025-768x432.png 768w\" sizes=\"(max-width: 800px) 100vw, 800px\" \/><\/noscript><\/p>\n<p>&nbsp;<\/p>\n<p>En cuanto a las\u00a0<strong>recomendaciones y medidas de prevenci\u00f3n<\/strong>\u00a0destac\u00f3 la\u00a0<strong>actividad f\u00edsica<\/strong>,\u00a0<strong>vigilar la alimentaci\u00f3n<\/strong>\u00a0evitando la comida grasosa, carbohidratos dulces, lo que abonar\u00e1 a que en la edad adulta se tengan mejores condiciones cognitivas.<\/p>\n<p>\u201cAl estar haciendo este tipo de maniobras, estamos preservando un poco la cognici\u00f3n; obviamente\u00a0<strong>hacer ejercicio deber\u00eda ser una de las cosas m\u00e1s importantes<\/strong>, ya que despu\u00e9s de los 30 a\u00f1os comenzamos a perder masa muscular y si la persona se preocupa desde muy joven por hacer ejercicio no s\u00f3lo de resistencia, sino tambi\u00e9n de fuerza para mantener su masa muscular, ser\u00e1 m\u00e1s activa y esto va a ayudar a que mejore de manera general su metabolismo. Otras estrategias son leer y estar cognitivamente activo\u201d, destac\u00f3.<\/p>\n<p>Agreg\u00f3 que es importante entender que\u00a0<strong>el paciente con demencia sigue siendo una persona inteligente<\/strong>, que hay que tratarla con dignidad y que los familiares asistan a cl\u00ednicas para conocer la historia natural de la enfermedad.<\/p>\n<p>Fuente: <a href=\"https:\/\/www.gaceta.udg.mx\/alzheimer-principal-padecimiento-degenerativo-del-sistema-nervioso\/\" target=\"_blank\" rel=\"noopener\">Gaceta UdG<\/a><\/p>\n","protected":false},"excerpt":{"rendered":"<p>Especialistas se\u00f1alan que condiciones como el s\u00edndrome metab\u00f3lico representan factores de riesgo para esta enfermedad que en M\u00e9xico afecta a m\u00e1s de un mill\u00f3n de personas En el mundo\u00a070 millones de personas padecen Alzheimer,\u00a0la m\u00e1s prevalente de todos los padecimientos degenerativos del sistema nervioso,\u00a0expres\u00f3 Carlos Z\u00fa\u00f1iga Ram\u00edrez, encargado de la Cl\u00ednica de Movimientos Anormales y [&hellip;]<\/p>\n","protected":false},"author":9,"featured_media":16904,"comment_status":"open","ping_status":"closed","sticky":false,"template":"","format":"standard","meta":{"footnotes":""},"categories":[148],"tags":[801,280],"class_list":["post-16903","post","type-post","status-publish","format-standard","has-post-thumbnail","hentry","category-mexico","tag-alzheimer","tag-salud"],"_links":{"self":[{"href":"https:\/\/noticiasal.com.mx\/index.php\/wp-json\/wp\/v2\/posts\/16903"}],"collection":[{"href":"https:\/\/noticiasal.com.mx\/index.php\/wp-json\/wp\/v2\/posts"}],"about":[{"href":"https:\/\/noticiasal.com.mx\/index.php\/wp-json\/wp\/v2\/types\/post"}],"author":[{"embeddable":true,"href":"https:\/\/noticiasal.com.mx\/index.php\/wp-json\/wp\/v2\/users\/9"}],"replies":[{"embeddable":true,"href":"https:\/\/noticiasal.com.mx\/index.php\/wp-json\/wp\/v2\/comments?post=16903"}],"version-history":[{"count":3,"href":"https:\/\/noticiasal.com.mx\/index.php\/wp-json\/wp\/v2\/posts\/16903\/revisions"}],"predecessor-version":[{"id":16909,"href":"https:\/\/noticiasal.com.mx\/index.php\/wp-json\/wp\/v2\/posts\/16903\/revisions\/16909"}],"wp:featuredmedia":[{"embeddable":true,"href":"https:\/\/noticiasal.com.mx\/index.php\/wp-json\/wp\/v2\/media\/16904"}],"wp:attachment":[{"href":"https:\/\/noticiasal.com.mx\/index.php\/wp-json\/wp\/v2\/media?parent=16903"}],"wp:term":[{"taxonomy":"category","embeddable":true,"href":"https:\/\/noticiasal.com.mx\/index.php\/wp-json\/wp\/v2\/categories?post=16903"},{"taxonomy":"post_tag","embeddable":true,"href":"https:\/\/noticiasal.com.mx\/index.php\/wp-json\/wp\/v2\/tags?post=16903"}],"curies":[{"name":"wp","href":"https:\/\/api.w.org\/{rel}","templated":true}]}}