{"id":16910,"date":"2025-09-20T20:15:24","date_gmt":"2025-09-20T20:15:24","guid":{"rendered":"https:\/\/noticiasal.com.mx\/?p=16910"},"modified":"2025-09-20T20:26:50","modified_gmt":"2025-09-20T20:26:50","slug":"entre-piales-y-manganas-es-mejor-tener-muchos-pajaros-que-solo-uno-en-las-manos","status":"publish","type":"post","link":"https:\/\/noticiasal.com.mx\/index.php\/2025\/09\/20\/entre-piales-y-manganas-es-mejor-tener-muchos-pajaros-que-solo-uno-en-las-manos\/","title":{"rendered":"Entre Piales y Manganas: \u201cEs mejor tener muchos p\u00e1jaros que s\u00f3lo uno en las manos\u201d"},"content":{"rendered":"<ul>\n<li><strong>La C\u00e1mara de diputados celebr\u00f3, con sesi\u00f3n solemne, el D\u00eda del Charro<\/strong><\/li>\n<\/ul>\n<p>Con sesi\u00f3n solemne, la C\u00e1mara de Diputado conmemor\u00f3 el D\u00eda Nacional del Charro, y a trav\u00e9s de la Mesa Directiva, presidida por la diputada Kenia L\u00f3pez Rabad\u00e1n (PAN) y de la Junta de Coordinaci\u00f3n Pol\u00edtica (Jucopo), encabezada por el diputado Ricardo Monreal \u00c1vila (Morena), entreg\u00f3 un reconocimiento a la Federaci\u00f3n Mexicana de Charrer\u00eda A.C., por la valiosa participaci\u00f3n al enaltecimiento de la charrer\u00eda como deporte nacional y como patrimonio cultural inmaterial de la humanidad.<\/p>\n<p>La entrega de los reconocimientos estuvo a cargo de coordinadores de los grupos parlamentarios y de integrantes de la Mesa Directiva.<\/p>\n<p><strong>Celebrar el D\u00eda del Charro es evocar una gran tradici\u00f3n. &#8211; <\/strong>La presidenta de la Mesa Directiva, diputada Kenia L\u00f3pez Rabad\u00e1n, se\u00f1al\u00f3 que se conmemora una de las tradiciones m\u00e1s emblem\u00e1ticas de M\u00e9xico: el D\u00eda Nacional del Charro, \u201ccomo un reconocimiento a quienes con valent\u00eda, destreza y amor han dado vida a una expresi\u00f3n que es s\u00edmbolo de identidad y orgullo nacional\u201d.<\/p>\n<p>Celebrarlo, asegur\u00f3, es evocar una gran tradici\u00f3n y reconocer que en ella se entrelazan valores fundamentales para la naci\u00f3n: la lealtad, la valent\u00eda, la fraternidad y el amor a la patria.<\/p>\n<blockquote><p>\u201cHoy, en tiempos de grandes retos, el legado de los charros y las escaramuzas nos recuerda que M\u00e9xico se fortalece cuando se preservan sus tradiciones y cuando se valora el esfuerzo de quienes mantienen vivo el esp\u00edritu de nuestra identidad\u201d.<\/p><\/blockquote>\n<p>Indic\u00f3 que la charrer\u00eda, transmite a las nuevas generaciones disciplina, respeto y sentido de pertenencia. \u201cQue esta conmemoraci\u00f3n reafirme que M\u00e9xico es plural, orgulloso de sus tradiciones, de su gente y de su cultura. Desde esta C\u00e1mara de Diputados y Diputadas se honra a todas y todos los charros y escaramuzas de M\u00e9xico y se reconoce en ellos la viva expresi\u00f3n de nuestro pa\u00eds. Sigamos construyendo con su ejemplo un pa\u00eds unido, soberano y orgulloso de su historia\u201d.<\/p>\n<p>&nbsp;<\/p>\n<figure id=\"attachment_16912\" aria-describedby=\"caption-attachment-16912\" style=\"width: 1097px\" class=\"wp-caption aligncenter\"><img loading=\"lazy\" decoding=\"async\" class=\"blazy wp-image-16912\" src=\"https:\/\/noticiasal.com.mx\/wp-content\/themes\/news\/assets\/images\/picture_placeholder_list.jpg\" data-src=\"https:\/\/noticiasal.com.mx\/wp-content\/uploads\/2025\/09\/CONGRESO-1.jpg\" alt=\"\" width=\"1097\" height=\"563\" \/><figcaption id=\"caption-attachment-16912\" class=\"wp-caption-text\"><noscript><img loading=\"lazy\" decoding=\"async\" class=\"wp-image-16912\" src=\"https:\/\/noticiasal.com.mx\/wp-content\/uploads\/2025\/09\/CONGRESO-1.jpg\" alt=\"\" width=\"1097\" height=\"563\" srcset=\"https:\/\/noticiasal.com.mx\/wp-content\/uploads\/2025\/09\/CONGRESO-1.jpg 1350w, https:\/\/noticiasal.com.mx\/wp-content\/uploads\/2025\/09\/CONGRESO-1-300x154.jpg 300w, https:\/\/noticiasal.com.mx\/wp-content\/uploads\/2025\/09\/CONGRESO-1-1024x526.jpg 1024w, https:\/\/noticiasal.com.mx\/wp-content\/uploads\/2025\/09\/CONGRESO-1-768x395.jpg 768w\" sizes=\"(max-width: 1097px) 100vw, 1097px\" \/><\/noscript> Los charros y damas charras que asistieron a la sesi\u00f3n solemne en la C\u00e1mara de Diputados donde se conmemor\u00f3 el D\u00eda Nacional del Charro.<\/figcaption><\/figure>\n<p><strong>La charrer\u00eda necesita de la C\u00e1mara de Diputados. &#8211; <\/strong>El presidente de la Federaci\u00f3n Mexicana de Charrer\u00eda, Salvador Barajas del Toro, a nombre de las m\u00e1s de mil asociaciones agradeci\u00f3 a la C\u00e1mara de Diputados la sesi\u00f3n solemne y dijo que la agrupaci\u00f3n est\u00e1 integrada por m\u00e1s de 28 mil damas y charros de a caballo, est\u00e1n presentes en los 32 estados de la Rep\u00fablica y en 18 de Estados Unidos.<\/p>\n<p>Tambi\u00e9n agradeci\u00f3 al Gobierno Federal, a la presidenta de la Rep\u00fablica, Claudia Sheinbaum Pardo, que ha considerado a la charrer\u00eda dentro de las pol\u00edticas p\u00fablicas de la Conade, que es parte de las olimpiadas nacionales, que tienen un asiento en el Sistema Nacional del Deporte, \u201cpor lo cual nos sentimos que estamos cubiertos y atendidos por el Gobierno Federal\u201d.<\/p>\n<p>Pidi\u00f3 a diputadas y diputados seguir trabajando por el bienestar y la seguridad de las y los mexicanos, por la identidad, la tradici\u00f3n y la cultura de M\u00e9xico, y que recuerden que \u201crespaldar y apoyar a la charrer\u00eda es respaldar y apoyar al pueblo de M\u00e9xico. Nos sentimos orgullosos de portar el traje de charro, pero tambi\u00e9n tenemos una gran responsabilidad, pues donde est\u00e1 un charro est\u00e1 M\u00e9xico. La charrer\u00eda necesita de la C\u00e1mara de Diputados, de los estados y del Gobierno Federal\u201d.<\/p>\n<p><strong>Deporte nacional por excelencia y patrimonio cultural. &#8211; <\/strong>Del PAN, el diputado Paulo Gonzalo Mart\u00ednez L\u00f3pez apunt\u00f3 que hoy en esta sesi\u00f3n solemne se rinde un homenaje a la charrer\u00eda, nuestro deporte nacional por excelencia, declarado por la Unesco en 2016 patrimonio cultural de la humanidad.<\/p>\n<p>\u201cNo solo es un deporte, es una manifestaci\u00f3n de nuestra historia, de nuestras ra\u00edces, de la vida en el campo y de los valores que han forjado nuestra identidad\u201d.<\/p>\n<p>Destac\u00f3 que este homenaje no solo es un reconocimiento simb\u00f3lico, es un compromiso para preservar y difundir nuestras tradiciones en las pr\u00f3ximas generaciones.<\/p>\n<p>Adem\u00e1s, aporta a nuestro pa\u00eds en la econom\u00eda, el turismo y desarrollo regional. Los campeonatos nacionales charros atraen visitantes, generan derrama econ\u00f3mica y fortalecen el orgullo entre las familias, los mexicanos y las comunidades.<\/p>\n<p><strong>La charrer\u00eda es identidad, cultura y orgullo nacional. &#8211; <\/strong>Para Mario Calzada Mercado, diputado del PRI, es importante reconocer al deporte nacional que m\u00e1s identidad da como mexicanos, aporta cultura y permite hacerle un homenaje al caballo. \u201cYo quisiera que ahora que viene un tema trascendente en el Congreso que es lo de la aprobaci\u00f3n del Presupuesto 2026, estaremos muy al pendiente de que se destinen recursos a las federaciones, tanto a la de charrer\u00eda como muchas otras que tambi\u00e9n involucran al caballo\u201d.<\/p>\n<p>Expres\u00f3 que el reconocimiento a la charrer\u00eda no solo debe darse en esta tribuna o en el papel sino a trav\u00e9s de los recursos econ\u00f3micos, as\u00ed como acciones concretas para todas las federaciones ecuestres y deportivas que brindan empleo a miles de mexicanas y mexicanos.<\/p>\n<p>\u201cNo hay mejor homenaje a quienes con su valent\u00eda, honor y amor por nuestras tradiciones mantienen viva la esencia de M\u00e9xico y nos recuerdan que la charrer\u00eda es m\u00e1s que un deporte, es identidad, es cultura y es orgullo nacional\u201d.<\/p>\n<figure id=\"attachment_16911\" aria-describedby=\"caption-attachment-16911\" style=\"width: 1350px\" class=\"wp-caption alignnone\"><img loading=\"lazy\" decoding=\"async\" class=\"blazy wp-image-16911 size-full\" src=\"https:\/\/noticiasal.com.mx\/wp-content\/themes\/news\/assets\/images\/picture_placeholder_list.jpg\" data-src=\"https:\/\/noticiasal.com.mx\/wp-content\/uploads\/2025\/09\/CONGRESO-2.jpg\" alt=\"\" width=\"1350\" height=\"619\" \/><figcaption id=\"caption-attachment-16911\" class=\"wp-caption-text\"><noscript><img loading=\"lazy\" decoding=\"async\" class=\"wp-image-16911 size-full\" src=\"https:\/\/noticiasal.com.mx\/wp-content\/uploads\/2025\/09\/CONGRESO-2.jpg\" alt=\"\" width=\"1350\" height=\"619\" srcset=\"https:\/\/noticiasal.com.mx\/wp-content\/uploads\/2025\/09\/CONGRESO-2.jpg 1350w, https:\/\/noticiasal.com.mx\/wp-content\/uploads\/2025\/09\/CONGRESO-2-300x138.jpg 300w, https:\/\/noticiasal.com.mx\/wp-content\/uploads\/2025\/09\/CONGRESO-2-1024x470.jpg 1024w, https:\/\/noticiasal.com.mx\/wp-content\/uploads\/2025\/09\/CONGRESO-2-768x352.jpg 768w\" sizes=\"(max-width: 1350px) 100vw, 1350px\" \/><\/noscript> Instante cumbre cuando en el Congreso de la Uni\u00f3n le fue entregado un reconocimiento a la Federaci\u00f3n Mexicana de Charrer\u00eda, en el marco del D\u00eda Nacional del Charro, y a trav\u00e9s de la Mesa Directiva.<\/figcaption><\/figure>\n<p><strong>Bienvenida a invitados. &#8211; <\/strong>La diputada L\u00f3pez Rabad\u00e1n dio cuenta de algunos personajes que acudieron a la sesi\u00f3n solemne. Entre ellos, la senadora Ruth Miriam Gonz\u00e1lez Silva, del grupo parlamentario del Partido Verde Ecologista; \u00c1lvaro Vergara, expresidente de la Federaci\u00f3n Mexicana de la Charrer\u00eda, y Salvador Barajas del Toro, presidente de la Federaci\u00f3n Mexicana de Charrer\u00eda.<\/p>\n<p>Asimismo, Sandra Edith S\u00e1nchez Campos, delegada de Escaramuzas en Morelos; M\u00f3nica Anzures S\u00e1nchez, capitana de las escaramuzas juvenil \u201cLuis Campos Herrera\u201d de Morelos, y Daniela Anzures S\u00e1nchez, representante de la charrer\u00eda juvenil de Morelos, entre otros charros m\u00e1s.<\/p>\n<p>Enseguida, puestos de pie, diputadas, diputados e invitados especiales entonaron del Himno Nacional Mexicano. Adem\u00e1s, se ley\u00f3 y aprob\u00f3 el acta de la sesi\u00f3n solemne y se procedi\u00f3 a su clausura. <strong><em>Fotos de Alberto Morales<\/em><\/strong><\/p>\n<p>&nbsp;<\/p>\n<p>&nbsp;<\/p>\n<p>&nbsp;<\/p>\n<p>&nbsp;<\/p>\n","protected":false},"excerpt":{"rendered":"<p>La C\u00e1mara de diputados celebr\u00f3, con sesi\u00f3n solemne, el D\u00eda del Charro Con sesi\u00f3n solemne, la C\u00e1mara de Diputado conmemor\u00f3 el D\u00eda Nacional del Charro, y a trav\u00e9s de la Mesa Directiva, presidida por la diputada Kenia L\u00f3pez Rabad\u00e1n (PAN) y de la Junta de Coordinaci\u00f3n Pol\u00edtica (Jucopo), encabezada por el diputado Ricardo Monreal \u00c1vila [&hellip;]<\/p>\n","protected":false},"author":3,"featured_media":16911,"comment_status":"open","ping_status":"closed","sticky":false,"template":"","format":"standard","meta":{"footnotes":""},"categories":[153],"tags":[802,804,803,805,807,806],"class_list":["post-16910","post","type-post","status-publish","format-standard","has-post-thumbnail","hentry","category-opinion","tag-congreso","tag-dia-del-charro-con-sesion-solemne","tag-diputados","tag-la-camara-de-diputado-conmemoro-el-dia-nacional-del-charro","tag-presid","tag-y-a-traves-de-la-mesa-directiva"],"_links":{"self":[{"href":"https:\/\/noticiasal.com.mx\/index.php\/wp-json\/wp\/v2\/posts\/16910"}],"collection":[{"href":"https:\/\/noticiasal.com.mx\/index.php\/wp-json\/wp\/v2\/posts"}],"about":[{"href":"https:\/\/noticiasal.com.mx\/index.php\/wp-json\/wp\/v2\/types\/post"}],"author":[{"embeddable":true,"href":"https:\/\/noticiasal.com.mx\/index.php\/wp-json\/wp\/v2\/users\/3"}],"replies":[{"embeddable":true,"href":"https:\/\/noticiasal.com.mx\/index.php\/wp-json\/wp\/v2\/comments?post=16910"}],"version-history":[{"count":3,"href":"https:\/\/noticiasal.com.mx\/index.php\/wp-json\/wp\/v2\/posts\/16910\/revisions"}],"predecessor-version":[{"id":16915,"href":"https:\/\/noticiasal.com.mx\/index.php\/wp-json\/wp\/v2\/posts\/16910\/revisions\/16915"}],"wp:featuredmedia":[{"embeddable":true,"href":"https:\/\/noticiasal.com.mx\/index.php\/wp-json\/wp\/v2\/media\/16911"}],"wp:attachment":[{"href":"https:\/\/noticiasal.com.mx\/index.php\/wp-json\/wp\/v2\/media?parent=16910"}],"wp:term":[{"taxonomy":"category","embeddable":true,"href":"https:\/\/noticiasal.com.mx\/index.php\/wp-json\/wp\/v2\/categories?post=16910"},{"taxonomy":"post_tag","embeddable":true,"href":"https:\/\/noticiasal.com.mx\/index.php\/wp-json\/wp\/v2\/tags?post=16910"}],"curies":[{"name":"wp","href":"https:\/\/api.w.org\/{rel}","templated":true}]}}