{"id":16916,"date":"2025-09-22T04:12:06","date_gmt":"2025-09-22T04:12:06","guid":{"rendered":"https:\/\/noticiasal.com.mx\/?p=16916"},"modified":"2025-09-22T04:12:06","modified_gmt":"2025-09-22T04:12:06","slug":"se-inauguro-el-xxxii-campeonato-nacional-charro-mayor-2025-en-zacatecas","status":"publish","type":"post","link":"https:\/\/noticiasal.com.mx\/index.php\/2025\/09\/22\/se-inauguro-el-xxxii-campeonato-nacional-charro-mayor-2025-en-zacatecas\/","title":{"rendered":"Se inaugur\u00f3 el XXXII Campeonato Nacional Charro Mayor 2025 en Zacatecas"},"content":{"rendered":"<ul>\n<li><strong>Abrieron las emociones de la gran fiesta de los charros y damas charras de alta experiencia <\/strong><strong>San Jos\u00e9 Iturbide se llev\u00f3 el primer duelo con 226 puntos, ante 155 de Hacienda El Relicario \u201cMobil\u201d y 151 de los Charros del Pac\u00edfico<\/strong><\/li>\n<\/ul>\n<p>La tarde de este domingo se celebr\u00f3 la ceremonia de inauguraci\u00f3n del XXXII Campeonato Nacional Charro Mayor Zacatecas 2025 \u201cDon \u00c1lvaro Perales Luna\u201d, en el Monumental Lienzo Charro \u201cAntonio Aguilar Barraza\u201d de la capital zacatecana, donde se dieron cita autoridades gubernamentales, directivos de la Federaci\u00f3n Mexicana de Charrer\u00eda y representantes de distintas uniones estatales.<\/p>\n<p>El acto fue encabezado por Le Roy Barrag\u00e1n Ocampo, secretario de Turismo del Gobierno del Estado de Zacatecas, acompa\u00f1ado por Rafael Mansur Oviedo, secretario General de la Federaci\u00f3n Mexicana de Charrer\u00eda, quienes destacaron la relevancia de que esta justa nacional tenga como sede a Zacatecas, tierra de profunda tradici\u00f3n charra, que adem\u00e1s recibir\u00e1 el pr\u00f3ximo a\u00f1o el Congreso y Campeonato Nacional Charro 2026.<\/p>\n<p>La ceremonia cont\u00f3 tambi\u00e9n con la presencia de SGM Natalia I, soberana nacional de la Federaci\u00f3n, y de SGM Ana Mar\u00eda I, reina nacional de la categor\u00eda de Charros Mayores, quienes engalanaron el evento con su representaci\u00f3n.<\/p>\n<p>De manera especial, particip\u00f3 el propio homenajeado, Don \u00c1lvaro Perales Luna, referente de la charrer\u00eda nacional, cuyo nombre distingue a esta edici\u00f3n del campeonato como reconocimiento a su trayectoria y aportaci\u00f3n al deporte mexicano por excelencia.<\/p>\n<p>Atestiguaron la ceremonia numerosas personalidades de la charrer\u00eda, entre ellos el coordinador Nacional de Charros Mayores, Gerardo Rico C\u00e1zares; el coordinador Nacional de Jueces, Jos\u00e9 de Jes\u00fas Ferm\u00edn Torres; y el coordinador Nacional de Locutores, Antonio Robles, adem\u00e1s de presidentes de uniones de asociaciones de charros procedentes de diversas entidades del pa\u00eds, quienes dieron realce al inicio de las actividades.<\/p>\n<p>Con este acto protocolario qued\u00f3 oficialmente inaugurado el Campeonato Nacional Charro Mayor 2025, certamen que durante los pr\u00f3ximos d\u00edas reunir\u00e1 en el ruedo a los m\u00e1ximos exponentes de la categor\u00eda, reafirmando a Zacatecas como un escenario de gran tradici\u00f3n e historia para la charrer\u00eda mexicana.<\/p>\n<p><img loading=\"lazy\" decoding=\"async\" class=\"blazy wp-image-16917  aligncenter\" src=\"https:\/\/noticiasal.com.mx\/wp-content\/themes\/news\/assets\/images\/picture_placeholder_list.jpg\" data-src=\"https:\/\/noticiasal.com.mx\/wp-content\/uploads\/2025\/09\/00-Corte-de-Reata-scaled.jpg\" alt=\"\" width=\"1019\" height=\"573\" \/><noscript><img loading=\"lazy\" decoding=\"async\" class=\"wp-image-16917  aligncenter\" src=\"https:\/\/noticiasal.com.mx\/wp-content\/uploads\/2025\/09\/00-Corte-de-Reata-scaled.jpg\" alt=\"\" width=\"1019\" height=\"573\" srcset=\"https:\/\/noticiasal.com.mx\/wp-content\/uploads\/2025\/09\/00-Corte-de-Reata-scaled.jpg 2560w, https:\/\/noticiasal.com.mx\/wp-content\/uploads\/2025\/09\/00-Corte-de-Reata-300x169.jpg 300w, https:\/\/noticiasal.com.mx\/wp-content\/uploads\/2025\/09\/00-Corte-de-Reata-1024x575.jpg 1024w, https:\/\/noticiasal.com.mx\/wp-content\/uploads\/2025\/09\/00-Corte-de-Reata-768x432.jpg 768w, https:\/\/noticiasal.com.mx\/wp-content\/uploads\/2025\/09\/00-Corte-de-Reata-1536x863.jpg 1536w, https:\/\/noticiasal.com.mx\/wp-content\/uploads\/2025\/09\/00-Corte-de-Reata-2048x1151.jpg 2048w\" sizes=\"(max-width: 1019px) 100vw, 1019px\" \/><\/noscript><\/p>\n<p>&nbsp;<\/p>\n<p><strong><em>Charreada de apertura<\/em><\/strong><\/p>\n<p>El Campeonato Nacional de Charros Mayores 2025 inici\u00f3 actividades deportivas al mediod\u00eda de este domingo con una charreada en la que los guanajuatenses de San Jos\u00e9 Iturbide se llevaron el duelo con 226 puntos, ante 155 buenos de Hacienda El Relicario \u00abMobil\u00bb de San Luis Potos\u00ed, y 151 unidades que lograron los Charros del Pac\u00edfico.<\/p>\n<p>Este es el primer duelo de los 17 que se encuentran programados para celebrarse a lo largo de esta semana en el Monumental de Zacatecas, incluyendo la participaci\u00f3n tanto de equipos como de escaramuzas de charras mayores, sin olvidar los dos duelos de charro completo (en cinco faenas).<\/p>\n<p>A m\u00e1s de estas charreadas, se tienen considerado celebrarse un Caladero, un Pialadero y un Coleadero Nacionales, as\u00ed como Asambleas y el afamado V Campeonato Nacional de Floreo de Sal\u00f3n.<\/p>\n<p><strong>San Jos\u00e9 Iturbide<\/strong>\u00a0de Guanajuato se llev\u00f3 el primer duelo con\u00a0<strong>226 puntos<\/strong>, siendo 34 de la cala de caballo de Jos\u00e9 Luis \u00c1lvarez Montes, sin piales, y en el coleo tuvieron 65 acumulados, teniendo 25 de Jos\u00e9 Francisco Mu\u00f1oz Guerrero, 22 de Jos\u00e9 Germ\u00e1n \u00c1lvarez Montes y 18 de Juan Jaime Mu\u00f1oz Ledo Oliveros.<\/p>\n<p>Nueve tantos gan\u00f3 Emilio Caballero M\u00e1rquez en su jineteo de toro, lazo cabecero de 29 de No\u00e9 Alcaraz Vidal y la terna la complet\u00f3 Rodolfo Moncada Jim\u00e9nez con su pial de 23 unidades.<\/p>\n<p>La monta de yegua de Emilio Caballero tambi\u00e9n mont\u00f3 a la yegua para totalizar 17 unidades, no hubo fortuna en las manganas a pie, una a caballo de 25 tantos por cuenta de Juan Jaime Mu\u00f1oz Ledo, y 24 m\u00e1s del paso de la muerte de Emilio Caballero.<\/p>\n<p>De los\u00a0<strong>155 puntos<\/strong>\u00a0de\u00a0<strong>Hacienda El Relicario \u00abMobil\u00bb<\/strong>\u00a0de San Luis Potos\u00ed, Roberto D\u00edaz de Le\u00f3n Martinez aport\u00f3 23 buenos de la cala de caballo, dos pialazos en el lienzo que acert\u00f3 Edgar Alfredo Baca Villado para cobrar 42, aunque en las colas fueron 17, de los que 14 correspondieron a Jos\u00e9 Creso Medina.<\/p>\n<p>Jineteada de toro de Jes\u00fas Narcisco Mendoza Guerrero aport\u00f3 16 unidades, si bien en la terna solamente se logr\u00f3 el lazo cabecero de 27 de Rafael Concepci\u00f3n Aguilar Segovia, qued\u00e1ndose incompleta la terna.<\/p>\n<p>Todav\u00eda Narciso Mendoza gan\u00f3 11 buenos en la monta de yegua, cinco negativos en manganas a pie, una a caballo de 24 de Rafael Aguilar, acabando sin paso de la muerte.<\/p>\n<p>Los\u00a0<strong>Charros del Pac\u00edfico<\/strong>, procedentes de Sinaloa, cerraron su presentaci\u00f3n en este Nacional Charro Mayor con\u00a0<strong>151 puntos<\/strong>, de los que 25 fueron obra de Jes\u00fas Quinto Jayme Esquerra Hern\u00e1ndez, un pial de 16 por cuenta de Luis Bernardo Osuna Ar\u00e1mburo, as\u00ed como 58 de colas, empatados Manuel Gaspar Rivera Valenzuela y Luis Bernardo Osuna con 21 cada uno, as\u00ed como 16 de Fernando Ortega D\u00e1vila.<\/p>\n<p>Sin fortuna en el jineteo de toro, pero la terna s\u00ed la completaron con lazos de Sebasti\u00e1n Mu\u00f1oz Venegas y Fernando Ortega D\u00e1vila, de 26 y 18 puntos, respectivamente, con tres minutos de tiempo ahorrado.<\/p>\n<p>A\u00fan el joven Jes\u00fas Toloza Garate jinete\u00f3 a la yegua para seis buenos, se fueron sin suerte en manganas, ya que en las de a caballo restaron 14 puntos, y el paso de la muerte s\u00ed lo ejecut\u00f3 Luis Bernardo Osuna para rescatar sus \u00faltimos 16 tantos.<\/p>\n<p><img loading=\"lazy\" decoding=\"async\" class=\"blazy wp-image-16919 size-full aligncenter\" src=\"https:\/\/noticiasal.com.mx\/wp-content\/themes\/news\/assets\/images\/picture_placeholder_list.jpg\" data-src=\"https:\/\/noticiasal.com.mx\/wp-content\/uploads\/2025\/09\/03-Escolta-Nacional.jpg\" alt=\"\" width=\"1200\" height=\"800\" \/><noscript><img loading=\"lazy\" decoding=\"async\" class=\"wp-image-16919 size-full aligncenter\" src=\"https:\/\/noticiasal.com.mx\/wp-content\/uploads\/2025\/09\/03-Escolta-Nacional.jpg\" alt=\"\" width=\"1200\" height=\"800\" srcset=\"https:\/\/noticiasal.com.mx\/wp-content\/uploads\/2025\/09\/03-Escolta-Nacional.jpg 1200w, https:\/\/noticiasal.com.mx\/wp-content\/uploads\/2025\/09\/03-Escolta-Nacional-300x200.jpg 300w, https:\/\/noticiasal.com.mx\/wp-content\/uploads\/2025\/09\/03-Escolta-Nacional-1024x683.jpg 1024w, https:\/\/noticiasal.com.mx\/wp-content\/uploads\/2025\/09\/03-Escolta-Nacional-768x512.jpg 768w\" sizes=\"(max-width: 1200px) 100vw, 1200px\" \/><\/noscript><\/p>\n<p>&nbsp;<\/p>\n","protected":false},"excerpt":{"rendered":"<p>Abrieron las emociones de la gran fiesta de los charros y damas charras de alta experiencia San Jos\u00e9 Iturbide se llev\u00f3 el primer duelo con 226 puntos, ante 155 de Hacienda El Relicario \u201cMobil\u201d y 151 de los Charros del Pac\u00edfico La tarde de este domingo se celebr\u00f3 la ceremonia de inauguraci\u00f3n del XXXII Campeonato [&hellip;]<\/p>\n","protected":false},"author":3,"featured_media":16918,"comment_status":"open","ping_status":"closed","sticky":false,"template":"","format":"standard","meta":{"footnotes":""},"categories":[157],"tags":[808,301,809],"class_list":["post-16916","post","type-post","status-publish","format-standard","has-post-thumbnail","hentry","category-charreria","tag-campeonato-nacional-charro-mayor-2025","tag-charreria","tag-zcatecas"],"_links":{"self":[{"href":"https:\/\/noticiasal.com.mx\/index.php\/wp-json\/wp\/v2\/posts\/16916"}],"collection":[{"href":"https:\/\/noticiasal.com.mx\/index.php\/wp-json\/wp\/v2\/posts"}],"about":[{"href":"https:\/\/noticiasal.com.mx\/index.php\/wp-json\/wp\/v2\/types\/post"}],"author":[{"embeddable":true,"href":"https:\/\/noticiasal.com.mx\/index.php\/wp-json\/wp\/v2\/users\/3"}],"replies":[{"embeddable":true,"href":"https:\/\/noticiasal.com.mx\/index.php\/wp-json\/wp\/v2\/comments?post=16916"}],"version-history":[{"count":1,"href":"https:\/\/noticiasal.com.mx\/index.php\/wp-json\/wp\/v2\/posts\/16916\/revisions"}],"predecessor-version":[{"id":16920,"href":"https:\/\/noticiasal.com.mx\/index.php\/wp-json\/wp\/v2\/posts\/16916\/revisions\/16920"}],"wp:featuredmedia":[{"embeddable":true,"href":"https:\/\/noticiasal.com.mx\/index.php\/wp-json\/wp\/v2\/media\/16918"}],"wp:attachment":[{"href":"https:\/\/noticiasal.com.mx\/index.php\/wp-json\/wp\/v2\/media?parent=16916"}],"wp:term":[{"taxonomy":"category","embeddable":true,"href":"https:\/\/noticiasal.com.mx\/index.php\/wp-json\/wp\/v2\/categories?post=16916"},{"taxonomy":"post_tag","embeddable":true,"href":"https:\/\/noticiasal.com.mx\/index.php\/wp-json\/wp\/v2\/tags?post=16916"}],"curies":[{"name":"wp","href":"https:\/\/api.w.org\/{rel}","templated":true}]}}