{"id":16921,"date":"2025-09-22T14:38:03","date_gmt":"2025-09-22T14:38:03","guid":{"rendered":"https:\/\/noticiasal.com.mx\/?p=16921"},"modified":"2025-09-22T14:38:03","modified_gmt":"2025-09-22T14:38:03","slug":"se-forma-la-tormenta-tropical-narda-frente-a-las-costas-del-pacifico-mexicano","status":"publish","type":"post","link":"https:\/\/noticiasal.com.mx\/index.php\/2025\/09\/22\/se-forma-la-tormenta-tropical-narda-frente-a-las-costas-del-pacifico-mexicano\/","title":{"rendered":"Se forma la tormenta tropical Narda frente a las costas del Pac\u00edfico mexicano"},"content":{"rendered":"<ul>\n<li class=\"paragraph inline-placeholder vossi-paragraph\" data-uri=\"es.cms.cnn.com\/_components\/paragraph\/instances\/cmfuc1jwx00bo25pa4c0edf9f@published\" data-editable=\"text\" data-component-name=\"paragraph\" data-article-gutter=\"true\" data-analytics-observe=\"off\">La tormenta tropical Narda se form\u00f3 en las \u00faltimas horas en el oc\u00e9ano Pac\u00edfico, frente a las costas de Guerrero y Michoac\u00e1n, en el sur de M\u00e9xico, inform\u00f3 este domingo el Servicio Meteorol\u00f3gico Nacional (SMN).<\/li>\n<\/ul>\n<p class=\"paragraph inline-placeholder vossi-paragraph\" data-uri=\"es.cms.cnn.com\/_components\/paragraph\/instances\/cmfuc2cb30005356nvx9ky8ip@published\" data-editable=\"text\" data-component-name=\"paragraph\" data-article-gutter=\"true\" data-analytics-observe=\"off\">En su m\u00e1s reciente reporte, a las 3 p.m. hora local (5 p.m. hora de Miami), el SMN indic\u00f3 que el centro de Narda se localiz\u00f3 a 390 kil\u00f3metros al sur-sureste de Zihuatanejo, Guerrero y a 440 km al sureste de L\u00e1zaro C\u00e1rdenas, Michoac\u00e1n.<\/p>\n<p class=\"paragraph inline-placeholder vossi-paragraph\" data-uri=\"es.cms.cnn.com\/_components\/paragraph\/instances\/cmfuc2cb30006356nf1bxs7vn@published\" data-editable=\"text\" data-component-name=\"paragraph\" data-article-gutter=\"true\" data-analytics-observe=\"off\">El meteoro, apunt\u00f3 el organismo, present\u00f3 vientos m\u00e1ximos sostenidos de 65 km\/h, rachas de 75 km\/h y se desplaza hacia el noroeste a 17 km\/h.<\/p>\n<p class=\"paragraph inline-placeholder vossi-paragraph\" data-uri=\"es.cms.cnn.com\/_components\/paragraph\/instances\/cmfuc2cb30007356n1g700mh5@published\" data-editable=\"text\" data-component-name=\"paragraph\" data-article-gutter=\"true\" data-analytics-observe=\"off\">l SMN precis\u00f3 que las bandas nubosas del cicl\u00f3n ocasionan lluvias intensas (de 75 a 150 mil\u00edmetros [mm]) en el este y costa de Oaxaca y en el sur de Guerrero, y muy fuertes (de 50 a 75 mm) en Michoac\u00e1n, as\u00ed como viento de 20 a 30 km\/h con rachas de 40 a 60 km\/h y oleaje de 2 a 3 metros de altura en costas de Oaxaca y Guerrero.<\/p>\n<p class=\"paragraph inline-placeholder vossi-paragraph\" data-uri=\"es.cms.cnn.com\/_components\/paragraph\/instances\/cmfuc9gpf000k356n0mxql1qi@published\" data-editable=\"text\" data-component-name=\"paragraph\" data-article-gutter=\"true\" data-analytics-observe=\"off\">Por su parte, el Centro Nacional de Huracanes de EE.UU. (NHC, por sus siglas en ingl\u00e9s)\u00a0<a href=\"https:\/\/www.nhc.noaa.gov\/text\/refresh\/MIATCPEP4+shtml\/212035.shtml\" target=\"_blank\" rel=\"noopener\">inform\u00f3\u00a0<\/a>que aunque no hay alertas costeras vigentes, se espera que Narda se intensifique en las pr\u00f3ximas 48 horas y podr\u00eda convertirse en hurac\u00e1n el martes, manteni\u00e9ndose mar adentro sin afectar directamente a tierra firme, por el momento.<\/p>\n<p class=\"paragraph inline-placeholder vossi-paragraph\" data-uri=\"es.cms.cnn.com\/_components\/paragraph\/instances\/cmfuc2cb30008356n9szo1xny@published\" data-editable=\"text\" data-component-name=\"paragraph\" data-article-gutter=\"true\" data-analytics-observe=\"off\">El SMN destac\u00f3 que las precipitaciones podr\u00edan generar deslaves, incremento de r\u00edos y arroyos, as\u00ed como desbordamientos e inundaciones en zonas bajas, y que los vientos previstos podr\u00edan derribar \u00e1rboles y anuncios publicitarios.<\/p>\n<p class=\"paragraph inline-placeholder vossi-paragraph\" data-uri=\"es.cms.cnn.com\/_components\/paragraph\/instances\/cmfuc2cb30009356n6ahe1exo@published\" data-editable=\"text\" data-component-name=\"paragraph\" data-article-gutter=\"true\" data-analytics-observe=\"off\">Ante la situaci\u00f3n, las autoridades exhortan a la poblaci\u00f3n a extremar precauciones por el viento y el oleaje elevado y atender las recomendaciones emitidas por el Sistema Nacional de Protecci\u00f3n Civil.<\/p>\n<p class=\"paragraph inline-placeholder vossi-paragraph\" data-uri=\"es.cms.cnn.com\/_components\/paragraph\/instances\/cmfuc2cb3000a356nmpmabnln@published\" data-editable=\"text\" data-component-name=\"paragraph\" data-article-gutter=\"true\" data-analytics-observe=\"off\">M\u00e9xico prev\u00e9 hasta 20 ciclones con nombre en el Pac\u00edfico mexicano, de los cuales entre cuatro y seis podr\u00edan ser de categor\u00eda 3, 4 e incluso 5.<\/p>\n<p class=\"paragraph inline-placeholder vossi-paragraph\" data-uri=\"es.cms.cnn.com\/_components\/paragraph\/instances\/cmfuc2cb3000b356n4afmlc9f@published\" data-editable=\"text\" data-component-name=\"paragraph\" data-article-gutter=\"true\" data-analytics-observe=\"off\">Hasta ahora se han formado 11 tormentas en el Pac\u00edfico mexicano: Alvin, B\u00e1rbara, Cosme, Dalila, Erick, Flossie, Gil, Henriette, Ivo, Juliette, Lorena y Kiko.<\/p>\n<p class=\"paragraph inline-placeholder vossi-paragraph\" data-uri=\"es.cms.cnn.com\/_components\/paragraph\/instances\/cmfuc2cb3000c356nhp45vv6h@published\" data-editable=\"text\" data-component-name=\"paragraph\" data-article-gutter=\"true\" data-analytics-observe=\"off\">El \u00faltimo hurac\u00e1n registrado en el pa\u00eds fue Erick, el cual toc\u00f3 tierra en el sur de M\u00e9xico el pasado 19 de junio como hurac\u00e1n categor\u00eda 3 y caus\u00f3 da\u00f1os principalmente en Oaxaca y Guerrero, causando la muerte de un menor y diversas afectaciones en la infraestructura el\u00e9ctrica, viviendas y ca\u00eddas de \u00e1rboles.<\/p>\n<p data-uri=\"es.cms.cnn.com\/_components\/paragraph\/instances\/cmfuc2cb3000c356nhp45vv6h@published\" data-editable=\"text\" data-component-name=\"paragraph\" data-article-gutter=\"true\" data-analytics-observe=\"off\"><a href=\"https:\/\/cnnespanol.cnn.com\/2025\/09\/21\/clima-y-tiempo\/tormenta-tropical-narda-pacifico-mexico-efe\" target=\"_blank\" rel=\"noopener\">CNN<\/a><\/p>\n","protected":false},"excerpt":{"rendered":"<p>La tormenta tropical Narda se form\u00f3 en las \u00faltimas horas en el oc\u00e9ano Pac\u00edfico, frente a las costas de Guerrero y Michoac\u00e1n, en el sur de M\u00e9xico, inform\u00f3 este domingo el Servicio Meteorol\u00f3gico Nacional (SMN). En su m\u00e1s reciente reporte, a las 3 p.m. hora local (5 p.m. hora de Miami), el SMN indic\u00f3 que [&hellip;]<\/p>\n","protected":false},"author":9,"featured_media":16922,"comment_status":"open","ping_status":"closed","sticky":false,"template":"","format":"standard","meta":{"footnotes":""},"categories":[148],"tags":[367,185,810,463],"class_list":["post-16921","post","type-post","status-publish","format-standard","has-post-thumbnail","hentry","category-mexico","tag-conagua","tag-mexico","tag-narda","tag-tormenta-tropical"],"_links":{"self":[{"href":"https:\/\/noticiasal.com.mx\/index.php\/wp-json\/wp\/v2\/posts\/16921"}],"collection":[{"href":"https:\/\/noticiasal.com.mx\/index.php\/wp-json\/wp\/v2\/posts"}],"about":[{"href":"https:\/\/noticiasal.com.mx\/index.php\/wp-json\/wp\/v2\/types\/post"}],"author":[{"embeddable":true,"href":"https:\/\/noticiasal.com.mx\/index.php\/wp-json\/wp\/v2\/users\/9"}],"replies":[{"embeddable":true,"href":"https:\/\/noticiasal.com.mx\/index.php\/wp-json\/wp\/v2\/comments?post=16921"}],"version-history":[{"count":1,"href":"https:\/\/noticiasal.com.mx\/index.php\/wp-json\/wp\/v2\/posts\/16921\/revisions"}],"predecessor-version":[{"id":16923,"href":"https:\/\/noticiasal.com.mx\/index.php\/wp-json\/wp\/v2\/posts\/16921\/revisions\/16923"}],"wp:featuredmedia":[{"embeddable":true,"href":"https:\/\/noticiasal.com.mx\/index.php\/wp-json\/wp\/v2\/media\/16922"}],"wp:attachment":[{"href":"https:\/\/noticiasal.com.mx\/index.php\/wp-json\/wp\/v2\/media?parent=16921"}],"wp:term":[{"taxonomy":"category","embeddable":true,"href":"https:\/\/noticiasal.com.mx\/index.php\/wp-json\/wp\/v2\/categories?post=16921"},{"taxonomy":"post_tag","embeddable":true,"href":"https:\/\/noticiasal.com.mx\/index.php\/wp-json\/wp\/v2\/tags?post=16921"}],"curies":[{"name":"wp","href":"https:\/\/api.w.org\/{rel}","templated":true}]}}