{"id":16924,"date":"2025-09-22T14:53:04","date_gmt":"2025-09-22T14:53:04","guid":{"rendered":"https:\/\/noticiasal.com.mx\/?p=16924"},"modified":"2025-09-22T14:53:04","modified_gmt":"2025-09-22T14:53:04","slug":"ajustan-a-29-la-cifra-de-muertos-por-la-explosion-de-un-camion-de-gas-en-cdmx","status":"publish","type":"post","link":"https:\/\/noticiasal.com.mx\/index.php\/2025\/09\/22\/ajustan-a-29-la-cifra-de-muertos-por-la-explosion-de-un-camion-de-gas-en-cdmx\/","title":{"rendered":"Ajustan a 29 la cifra de muertos por la explosi\u00f3n de un cami\u00f3n de gas en CDMX"},"content":{"rendered":"<p class=\"mb-4 text-lg md:leading-8 break-words\">Ciudad de M\u00e9xico, 22 sep (EFE).- La Secretar\u00eda de Salud de la Ciudad de M\u00e9xico ajust\u00f3 a veintinueve la cifra de personas fallecidas por la explosi\u00f3n de un cami\u00f3n de gas el pasado 10 de septiembre en el este de la capital mexicana.<\/p>\n<p class=\"mb-4 text-lg md:leading-8 break-words\">Seg\u00fan la m\u00e1s reciente actualizaci\u00f3n del Gobierno capitalino, con corte a las 22:00 hora local (06:00 GMT del lunes), suman veintinueve muertos, diecis\u00e9is hospitalizados y 39 lesionados que ya han sido dados de alta de los hospitales, tras el siniestro ocurrido el mi\u00e9rcoles 10 de septiembre en la alcald\u00eda Iztapalapa.<\/p>\n<p class=\"mb-4 text-lg md:leading-8 break-words\">De acuerdo con el listado, el m\u00e1s reciente fallecido fue Al\u00ed Yael Gonz\u00e1lez Aranda, un joven de 18 a\u00f1os que estaba internado en el Instituto Nacional de Rehabilitaci\u00f3n (INR).<\/p>\n<p class=\"mb-4 text-lg md:leading-8 break-words\">En la v\u00edspera, el director general del Instituto de Seguridad y Servicios Sociales de los Trabajadores del Estado (ISSSTE), Mart\u00ed Batres, hab\u00eda informado sobre la muerte de una persona de 36 a\u00f1os, que estaba ingresada en el Hospital Regional de Zaragoza.<\/p>\n<p class=\"mb-4 text-lg md:leading-8 break-words\">El hombre fue identificado por la Secretar\u00eda de Salud como Adolfo Franco Madrigal.<\/p>\n<p><img loading=\"lazy\" decoding=\"async\" class=\"blazy aligncenter wp-image-16925 \" src=\"https:\/\/noticiasal.com.mx\/wp-content\/themes\/news\/assets\/images\/picture_placeholder_list.jpg\" data-src=\"https:\/\/noticiasal.com.mx\/wp-content\/uploads\/2025\/09\/pipa-explosion-iztapalapa-cuartoscuro-22092025.jpg\" alt=\"\" width=\"1042\" height=\"651\" \/><noscript><img loading=\"lazy\" decoding=\"async\" class=\"aligncenter wp-image-16925 \" src=\"https:\/\/noticiasal.com.mx\/wp-content\/uploads\/2025\/09\/pipa-explosion-iztapalapa-cuartoscuro-22092025.jpg\" alt=\"\" width=\"1042\" height=\"651\" srcset=\"https:\/\/noticiasal.com.mx\/wp-content\/uploads\/2025\/09\/pipa-explosion-iztapalapa-cuartoscuro-22092025.jpg 1200w, https:\/\/noticiasal.com.mx\/wp-content\/uploads\/2025\/09\/pipa-explosion-iztapalapa-cuartoscuro-22092025-300x188.jpg 300w, https:\/\/noticiasal.com.mx\/wp-content\/uploads\/2025\/09\/pipa-explosion-iztapalapa-cuartoscuro-22092025-1024x640.jpg 1024w, https:\/\/noticiasal.com.mx\/wp-content\/uploads\/2025\/09\/pipa-explosion-iztapalapa-cuartoscuro-22092025-768x480.jpg 768w\" sizes=\"(max-width: 1042px) 100vw, 1042px\" \/><\/noscript><\/p>\n<p class=\"mb-4 text-lg md:leading-8 break-words\">La explosi\u00f3n ocurri\u00f3 cuando un cami\u00f3n cisterna, con capacidad de 49.500 litros, volc\u00f3 y explot\u00f3 en la Calzada Ignacio Zaragoza, a la altura del Puente de la Concordia, en Iztapalapa.<\/p>\n<p class=\"mb-4 text-lg md:leading-8 break-words\">Entre los heridos, se encuentra una ni\u00f1a de dos a\u00f1os que sobrevivi\u00f3 tras ser protegida por su abuela, Alicia Mat\u00edas Teodoro, quien falleci\u00f3 el s\u00e1bado por quemaduras en m\u00e1s del 90 % del cuerpo.<\/p>\n<p class=\"mb-4 text-lg md:leading-8 break-words\">La menor en menci\u00f3n, Jazlyn Azulet, fue trasladada al Shriners Hospitals for Children, en Galveston (Texas, EE.UU), de la fundaci\u00f3n mexicana Michou y Mau. La ni\u00f1a sufri\u00f3 quemaduras en el 25 % de su superficie corporal y seg\u00fan la asociaci\u00f3n \u00abya fue extubada y contin\u00faa siendo reportada como cr\u00edtica-estable\u00bb.<\/p>\n<p class=\"mb-4 text-lg md:leading-8 break-words\">La semana pasada, tambi\u00e9n se report\u00f3 el fallecimiento del chofer del cami\u00f3n de gas, a quien las autoridades de la Ciudad de M\u00e9xico acusan de haber provocado el accidente por conducir a \u00abexceso de velocidad\u00bb.<\/p>\n<p class=\"mb-4 text-lg md:leading-8 break-words\">No obstante, en videos de c\u00e1maras de vigilancia en la zona difundidos en medios mexicanos se observa al veh\u00edculo circular a una velocidad moderada, previo a la explosi\u00f3n.<\/p>\n<p>&nbsp;<\/p>\n","protected":false},"excerpt":{"rendered":"<p>Ciudad de M\u00e9xico, 22 sep (EFE).- La Secretar\u00eda de Salud de la Ciudad de M\u00e9xico ajust\u00f3 a veintinueve la cifra de personas fallecidas por la explosi\u00f3n de un cami\u00f3n de gas el pasado 10 de septiembre en el este de la capital mexicana. Seg\u00fan la m\u00e1s reciente actualizaci\u00f3n del Gobierno capitalino, con corte a las [&hellip;]<\/p>\n","protected":false},"author":9,"featured_media":16926,"comment_status":"open","ping_status":"closed","sticky":false,"template":"","format":"standard","meta":{"footnotes":""},"categories":[148],"tags":[813,812,811],"class_list":["post-16924","post","type-post","status-publish","format-standard","has-post-thumbnail","hentry","category-mexico","tag-cmdx","tag-explosion-pipa","tag-victimas"],"_links":{"self":[{"href":"https:\/\/noticiasal.com.mx\/index.php\/wp-json\/wp\/v2\/posts\/16924"}],"collection":[{"href":"https:\/\/noticiasal.com.mx\/index.php\/wp-json\/wp\/v2\/posts"}],"about":[{"href":"https:\/\/noticiasal.com.mx\/index.php\/wp-json\/wp\/v2\/types\/post"}],"author":[{"embeddable":true,"href":"https:\/\/noticiasal.com.mx\/index.php\/wp-json\/wp\/v2\/users\/9"}],"replies":[{"embeddable":true,"href":"https:\/\/noticiasal.com.mx\/index.php\/wp-json\/wp\/v2\/comments?post=16924"}],"version-history":[{"count":1,"href":"https:\/\/noticiasal.com.mx\/index.php\/wp-json\/wp\/v2\/posts\/16924\/revisions"}],"predecessor-version":[{"id":16928,"href":"https:\/\/noticiasal.com.mx\/index.php\/wp-json\/wp\/v2\/posts\/16924\/revisions\/16928"}],"wp:featuredmedia":[{"embeddable":true,"href":"https:\/\/noticiasal.com.mx\/index.php\/wp-json\/wp\/v2\/media\/16926"}],"wp:attachment":[{"href":"https:\/\/noticiasal.com.mx\/index.php\/wp-json\/wp\/v2\/media?parent=16924"}],"wp:term":[{"taxonomy":"category","embeddable":true,"href":"https:\/\/noticiasal.com.mx\/index.php\/wp-json\/wp\/v2\/categories?post=16924"},{"taxonomy":"post_tag","embeddable":true,"href":"https:\/\/noticiasal.com.mx\/index.php\/wp-json\/wp\/v2\/tags?post=16924"}],"curies":[{"name":"wp","href":"https:\/\/api.w.org\/{rel}","templated":true}]}}