{"id":16932,"date":"2025-09-22T15:14:40","date_gmt":"2025-09-22T15:14:40","guid":{"rendered":"https:\/\/noticiasal.com.mx\/?p=16932"},"modified":"2025-09-22T15:14:40","modified_gmt":"2025-09-22T15:14:40","slug":"persisten-rezagos-en-el-acceso-a-los-derechos-sociales-en-mexico","status":"publish","type":"post","link":"https:\/\/noticiasal.com.mx\/index.php\/2025\/09\/22\/persisten-rezagos-en-el-acceso-a-los-derechos-sociales-en-mexico\/","title":{"rendered":"Persisten rezagos en el acceso a los derechos sociales en M\u00e9xico"},"content":{"rendered":"<ul>\n<li class=\"post-subtitle\">En 2024 se registr\u00f3 una disminuci\u00f3n de la pobreza extrema a 7 millones de personas, en contraste de los 9.1 millones de la medici\u00f3n previa: Vanessa Maldonado, del INEGI<\/li>\n<li>A pesar de que hay indicadores que van en la direcci\u00f3n deseada, la medici\u00f3n de la pobreza en el pa\u00eds durante 2024 no arroja grandes novedades. \u201cHablamos de constructos que est\u00e1n todav\u00eda lejos del pleno ejercicio de los derechos sociales que tenemos las y los mexicanos\u201d, afirm\u00f3 Claudia Vanessa Maldonado Trujillo, coordinadora general de Medici\u00f3n de Pobreza y Evaluaci\u00f3n Integral de la Pol\u00edtica de Desarrollo Social del Instituto Nacional de Estad\u00edstica y Geograf\u00eda (INEGI).\n<p>En el Seminario Universitario de la Cuesti\u00f3n Social, refiri\u00f3 que en el pa\u00eds tenemos a 7 millones de personas en situaci\u00f3n de pobreza extrema. \u201cSi analizamos la distribuci\u00f3n territorial de las desigualdades, las brechas hist\u00f3ricas de g\u00e9nero y la separaci\u00f3n entre los \u00e1mbitos rural y urbano, vemos la reiteraci\u00f3n de las desigualdades y de las grandes brechas que caracterizan a la naci\u00f3n, a\u00fan en una medici\u00f3n que reporta reducciones en todas las carencias, incluyendo la pobreza moderada y la extrema\u201d.<\/p>\n<p>Al hablar de \u201cMedici\u00f3n de pobreza 2024\u201d, explic\u00f3 que la llamada multidimensional tiene dos criterios: poblaci\u00f3n con un ingreso insuficiente para cubrir la canasta alimentaria y con tres o m\u00e1s carencias sociales.<\/p>\n<p>Ante el coordinador del Programa Universitario de Estudios del Desarrollo (PUED), Enrique Provencio Durazo, y los coordinadores del Seminario Universitario de la Cuesti\u00f3n Social y del Seminario de Altos Estudios del Desarrollo, Rolando Cordera Campos y Mario Luis Fuentes Alcal\u00e1, respectivamente, a\u00f1adi\u00f3 que seguimos con problemas estructurales asociados a la vulneraci\u00f3n del derecho de seguridad social y a la salud.<\/p>\n<p>Maldonado Trujillo recalc\u00f3 que en 2024 se registr\u00f3 una disminuci\u00f3n de la pobreza extrema a 7 millones de personas, en contraste de los 9.1 millones de la medici\u00f3n previa; se trata de quienes si se gastaran el cien por ciento de su ingreso per c\u00e1pita mensual en alimentos esenciales, no les alcanzar\u00eda. Adem\u00e1s, tienen imposibilidad pr\u00e1ctica de ejercer derechos sociales.<\/p>\n<p>Los porcentajes m\u00e1s altos de poblaci\u00f3n en situaci\u00f3n de pobreza extrema, mencion\u00f3, persisten en las entidades del centro y sur del pa\u00eds; destacan Chiapas, Guerrero y Oaxaca, con 27.1, 21.3 y 16.3 %, respectivamente, de su poblaci\u00f3n en esa condici\u00f3n, que junto con Veracruz y el Estado de M\u00e9xico concentran al 60 % de esa poblaci\u00f3n.<\/p>\n<p>La especialista explic\u00f3 que las tres carencias con mayor incidencia en ese sector de la poblaci\u00f3n fueron por acceso a la seguridad social (el 96.4 %), a los servicios de salud (el 74.8) y a los servicios b\u00e1sicos en la vivienda (el 67.5).<\/p>\n<p>Maldonado Trujillo dijo que las remuneraciones por trabajo subordinado son la principal fuente de ingreso de la poblaci\u00f3n en situaci\u00f3n de pobreza extrema; le siguen las transferencias monetarias, de las cuales el 59.2 % proviene de programas sociales.<\/p>\n<p>Agreg\u00f3 que del total de la poblaci\u00f3n en pobreza extrema, el 55.8 % tiene de cero a 29 a\u00f1os, equivalente a 3.9 millones de personas, y el 44.2 % tiene 30 a\u00f1os o m\u00e1s, es decir, 3.1 millones de personas, dijo en el Auditorio Mtro. Jes\u00fas Silva Herzog del Posgrado de la Facultad de Econom\u00eda.<\/p>\n<p>Ante tal panorama, Claudia Vanessa Maldonado consider\u00f3 que es esencial garantizar el acceso de la poblaci\u00f3n en situaci\u00f3n de pobreza extrema a los programas sociales y acciones adicionales para la inclusi\u00f3n laboral.<\/p>\n<p>Como algunos grupos de poblaci\u00f3n (mujeres y comunidad ind\u00edgena) presentan mayores porcentajes de pobreza extrema, sobre todo en el \u00e1mbito rural, resulta fundamental el dise\u00f1o e implementaci\u00f3n de pol\u00edticas p\u00fablicas con enfoque interseccional y que involucren a esos grupos, sugiri\u00f3.<\/p>\n<p>Al comentar la presentaci\u00f3n, Iliana Yaschine Arroyo, investigadora del PUED, resalt\u00f3 que la medici\u00f3n de la pobreza 2024 muestra que, a pesar de la reducci\u00f3n de ese fen\u00f3meno, sus niveles siguen siendo \u201cescandalosamente altos\u201d para el pa\u00eds que somos, y en el caso de la pobreza extrema, \u201cmucho m\u00e1s preocupantes\u201d.<\/p>\n<p>Persisten las desigualdades entre regiones, entidades federativas, condici\u00f3n \u00e9tnica, por edad o g\u00e9nero. Lo que s\u00ed observamos es que la ca\u00edda de la pobreza se relaciona con el incremento del ingreso y del salario m\u00ednimo. Ahora hay que preguntarse qu\u00e9 tanto m\u00e1s ese factor puede seguir siendo motor de cambio y si con el \u201cuniversalismo\u201d de los programas sociales se ha dejado de lado la necesidad de la focalizaci\u00f3n como instrumento de redistribuci\u00f3n.<\/p>\n<p>Hay que garantizar el ejercicio pleno de derechos para todos, y las pol\u00edticas de reducci\u00f3n de la pobreza no pueden seguirse centrando exclusivamente en el aumento del salario m\u00ednimo o las transferencias monetarias hacia los hogares. Se necesita una mirada m\u00e1s amplia para extender el ejercicio de derechos y reducir la pobreza de forma m\u00e1s sostenida, concluy\u00f3.<\/li>\n<\/ul>\n<p>Gaceta <a href=\"https:\/\/www.gaceta.unam.mx\/mexicanos-aun-lejos-del-pleno-ejercicio-de-los-derechos-sociales\/\" target=\"_blank\" rel=\"noopener\">UNAM<\/a><\/p>\n","protected":false},"excerpt":{"rendered":"<p>En 2024 se registr\u00f3 una disminuci\u00f3n de la pobreza extrema a 7 millones de personas, en contraste de los 9.1 millones de la medici\u00f3n previa: Vanessa Maldonado, del INEGI A pesar de que hay indicadores que van en la direcci\u00f3n deseada, la medici\u00f3n de la pobreza en el pa\u00eds durante 2024 no arroja grandes novedades. [&hellip;]<\/p>\n","protected":false},"author":9,"featured_media":16933,"comment_status":"open","ping_status":"closed","sticky":false,"template":"","format":"standard","meta":{"footnotes":""},"categories":[148],"tags":[185,532,816,426],"class_list":["post-16932","post","type-post","status-publish","format-standard","has-post-thumbnail","hentry","category-mexico","tag-mexico","tag-pobreza","tag-programas-sociales","tag-unam"],"_links":{"self":[{"href":"https:\/\/noticiasal.com.mx\/index.php\/wp-json\/wp\/v2\/posts\/16932"}],"collection":[{"href":"https:\/\/noticiasal.com.mx\/index.php\/wp-json\/wp\/v2\/posts"}],"about":[{"href":"https:\/\/noticiasal.com.mx\/index.php\/wp-json\/wp\/v2\/types\/post"}],"author":[{"embeddable":true,"href":"https:\/\/noticiasal.com.mx\/index.php\/wp-json\/wp\/v2\/users\/9"}],"replies":[{"embeddable":true,"href":"https:\/\/noticiasal.com.mx\/index.php\/wp-json\/wp\/v2\/comments?post=16932"}],"version-history":[{"count":1,"href":"https:\/\/noticiasal.com.mx\/index.php\/wp-json\/wp\/v2\/posts\/16932\/revisions"}],"predecessor-version":[{"id":16934,"href":"https:\/\/noticiasal.com.mx\/index.php\/wp-json\/wp\/v2\/posts\/16932\/revisions\/16934"}],"wp:featuredmedia":[{"embeddable":true,"href":"https:\/\/noticiasal.com.mx\/index.php\/wp-json\/wp\/v2\/media\/16933"}],"wp:attachment":[{"href":"https:\/\/noticiasal.com.mx\/index.php\/wp-json\/wp\/v2\/media?parent=16932"}],"wp:term":[{"taxonomy":"category","embeddable":true,"href":"https:\/\/noticiasal.com.mx\/index.php\/wp-json\/wp\/v2\/categories?post=16932"},{"taxonomy":"post_tag","embeddable":true,"href":"https:\/\/noticiasal.com.mx\/index.php\/wp-json\/wp\/v2\/tags?post=16932"}],"curies":[{"name":"wp","href":"https:\/\/api.w.org\/{rel}","templated":true}]}}