{"id":16941,"date":"2025-09-22T15:31:05","date_gmt":"2025-09-22T15:31:05","guid":{"rendered":"https:\/\/noticiasal.com.mx\/?p=16941"},"modified":"2025-09-22T15:31:05","modified_gmt":"2025-09-22T15:31:05","slug":"caen-narcorrecultadores-en-camionera-de-jalisco","status":"publish","type":"post","link":"https:\/\/noticiasal.com.mx\/index.php\/2025\/09\/22\/caen-narcorrecultadores-en-camionera-de-jalisco\/","title":{"rendered":"Caen narcorrecultadores en camionera de Jalisco"},"content":{"rendered":"<ul>\n<li class=\"teaser\">Elementos de la Polic\u00eda Estatal Preventiva, del grupo Jaguares lograron las pesquisas, en las que rescataron a un menor de edad<\/li>\n<li><strong>Dos presuntos reclutadores criminales fueron detenidos<\/strong>\u00a0ayer\u00a0<strong>en\u00a0<a href=\"https:\/\/www.excelsior.com.mx\/jalisco\" target=\"_blank\" rel=\"noopener\">Jalisco<\/a>\u00a0cuando intentaban<\/strong>\u00a0<strong>comprar boletos<\/strong>\u00a0de viaje\u00a0<strong>para ellos y una v\u00edctima<\/strong>, informaron autoridades estatales.<\/li>\n<\/ul>\n<p><strong>Seg\u00fan informes<\/strong>, fueron\u00a0<strong>elementos de la Polic\u00eda Estatal Preventiva<\/strong>, del\u00a0<strong>grupo Jaguares<\/strong>\u00a0y de la Comisar\u00eda de Inteligencia de la\u00a0<strong>Secretar\u00eda de Seguridad<\/strong>\u00a0los que\u00a0<strong>lograron las pesquisas<\/strong>, en las que\u00a0<strong>rescataron a un menor de edad<\/strong>\u00a0que hab\u00eda sido enga\u00f1ado con una falsa oferta de trabajo.<\/p>\n<p>Los\u00a0<strong>oficiales aseguraron que fueron alertados<\/strong>\u00a0por el\u00a0<strong>personal de taquilla de una l\u00ednea de autobuses for\u00e1neos<\/strong>\u00a0del M\u00f3dulo 2, quienes reportaron a tres j\u00f3venes con actitud inusual que pretend\u00edan adquirir boletos para viajar sin presentar documentos que acreditaran su identidad.<\/p>\n<p><img loading=\"lazy\" decoding=\"async\" class=\"blazy aligncenter wp-image-16943 size-full\" src=\"https:\/\/noticiasal.com.mx\/wp-content\/themes\/news\/assets\/images\/picture_placeholder_list.jpg\" data-src=\"https:\/\/noticiasal.com.mx\/wp-content\/uploads\/2025\/09\/menor-de-edad-rescatado-de-reclutadores-criminales-de-jalisco.webp\" alt=\"\" width=\"660\" height=\"495\" \/><noscript><img loading=\"lazy\" decoding=\"async\" class=\"aligncenter wp-image-16943 size-full\" src=\"https:\/\/noticiasal.com.mx\/wp-content\/uploads\/2025\/09\/menor-de-edad-rescatado-de-reclutadores-criminales-de-jalisco.webp\" alt=\"\" width=\"660\" height=\"495\" srcset=\"https:\/\/noticiasal.com.mx\/wp-content\/uploads\/2025\/09\/menor-de-edad-rescatado-de-reclutadores-criminales-de-jalisco.webp 660w, https:\/\/noticiasal.com.mx\/wp-content\/uploads\/2025\/09\/menor-de-edad-rescatado-de-reclutadores-criminales-de-jalisco-300x225.webp 300w, https:\/\/noticiasal.com.mx\/wp-content\/uploads\/2025\/09\/menor-de-edad-rescatado-de-reclutadores-criminales-de-jalisco-360x270.webp 360w\" sizes=\"(max-width: 660px) 100vw, 660px\" \/><\/noscript><\/p>\n<p>El\u00a0<strong>menor dijo que fue contactado por redes<\/strong>, donde\u00a0<strong>le ofrecieron pagarle 30 mil pesos mensuales<\/strong>\u00a0para\u00a0<strong>realizar<\/strong>\u00a0<strong>trabajos de alba\u00f1iler\u00eda<\/strong>, por lo que\u00a0<strong>lo trasladar\u00edan a Aguascalientes<\/strong> desde la central camionera, donde lo citaron.<\/p>\n<p><strong>Recientemente<\/strong>,\u00a0<strong>diputados del PVEM, PAN y PRI<\/strong>\u00a0<strong>lanzaron<\/strong>\u00a0un\u00a0<strong>SOS<\/strong>\u00a0para que el\u00a0<strong>Congreso act\u00fae contra el reclutamiento<\/strong>\u00a0<strong>forzado<\/strong>.<\/p>\n<p><strong>Se trata de seis iniciativas de reforma<\/strong>\u00a0a diversos art\u00edculos de leyes diversas y del C\u00f3digo Penal Federal, presentadas a partir del hallazgo del centro de reclutamiento en un rancho de Teuchitl\u00e1n.<\/p>\n<p><a href=\"https:\/\/www.excelsior.com.mx\/nacional\/caen-narcorrecultadores-camionera-jalisco\/1740838\" target=\"_blank\" rel=\"noopener\">Exc\u00e9lsior\u00a0<\/a><\/p>\n","protected":false},"excerpt":{"rendered":"<p>Elementos de la Polic\u00eda Estatal Preventiva, del grupo Jaguares lograron las pesquisas, en las que rescataron a un menor de edad Dos presuntos reclutadores criminales fueron detenidos\u00a0ayer\u00a0en\u00a0Jalisco\u00a0cuando intentaban\u00a0comprar boletos\u00a0de viaje\u00a0para ellos y una v\u00edctima, informaron autoridades estatales. Seg\u00fan informes, fueron\u00a0elementos de la Polic\u00eda Estatal Preventiva, del\u00a0grupo Jaguares\u00a0y de la Comisar\u00eda de Inteligencia de la\u00a0Secretar\u00eda de [&hellip;]<\/p>\n","protected":false},"author":9,"featured_media":16942,"comment_status":"open","ping_status":"closed","sticky":false,"template":"","format":"standard","meta":{"footnotes":""},"categories":[154],"tags":[178,459],"class_list":["post-16941","post","type-post","status-publish","format-standard","has-post-thumbnail","hentry","category-jalisco","tag-jalisco","tag-seguridad"],"_links":{"self":[{"href":"https:\/\/noticiasal.com.mx\/index.php\/wp-json\/wp\/v2\/posts\/16941"}],"collection":[{"href":"https:\/\/noticiasal.com.mx\/index.php\/wp-json\/wp\/v2\/posts"}],"about":[{"href":"https:\/\/noticiasal.com.mx\/index.php\/wp-json\/wp\/v2\/types\/post"}],"author":[{"embeddable":true,"href":"https:\/\/noticiasal.com.mx\/index.php\/wp-json\/wp\/v2\/users\/9"}],"replies":[{"embeddable":true,"href":"https:\/\/noticiasal.com.mx\/index.php\/wp-json\/wp\/v2\/comments?post=16941"}],"version-history":[{"count":1,"href":"https:\/\/noticiasal.com.mx\/index.php\/wp-json\/wp\/v2\/posts\/16941\/revisions"}],"predecessor-version":[{"id":16944,"href":"https:\/\/noticiasal.com.mx\/index.php\/wp-json\/wp\/v2\/posts\/16941\/revisions\/16944"}],"wp:featuredmedia":[{"embeddable":true,"href":"https:\/\/noticiasal.com.mx\/index.php\/wp-json\/wp\/v2\/media\/16942"}],"wp:attachment":[{"href":"https:\/\/noticiasal.com.mx\/index.php\/wp-json\/wp\/v2\/media?parent=16941"}],"wp:term":[{"taxonomy":"category","embeddable":true,"href":"https:\/\/noticiasal.com.mx\/index.php\/wp-json\/wp\/v2\/categories?post=16941"},{"taxonomy":"post_tag","embeddable":true,"href":"https:\/\/noticiasal.com.mx\/index.php\/wp-json\/wp\/v2\/tags?post=16941"}],"curies":[{"name":"wp","href":"https:\/\/api.w.org\/{rel}","templated":true}]}}