{"id":16945,"date":"2025-09-22T20:03:24","date_gmt":"2025-09-22T20:03:24","guid":{"rendered":"https:\/\/noticiasal.com.mx\/?p=16945"},"modified":"2025-09-22T20:13:01","modified_gmt":"2025-09-22T20:13:01","slug":"verstappen-gana-en-baku-y-mete-presion-en-el-campeonato-de-formula-1","status":"publish","type":"post","link":"https:\/\/noticiasal.com.mx\/index.php\/2025\/09\/22\/verstappen-gana-en-baku-y-mete-presion-en-el-campeonato-de-formula-1\/","title":{"rendered":"Verstappen gana en Bak\u00fa y mete presi\u00f3n en el campeonato de Formula 1"},"content":{"rendered":"<p><em>Este triunfo representa la segunda victoria consecutiva de Verstappen, una se\u00f1al inequ\u00edvoca de su resurgimiento<\/em><\/p>\n<p>.- Max Verstappen volvi\u00f3 a demostrar su vigencia en la F\u00f3rmula 1 con una victoria contundente en el Gran Premio de Azerbaiy\u00e1n, disputado en el complicado circuito urbano de Bak\u00fa.<\/p>\n<p>El neerland\u00e9s lider\u00f3 de principio a fin, completando las 51 vueltas sin oposici\u00f3n y cruzando la meta con m\u00e1s de 14 segundos de ventaja sobre George Russell (Mercedes) y Carlos Sainz (Williams), quien firm\u00f3 su primer podio con dicho equipo.<\/p>\n<p>Este triunfo representa la segunda victoria consecutiva de Verstappen, una se\u00f1al inequ\u00edvoca de su resurgimiento en la temporada. Con los 25 puntos sumados en Bak\u00fa, el tricampe\u00f3n del mundo alcanza las 255 unidades en el campeonato, acerc\u00e1ndose a los pilotos de McLaren: Oscar Piastri (324) y Lando Norris (299).<\/p>\n<p>La diferencia, aunque a\u00fan considerable, comienza a tensar la lucha por el t\u00edtulo, especialmente considerando el mal d\u00eda de Piastri. El australiano, l\u00edder del Mundial, protagoniz\u00f3 un arranque para el olvido: se adelant\u00f3 en la largada, su monoplaza entr\u00f3 en anti-stall y finalmente termin\u00f3 contra las barreras en la curva 5 de la primera vuelta.<\/p>\n<p>Su abandono dej\u00f3 a McLaren descolocado, ya que Norris tampoco brill\u00f3 y s\u00f3lo pudo rescatar un s\u00e9ptimo lugar, sumando apenas unos puntos que saben a poco. Detr\u00e1s de los protagonistas, Bak\u00fa entreg\u00f3 varias historias interesantes: Liam Lawson consigui\u00f3 su mejor resultado con un quinto puesto para Racing Bulls, mientras que Yuki Tsunoda fue sexto, tambi\u00e9n firmando su mejor carrera para Red Bull.<\/p>\n<p>Kimi Antonelli se qued\u00f3 a las puertas del podio, mostrando consistencia a sus 18 a\u00f1os. Con este panorama, la F\u00f3rmula 1 se alista para un cierre de temporada emocionante.<\/p>\n<p><img loading=\"lazy\" decoding=\"async\" class=\"blazy alignnone size-medium wp-image-16948\" src=\"https:\/\/noticiasal.com.mx\/wp-content\/themes\/news\/assets\/images\/picture_placeholder_list.jpg\" data-src=\"https:\/\/noticiasal.com.mx\/wp-content\/uploads\/2025\/09\/Sainz-300x224.jpg\" alt=\"\" width=\"300\" height=\"224\" \/><noscript><img loading=\"lazy\" decoding=\"async\" class=\"alignnone size-medium wp-image-16948\" src=\"https:\/\/noticiasal.com.mx\/wp-content\/uploads\/2025\/09\/Sainz-300x224.jpg\" alt=\"\" width=\"300\" height=\"224\" srcset=\"https:\/\/noticiasal.com.mx\/wp-content\/uploads\/2025\/09\/Sainz-300x224.jpg 300w, https:\/\/noticiasal.com.mx\/wp-content\/uploads\/2025\/09\/Sainz-1024x764.jpg 1024w, https:\/\/noticiasal.com.mx\/wp-content\/uploads\/2025\/09\/Sainz-768x573.jpg 768w, https:\/\/noticiasal.com.mx\/wp-content\/uploads\/2025\/09\/Sainz-560x416.jpg 560w, https:\/\/noticiasal.com.mx\/wp-content\/uploads\/2025\/09\/Sainz-350x260.jpg 350w, https:\/\/noticiasal.com.mx\/wp-content\/uploads\/2025\/09\/Sainz-360x270.jpg 360w, https:\/\/noticiasal.com.mx\/wp-content\/uploads\/2025\/09\/Sainz.jpg 1029w\" sizes=\"(max-width: 300px) 100vw, 300px\" \/><\/noscript><\/p>\n<p>Verstappen parece haber encontrado nuevamente la inspiraci\u00f3n que lo llev\u00f3 a dominar la categor\u00eda y ahora amenaza con irrumpir en la pelea por el campeonato. La pr\u00f3xima cita ser\u00e1 el Gran Premio de Singapur, en el siempre exigente circuito urbano de Marina Bay, el domingo 5 de octubre, donde el neerland\u00e9s buscar\u00e1 confirmar que su regreso a la cima es una realidad. <em><strong>Agencias<\/strong><\/em><\/p>\n","protected":false},"excerpt":{"rendered":"<p>Este triunfo representa la segunda victoria consecutiva de Verstappen, una se\u00f1al inequ\u00edvoca de su resurgimiento .- Max Verstappen volvi\u00f3 a demostrar su vigencia en la F\u00f3rmula 1 con una victoria contundente en el Gran Premio de Azerbaiy\u00e1n, disputado en el complicado circuito urbano de Bak\u00fa. El neerland\u00e9s lider\u00f3 de principio a fin, completando las 51 [&hellip;]<\/p>\n","protected":false},"author":9,"featured_media":13102,"comment_status":"open","ping_status":"closed","sticky":false,"template":"","format":"standard","meta":{"footnotes":""},"categories":[150,151,152],"tags":[],"class_list":["post-16945","post","type-post","status-publish","format-standard","has-post-thumbnail","hentry","category-deportes","category-estilos","category-tecnologia"],"_links":{"self":[{"href":"https:\/\/noticiasal.com.mx\/index.php\/wp-json\/wp\/v2\/posts\/16945"}],"collection":[{"href":"https:\/\/noticiasal.com.mx\/index.php\/wp-json\/wp\/v2\/posts"}],"about":[{"href":"https:\/\/noticiasal.com.mx\/index.php\/wp-json\/wp\/v2\/types\/post"}],"author":[{"embeddable":true,"href":"https:\/\/noticiasal.com.mx\/index.php\/wp-json\/wp\/v2\/users\/9"}],"replies":[{"embeddable":true,"href":"https:\/\/noticiasal.com.mx\/index.php\/wp-json\/wp\/v2\/comments?post=16945"}],"version-history":[{"count":3,"href":"https:\/\/noticiasal.com.mx\/index.php\/wp-json\/wp\/v2\/posts\/16945\/revisions"}],"predecessor-version":[{"id":16949,"href":"https:\/\/noticiasal.com.mx\/index.php\/wp-json\/wp\/v2\/posts\/16945\/revisions\/16949"}],"wp:featuredmedia":[{"embeddable":true,"href":"https:\/\/noticiasal.com.mx\/index.php\/wp-json\/wp\/v2\/media\/13102"}],"wp:attachment":[{"href":"https:\/\/noticiasal.com.mx\/index.php\/wp-json\/wp\/v2\/media?parent=16945"}],"wp:term":[{"taxonomy":"category","embeddable":true,"href":"https:\/\/noticiasal.com.mx\/index.php\/wp-json\/wp\/v2\/categories?post=16945"},{"taxonomy":"post_tag","embeddable":true,"href":"https:\/\/noticiasal.com.mx\/index.php\/wp-json\/wp\/v2\/tags?post=16945"}],"curies":[{"name":"wp","href":"https:\/\/api.w.org\/{rel}","templated":true}]}}