{"id":17097,"date":"2025-10-02T21:07:18","date_gmt":"2025-10-02T21:07:18","guid":{"rendered":"https:\/\/noticiasal.com.mx\/?p=17097"},"modified":"2025-10-02T21:07:18","modified_gmt":"2025-10-02T21:07:18","slug":"ninos-ninas-y-jovenes-haran-un-gran-viaje-al-pasado-durante-papirolas-2025","status":"publish","type":"post","link":"https:\/\/noticiasal.com.mx\/index.php\/2025\/10\/02\/ninos-ninas-y-jovenes-haran-un-gran-viaje-al-pasado-durante-papirolas-2025\/","title":{"rendered":"Ni\u00f1os, ni\u00f1as y j\u00f3venes har\u00e1n un gran VIAJE AL PASADO durante Papirolas 2025"},"content":{"rendered":"<ul>\n<li dir=\"ltr\">El Gobernador de Jalisco, Pablo Lemus Navarro reiter\u00f3 su promesa de entregar un presupuesto adicional para el Festival<\/li>\n<\/ul>\n<div class=\"relative basis-auto flex-col -mb-(--composer-overlap-px) [--composer-overlap-px:28px] grow flex overflow-hidden\">\n<div class=\"relative h-full\">\n<div class=\"flex h-full flex-col overflow-y-auto thread-xl:pt-(--header-height) [scrollbar-gutter:stable_both-edges]\">\n<div class=\"flex flex-col text-sm thread-xl:pt-header-height pb-25\">\n<article class=\"text-token-text-primary w-full focus:outline-none scroll-mt-[calc(var(--header-height)+min(200px,max(70px,20svh)))]\" dir=\"auto\" tabindex=\"-1\" data-turn-id=\"request-WEB:ed5934a4-83ec-440b-b0d5-541c4f5a7fea-1\" data-testid=\"conversation-turn-4\" data-scroll-anchor=\"true\" data-turn=\"assistant\">\n<div class=\"text-base my-auto mx-auto pb-10 [--thread-content-margin:--spacing(4)] thread-sm:[--thread-content-margin:--spacing(6)] thread-lg:[--thread-content-margin:--spacing(16)] px-(--thread-content-margin)\">\n<div class=\"[--thread-content-max-width:40rem] thread-lg:[--thread-content-max-width:48rem] mx-auto max-w-(--thread-content-max-width) flex-1 group\/turn-messages focus-visible:outline-hidden relative flex w-full min-w-0 flex-col agent-turn\" tabindex=\"-1\">\n<div class=\"flex max-w-full flex-col grow\">\n<div class=\"min-h-8 text-message relative flex w-full flex-col items-end gap-2 text-start break-words whitespace-normal [.text-message+&amp;]:mt-5\" dir=\"auto\" data-message-author-role=\"assistant\" data-message-id=\"1bc05f53-c08d-4a0a-b165-94e00f074d8d\" data-message-model-slug=\"gpt-5\">\n<div class=\"flex w-full flex-col gap-1 empty:hidden first:pt-[1px]\">\n<div class=\"markdown prose dark:prose-invert w-full break-words light markdown-new-styling\">\n<p data-start=\"155\" data-end=\"432\">El Festival Papirolas encendi\u00f3 este mi\u00e9rcoles la m\u00e1quina del tiempo para celebrar su edici\u00f3n n\u00famero 30 con el lema <em data-start=\"270\" data-end=\"289\">\u201cViaje al pasado\u201d<\/em>, que llevar\u00e1 a miles de ni\u00f1as, ni\u00f1os, j\u00f3venes y familias a recorrer la historia de la Tierra a trav\u00e9s de la cultura, las artes y la ciencia.<\/p>\n<p data-start=\"434\" data-end=\"731\">Del <strong data-start=\"438\" data-end=\"459\">1 al 5 de octubre<\/strong>, el <strong data-start=\"464\" data-end=\"503\">Centro Cultural Universitario (CCU)<\/strong> de la Universidad de Guadalajara (UdeG) ser\u00e1 sede de un programa que incluye <strong data-start=\"581\" data-end=\"693\">24 talleres, 13 pabellones, 9 exposiciones, 8 instalaciones art\u00edsticas, 3 salas de lectura y 35 espect\u00e1culos<\/strong>, disponibles de 9:00 a 20:00 horas.<\/p>\n<p data-start=\"733\" data-end=\"1027\">Durante la inauguraci\u00f3n, la directora de Papirolas, <strong data-start=\"785\" data-end=\"809\">Marcela Garc\u00eda Batiz<\/strong>, record\u00f3 que este festival ha sido un puente entre la educaci\u00f3n y la diversi\u00f3n: <em data-start=\"890\" data-end=\"1015\">\u201cHan sido 30 a\u00f1os de una gran historia y, en esta edici\u00f3n, recordaremos nuestro crecimiento, que ha sido junto con ustedes\u201d<\/em>, expres\u00f3.<\/p>\n<p data-start=\"733\" data-end=\"1027\">\u00a0<img loading=\"lazy\" decoding=\"async\" class=\"blazy aligncenter wp-image-17099 size-full\" src=\"https:\/\/noticiasal.com.mx\/wp-content\/themes\/news\/assets\/images\/picture_placeholder_list.jpg\" data-src=\"https:\/\/noticiasal.com.mx\/wp-content\/uploads\/2025\/10\/Inauguracio\u2560un-Papirolas_37-scaled.jpg\" alt=\"\" width=\"2560\" height=\"1707\" \/><noscript><img loading=\"lazy\" decoding=\"async\" class=\"aligncenter wp-image-17099 size-full\" src=\"https:\/\/noticiasal.com.mx\/wp-content\/uploads\/2025\/10\/Inauguracio\u2560un-Papirolas_37-scaled.jpg\" alt=\"\" width=\"2560\" height=\"1707\" srcset=\"https:\/\/noticiasal.com.mx\/wp-content\/uploads\/2025\/10\/Inauguracio\u2560un-Papirolas_37-scaled.jpg 2560w, https:\/\/noticiasal.com.mx\/wp-content\/uploads\/2025\/10\/Inauguracio\u2560un-Papirolas_37-300x200.jpg 300w, https:\/\/noticiasal.com.mx\/wp-content\/uploads\/2025\/10\/Inauguracio\u2560un-Papirolas_37-1024x683.jpg 1024w, https:\/\/noticiasal.com.mx\/wp-content\/uploads\/2025\/10\/Inauguracio\u2560un-Papirolas_37-768x512.jpg 768w, https:\/\/noticiasal.com.mx\/wp-content\/uploads\/2025\/10\/Inauguracio\u2560un-Papirolas_37-1536x1024.jpg 1536w, https:\/\/noticiasal.com.mx\/wp-content\/uploads\/2025\/10\/Inauguracio\u2560un-Papirolas_37-2048x1365.jpg 2048w\" sizes=\"(max-width: 2560px) 100vw, 2560px\" \/><\/noscript><\/p>\n<p data-start=\"1029\" data-end=\"1286\">La <strong data-start=\"1032\" data-end=\"1083\">Rectora General de la UdeG, Karla Planter P\u00e9rez<\/strong>, destac\u00f3 que m\u00e1s de <strong data-start=\"1104\" data-end=\"1132\">2 millones de asistentes<\/strong> han formado parte de este encuentro desde 1995, donde la ciencia, la tecnolog\u00eda, la lectura y las artes han sido parte esencial del aprendizaje l\u00fadico.<\/p>\n<p data-start=\"1288\" data-end=\"1531\">Por su parte, el <strong data-start=\"1305\" data-end=\"1351\">Gobernador de Jalisco, Pablo Lemus Navarro<\/strong>, anunci\u00f3 apoyos adicionales para que el festival contin\u00fae creciendo: <em data-start=\"1421\" data-end=\"1520\">\u201cSumaremos esfuerzos para que Papirolas siga creciendo no solo en Jalisco, sino en todo el mundo\u201d<\/em>, afirm\u00f3.<\/p>\n<p data-start=\"1533\" data-end=\"1843\">El acto inaugural incluy\u00f3 el espect\u00e1culo <strong data-start=\"1574\" data-end=\"1595\">\u201cViaje al pasado\u201d<\/strong> a cargo de Circo Drag\u00f3n, y la entrega del reconocimiento <strong data-start=\"1653\" data-end=\"1683\">\u201cPersonaje Papirolas 2025\u201d<\/strong> al artista tapat\u00edo <strong data-start=\"1703\" data-end=\"1757\">Jos\u00e9 Guillermo Castellanos Fr\u00edas \u201cMemo Plastilina\u201d<\/strong>, creador de personajes y talleres que han acompa\u00f1ado al festival desde sus inicios.<\/p>\n<p data-start=\"1845\" data-end=\"2137\">En esta edici\u00f3n, las actividades se organizan en cuatro \u00e1reas tem\u00e1ticas: <strong data-start=\"1918\" data-end=\"1954\">Revoluci\u00f3n Cient\u00edfica y Cultural<\/strong>, <strong data-start=\"1956\" data-end=\"1982\">Grandes Civilizaciones<\/strong>, <strong data-start=\"1984\" data-end=\"2024\">Gigantes y la Vida en la Prehistoria<\/strong>, y <strong data-start=\"2028\" data-end=\"2044\">Ra\u00edces Vivas<\/strong>, con el fin de acercar la historia y el conocimiento a las infancias de manera innovadora.<\/p>\n<p data-start=\"2139\" data-end=\"2293\">Adem\u00e1s, como cada a\u00f1o, habr\u00e1 una <strong data-start=\"2172\" data-end=\"2210\">oferta virtual en papirolas.udg.mx<\/strong>, disponible las 24 horas para quienes deseen disfrutar del festival a distancia.<\/p>\n<hr data-start=\"2295\" data-end=\"2300\" \/>\n<p data-start=\"2302\" data-end=\"2470\" data-is-last-node=\"\" data-is-only-node=\"\">\u00bfQuieres que esta nota la deje con un tono m\u00e1s <strong data-start=\"2349\" data-end=\"2375\">institucional y formal<\/strong> (como bolet\u00edn de prensa) o m\u00e1s <strong data-start=\"2407\" data-end=\"2429\">ligero y atractivo<\/strong> (como para un medio cultural o juvenil)?<\/p>\n<\/div>\n<\/div>\n<\/div>\n<\/div>\n<div class=\"z-0 flex min-h-[46px] justify-start\"><\/div>\n<div class=\"mt-3 w-full empty:hidden\">\n<div class=\"text-center\"><\/div>\n<\/div>\n<\/div>\n<\/div>\n<\/article>\n<div class=\"pointer-events-none h-px w-px\" aria-hidden=\"true\" data-edge=\"true\"><\/div>\n<div><\/div>\n<div><\/div>\n<\/div>\n<\/div>\n<\/div>\n<\/div>\n<div id=\"thread-bottom-container\" class=\"group\/thread-bottom-container relative isolate z-10 w-full basis-auto has-data-has-thread-error:pt-2 has-data-has-thread-error:[box-shadow:var(--sharp-edge-bottom-shadow)] md:border-transparent md:pt-0 dark:border-white\/20 md:dark:border-transparent content-fade single-line flex flex-col\">\n<div id=\"thread-bottom\">\n<div class=\"text-base mx-auto [--thread-content-margin:--spacing(4)] thread-sm:[--thread-content-margin:--spacing(6)] thread-lg:[--thread-content-margin:--spacing(16)] px-(--thread-content-margin)\">\n<div class=\"[--thread-content-max-width:40rem] thread-lg:[--thread-content-max-width:48rem] mx-auto max-w-(--thread-content-max-width) flex-1\">\n<div class=\"flex justify-center empty:hidden\"><\/div>\n<div class=\"pointer-events-auto relative z-1 flex h-[var(--composer-container-height,100%)] max-w-full flex-[var(--composer-container-flex,1)] flex-col\"><button class=\"invisible absolute self-center\" tabindex=\"-1\" name=\"context-connector-pasted-link-popover-trigger\" type=\"button\" aria-hidden=\"true\" aria-haspopup=\"dialog\" aria-expanded=\"false\" aria-controls=\"radix-\u00abR9miaqj59kl58iqcm\u00bb\" data-state=\"closed\"><\/button><\/p>\n<div class=\"absolute start-0 end-0 bottom-full z-20\"><\/div>\n<form class=\"group\/composer w-full\" data-type=\"unified-composer\">\n<div class=\"hidden\"><input tabindex=\"-1\" multiple=\"multiple\" type=\"file\" \/><\/div>\n<div class=\"\">\n<div class=\"bg-token-bg-primary cursor-text overflow-clip bg-clip-padding p-2.5 contain-inline-size dark:bg-[#303030] grid grid-cols-[auto_1fr_auto] [grid-template-areas:'header_header_header'_'leading_primary_trailing'_'._footer_.'] group-data-expanded\/composer:[grid-template-areas:'header_header_header'_'primary_primary_primary'_'leading_footer_trailing'] shadow-short\">\n<div class=\"-my-2.5 flex min-h-14 items-center overflow-x-hidden px-1.5 [grid-area:primary] group-data-expanded\/composer:mb-0 group-data-expanded\/composer:px-2.5\">\n<div class=\"_prosemirror-parent_4ajk2_2 text-token-text-primary max-h-[max(35svh,5rem)] max-h-52 flex-1 overflow-auto [scrollbar-width:thin] default-browser vertical-scroll-fade-mask\"><textarea class=\"_fallbackTextarea_4ajk2_2\" name=\"prompt-textarea\" autofocus=\"\" placeholder=\"Pregunta lo que quieras\" data-virtualkeyboard=\"true\"><\/textarea><\/p>\n<div id=\"prompt-textarea\" class=\"ProseMirror\" contenteditable=\"true\" translate=\"no\" data-virtualkeyboard=\"true\"><\/div>\n<\/div>\n<\/div>\n<div class=\"[grid-area:leading]\"><\/div>\n<div class=\"flex items-center gap-2 [grid-area:trailing]\">\n<div class=\"ms-auto flex items-center gap-1.5\"><button class=\"composer-btn\" type=\"button\" aria-label=\"Bot\u00f3n de dictado\"><\/button><\/p>\n<div class=\"min-w-9\" data-testid=\"composer-speech-button-container\">\n<div class=\"flex items-center justify-center\"><\/div>\n<\/div>\n<\/div>\n<\/div>\n<\/div>\n<\/div>\n<\/form>\n<\/div>\n<\/div>\n<\/div>\n<\/div>\n<\/div>\n<ul>\n<li dir=\"ltr\">\n<p dir=\"ltr\" role=\"presentation\">Facebook: <a href=\"https:\/\/www.facebook.com\/PapirolasGDL\" target=\"_blank\" rel=\"noopener\" data-saferedirecturl=\"https:\/\/www.google.com\/url?q=https:\/\/www.facebook.com\/PapirolasGDL&amp;source=gmail&amp;ust=1759525002388000&amp;usg=AOvVaw2vmkytAtT22LyieLIIY2nA\">https:\/\/www.facebook.com\/<wbr \/>PapirolasGDL<\/a><\/p>\n<\/li>\n<li dir=\"ltr\">\n<p dir=\"ltr\" role=\"presentation\">Youtube: <a href=\"https:\/\/www.youtube.com\/@papirolasgdl\" target=\"_blank\" rel=\"noopener\" data-saferedirecturl=\"https:\/\/www.google.com\/url?q=https:\/\/www.youtube.com\/@papirolasgdl&amp;source=gmail&amp;ust=1759525002388000&amp;usg=AOvVaw2lVWes-qb3CNFF_fCp2v2D\">https:\/\/www.youtube.com\/@<wbr \/>papirolasgdl<\/a><\/p>\n<\/li>\n<\/ul>\n<p dir=\"ltr\">Para conocer las actividades a detalle de todas las actividades de #Papirolas30 #ViajeAlPasado, se puede ingresar a:<\/p>\n<p dir=\"ltr\"><a href=\"https:\/\/papirolas.udg.mx\/wp-content\/uploads\/2025\/09\/Programa-general_Papirolas-2025_16.5x27-web.pdf\" target=\"_blank\" rel=\"noopener\" data-saferedirecturl=\"https:\/\/www.google.com\/url?q=https:\/\/papirolas.udg.mx\/wp-content\/uploads\/2025\/09\/Programa-general_Papirolas-2025_16.5x27-web.pdf&amp;source=gmail&amp;ust=1759525002388000&amp;usg=AOvVaw33m5bl_YyoCQTjUlZukYuz\">https:\/\/papirolas.udg.mx\/wp-<wbr \/>content\/uploads\/2025\/09\/<wbr \/>Programa-general_Papirolas-<wbr \/>2025_16.5&#215;27-web.pdf<\/a><\/p>\n<div class=\"yj6qo\"><\/div>\n<div class=\"adL\"><\/div>\n","protected":false},"excerpt":{"rendered":"<p>El Gobernador de Jalisco, Pablo Lemus Navarro reiter\u00f3 su promesa de entregar un presupuesto adicional para el Festival El Festival Papirolas encendi\u00f3 este mi\u00e9rcoles la m\u00e1quina del tiempo para celebrar su edici\u00f3n n\u00famero 30 con el lema \u201cViaje al pasado\u201d, que llevar\u00e1 a miles de ni\u00f1as, ni\u00f1os, j\u00f3venes y familias a recorrer la historia de [&hellip;]<\/p>\n","protected":false},"author":3,"featured_media":17098,"comment_status":"open","ping_status":"closed","sticky":false,"template":"","format":"standard","meta":{"footnotes":""},"categories":[154],"tags":[844,842,178,843,845],"class_list":["post-17097","post","type-post","status-publish","format-standard","has-post-thumbnail","hentry","category-jalisco","tag-arte","tag-infancias","tag-jalisco","tag-libros","tag-papirolas"],"_links":{"self":[{"href":"https:\/\/noticiasal.com.mx\/index.php\/wp-json\/wp\/v2\/posts\/17097"}],"collection":[{"href":"https:\/\/noticiasal.com.mx\/index.php\/wp-json\/wp\/v2\/posts"}],"about":[{"href":"https:\/\/noticiasal.com.mx\/index.php\/wp-json\/wp\/v2\/types\/post"}],"author":[{"embeddable":true,"href":"https:\/\/noticiasal.com.mx\/index.php\/wp-json\/wp\/v2\/users\/3"}],"replies":[{"embeddable":true,"href":"https:\/\/noticiasal.com.mx\/index.php\/wp-json\/wp\/v2\/comments?post=17097"}],"version-history":[{"count":1,"href":"https:\/\/noticiasal.com.mx\/index.php\/wp-json\/wp\/v2\/posts\/17097\/revisions"}],"predecessor-version":[{"id":17100,"href":"https:\/\/noticiasal.com.mx\/index.php\/wp-json\/wp\/v2\/posts\/17097\/revisions\/17100"}],"wp:featuredmedia":[{"embeddable":true,"href":"https:\/\/noticiasal.com.mx\/index.php\/wp-json\/wp\/v2\/media\/17098"}],"wp:attachment":[{"href":"https:\/\/noticiasal.com.mx\/index.php\/wp-json\/wp\/v2\/media?parent=17097"}],"wp:term":[{"taxonomy":"category","embeddable":true,"href":"https:\/\/noticiasal.com.mx\/index.php\/wp-json\/wp\/v2\/categories?post=17097"},{"taxonomy":"post_tag","embeddable":true,"href":"https:\/\/noticiasal.com.mx\/index.php\/wp-json\/wp\/v2\/tags?post=17097"}],"curies":[{"name":"wp","href":"https:\/\/api.w.org\/{rel}","templated":true}]}}