{"id":17117,"date":"2025-10-04T14:17:09","date_gmt":"2025-10-04T14:17:09","guid":{"rendered":"https:\/\/noticiasal.com.mx\/?p=17117"},"modified":"2025-10-04T14:17:09","modified_gmt":"2025-10-04T14:17:09","slug":"entre-piales-y-manganas-el-que-nace-pa-charro-del-cielo-le-caen-las-sogas","status":"publish","type":"post","link":"https:\/\/noticiasal.com.mx\/index.php\/2025\/10\/04\/entre-piales-y-manganas-el-que-nace-pa-charro-del-cielo-le-caen-las-sogas\/","title":{"rendered":"Entre Piales y Manganas:  \u201cEl que nace pa\u00b4 charro del cielo le caen las sogas\u201d  \u00a0"},"content":{"rendered":"<ul>\n<li><strong>La Charrer\u00eda en California se une a la lucha contra el c\u00e1ncer<\/strong><\/li>\n<\/ul>\n<p><img loading=\"lazy\" decoding=\"async\" class=\"blazy size-medium wp-image-16342 alignleft\" src=\"https:\/\/noticiasal.com.mx\/wp-content\/themes\/news\/assets\/images\/picture_placeholder_list.jpg\" data-src=\"https:\/\/noticiasal.com.mx\/wp-content\/uploads\/2025\/08\/ADANLEYVa-300x111.jpg\" alt=\"\" width=\"300\" height=\"111\" \/><noscript><img loading=\"lazy\" decoding=\"async\" class=\"size-medium wp-image-16342 alignleft\" src=\"https:\/\/noticiasal.com.mx\/wp-content\/uploads\/2025\/08\/ADANLEYVa-300x111.jpg\" alt=\"\" width=\"300\" height=\"111\" srcset=\"https:\/\/noticiasal.com.mx\/wp-content\/uploads\/2025\/08\/ADANLEYVa-300x111.jpg 300w, https:\/\/noticiasal.com.mx\/wp-content\/uploads\/2025\/08\/ADANLEYVa-1024x381.jpg 1024w, https:\/\/noticiasal.com.mx\/wp-content\/uploads\/2025\/08\/ADANLEYVa-768x285.jpg 768w, https:\/\/noticiasal.com.mx\/wp-content\/uploads\/2025\/08\/ADANLEYVa.jpg 1488w\" sizes=\"(max-width: 300px) 100vw, 300px\" \/><\/noscript>\u00a0La tradici\u00f3n mexicana de la charrer\u00eda se convirti\u00f3 en un aliado para la causa contra el c\u00e1ncer durante el evento ben\u00e9fico \u201cCharrer\u00eda Against C\u00e1ncer\u201d del Cl\u00e1sico de las Am\u00e9ricas, que reuni\u00f3 a destacados charros y amantes del deporte ecuestre en un encuentro que combina adrenalina y solidaridad.<\/p>\n<p>El evento, que busca recaudar fondos y concienciar sobre esta enfermedad que afecta a millones de personas en todo el mundo, cont\u00f3 con la participaci\u00f3n de Herminio Alfonso Orozco Gallardo \u201cPoncho\u201d, reconocido charro salmantino.<\/p>\n<p>Tras conseguir el subcampeonato del torneo Excelencia Charra como parte del equipo El Soyate de Zacatecas, propiedad del cantante Pepe Aguilar, Poncho represent\u00f3 a M\u00e9xico en este cl\u00e1sico internacional, demostrando su habilidad en diversas competencias ecuestres, desde la monta de toros hasta el lazo.<\/p>\n<p>Los fondos recaudados se destinan a organizaciones dedicadas a la investigaci\u00f3n, prevenci\u00f3n y tratamiento del c\u00e1ncer, as\u00ed como al apoyo de pacientes y sus familias. Este tipo de iniciativas no solo fortalecen la causa, sino que tambi\u00e9n promueven la unidad y conciencia social en la comunidad.<\/p>\n<p>El evento tambi\u00e9n destac\u00f3 por su compromiso con el bienestar animal. Todos los animales participantes son inspeccionados antes de su intervenci\u00f3n; aquellos enfermos, lesionados o con alg\u00fan impedimento no pueden participar.<\/p>\n<p>Se proh\u00edbe cualquier tipo de maltrato y no se utilizan estimulantes ni hipn\u00f3ticos. Seg\u00fan los organizadores, los toros salvajes son considerados atletas y alcanzan su m\u00e1ximo rendimiento a los cinco o seis a\u00f1os de edad.<\/p>\n<p>Con su s\u00f3lida trayectoria en circuitos nacionales e internacionales, Poncho contin\u00faa consolid\u00e1ndose como uno de los charros m\u00e1s destacados de M\u00e9xico, llevando la tradici\u00f3n y el deporte m\u00e1s all\u00e1 de las fronteras, y sumando su esfuerzo a la lucha contra una de las enfermedades m\u00e1s devastadoras del mundo.<\/p>\n<figure id=\"attachment_17118\" aria-describedby=\"caption-attachment-17118\" style=\"width: 900px\" class=\"wp-caption aligncenter\"><img loading=\"lazy\" decoding=\"async\" class=\"blazy wp-image-17118 size-full\" src=\"https:\/\/noticiasal.com.mx\/wp-content\/themes\/news\/assets\/images\/picture_placeholder_list.jpg\" data-src=\"https:\/\/noticiasal.com.mx\/wp-content\/uploads\/2025\/10\/clasicodelasAmericas-1.jpg\" alt=\"\" width=\"900\" height=\"756\" \/><figcaption id=\"caption-attachment-17118\" class=\"wp-caption-text\"><noscript><img loading=\"lazy\" decoding=\"async\" class=\"wp-image-17118 size-full\" src=\"https:\/\/noticiasal.com.mx\/wp-content\/uploads\/2025\/10\/clasicodelasAmericas-1.jpg\" alt=\"\" width=\"900\" height=\"756\" srcset=\"https:\/\/noticiasal.com.mx\/wp-content\/uploads\/2025\/10\/clasicodelasAmericas-1.jpg 900w, https:\/\/noticiasal.com.mx\/wp-content\/uploads\/2025\/10\/clasicodelasAmericas-1-300x252.jpg 300w, https:\/\/noticiasal.com.mx\/wp-content\/uploads\/2025\/10\/clasicodelasAmericas-1-768x645.jpg 768w\" sizes=\"(max-width: 900px) 100vw, 900px\" \/><\/noscript> Los fondos recaudados en el Cl\u00e1sico de Las Am\u00e9ricas, ser\u00e1n para las organizaciones dedicadas a la investigaci\u00f3n, prevenci\u00f3n y tratamiento del c\u00e1ncer.<\/figcaption><\/figure>\n<p>&nbsp;<\/p>\n<p><strong>La Menus ser\u00e1 homenajeado en la Expo Ganadera Jalisco 2025<\/strong><\/p>\n<p>El presidente de la Uni\u00f3n Ganadera Regional de Jalisco, el LAE Antonio Ruelas, recibi\u00f3 al Sr. Rafael Ram\u00edrez Michel mejor conocido como \u201cLa Menudencia\u201d, quien este a\u00f1o, en el marco de la \u00abLXI Expo Ganadera Jalisco\u00bb, el Campeonato Charro llevar\u00e1 su nombre y ser\u00e1 homenajeado por su amplia trayectoria en el deporte mexicano por excelencia, la Charrer\u00eda.<\/p>\n<p>Lo acompa\u00f1aron tambi\u00e9n el M\u00e9dico Isidro Lara, Coordinador del Lienzo Charro y el MVZ Ram\u00f3n Guevara, Coordinador de Jueces y Locutores.<\/p>\n<p>Por cierto queremos recordar una entrevista que le hizo el amigo Casama en el 8 Columnas y que va por ah\u00ed: Pas\u00f3 por equipos como Charros de Jalisco, Tres Potrillos, Nuevo Laredo, Tri\u00e1ngulo de los Arenas, Arboleda de Cocula, Los Encino y Arrieros de Valle Grande, entre otros m\u00e1s.<\/p>\n<p>-\u00bfQu\u00e9 momentos emocionantes viviste?<\/p>\n<blockquote><p>\u201cMuchos, sobre todo cuando me pon\u00edan toros dif\u00edciles y mi gusto era dominarlos. Aparte me toc\u00f3 jinetear a lo mejor que hab\u00eda en el pa\u00eds e impuse r\u00e9cord, como jinete que no tuve ca\u00eddas y destaqu\u00e9 en selectivo y varios nacionales\u201d.<\/p><\/blockquote>\n<figure id=\"attachment_17120\" aria-describedby=\"caption-attachment-17120\" style=\"width: 900px\" class=\"wp-caption aligncenter\"><img loading=\"lazy\" decoding=\"async\" class=\"blazy wp-image-17120 size-full\" src=\"https:\/\/noticiasal.com.mx\/wp-content\/themes\/news\/assets\/images\/picture_placeholder_list.jpg\" data-src=\"https:\/\/noticiasal.com.mx\/wp-content\/uploads\/2025\/10\/Rafael-Ramirez.jpg\" alt=\"\" width=\"900\" height=\"900\" \/><figcaption id=\"caption-attachment-17120\" class=\"wp-caption-text\"><noscript><img loading=\"lazy\" decoding=\"async\" class=\"wp-image-17120 size-full\" src=\"https:\/\/noticiasal.com.mx\/wp-content\/uploads\/2025\/10\/Rafael-Ramirez.jpg\" alt=\"\" width=\"900\" height=\"900\" srcset=\"https:\/\/noticiasal.com.mx\/wp-content\/uploads\/2025\/10\/Rafael-Ramirez.jpg 900w, https:\/\/noticiasal.com.mx\/wp-content\/uploads\/2025\/10\/Rafael-Ramirez-300x300.jpg 300w, https:\/\/noticiasal.com.mx\/wp-content\/uploads\/2025\/10\/Rafael-Ramirez-150x150.jpg 150w, https:\/\/noticiasal.com.mx\/wp-content\/uploads\/2025\/10\/Rafael-Ramirez-768x768.jpg 768w, https:\/\/noticiasal.com.mx\/wp-content\/uploads\/2025\/10\/Rafael-Ramirez-65x65.jpg 65w\" sizes=\"(max-width: 900px) 100vw, 900px\" \/><\/noscript> Rafael Ram\u00edrez \u201cLa Menudencia\u201d, ser\u00e1 homenajeado en la Expo Ganadera y el torneo charro llevar\u00e1 su nombre<\/figcaption><\/figure>\n<p><strong>LA HERENCIA DIVINA<\/strong><\/p>\n<p>Giras hizo por China, Estados Unidos y Espa\u00f1a, as\u00ed como por Centroam\u00e9rica, habiendo conocido grandes personalidades y entre los que est\u00e1n varios presidentes de la Rep\u00fablica e incluso a los Reyes de Espa\u00f1a.<\/p>\n<p>\u00bfEl charro nace o se hace?<\/p>\n<p>\u201cEl charro ya lo trae en la sangre y ese lo tienes de herencia, pero se debe inculcar a las nuevas generaciones. En el rancho me tocaba montar becerros desde los siete a\u00f1os y aunque me pegaban porque no me sub\u00eda, ya despu\u00e9s no me bajaban de los toros\u201d.<\/p>\n<p>An\u00e9cdotas tiene muchas, pero se las guarda, aunque una vez acomod\u00f3 un caballo que manejaba sin freno y con las puras piernas. Le gustar\u00eda hacer un libro con muchos momentos charros, donde habr\u00eda de todo un poco, aunque ser\u00eda a mediano plazo.<\/p>\n<p>Le ocupa y le preocupan las nuevas generaciones. \u00c9l ha sido modelo charro y le gusta vestir elegantemente, lo que porta con orgullo. Su hijo mayor juega al futbol profesional y ahora sus triates est\u00e1n entrando a la charrer\u00eda a sus casi 5 a\u00f1os de edad, aunque \u201cLa Menus\u201d practic\u00f3 tambi\u00e9n karate y boxeo.<\/p>\n<p>&nbsp;<\/p>\n<p><strong>LAS NUEVAS GENERACIONES<\/strong><\/p>\n<p>Rafael Ram\u00edrez Michel vive el presente, porque el ayer ya se fue y no sabe si el ma\u00f1ana llegar\u00e1. Tiene carisma y todo lo que sabe lo gusta compartir con las nuevas generaciones, porque es algo que le nace y qu\u00e9 como la dignidad, no tiene precio.<\/p>\n<p>Es un rom\u00e1ntico de la charrer\u00eda y le gusta hacer lo mejor que se puedan las cosas. Le tocaron toros \u201cjugados\u201d, pero siempre le gust\u00f3 la monta de toro y yegua, habiendo dado un t\u00edtulo a Jalisco que se gan\u00f3 por dos puntos.<\/p>\n<p>\u201cLa Menudencia\u201d apodado as\u00ed por peque\u00f1o en sus a\u00f1os mozos, sabe que hay mucho que hacer y ahora da clases, lo mismo en los pueblos M\u00e1gicos de Jalisco, que en Tecalitl\u00e1n, Amatl\u00e1n de Ca\u00f1as, Tapalpa y lo solicitan en Ahualulco, habiendo dado c\u00e1tedra tambi\u00e9n en Etzatl\u00e1n y Puerto Vallarta en otras partes del pa\u00eds y algunas apariciones tambi\u00e9n la uni\u00f3n americana.<\/p>\n<p>-\u00bfQu\u00e9 te falt\u00f3 ganar?<\/p>\n<p>\u201cNada, porque el \u00faltimo toro que me tumb\u00f3 fue \u201cEl Sat\u00e9lite\u201d que muchos recordar\u00e1n y que me mand\u00f3 al suelo, cuando s\u00f3lo ten\u00eda 15 a\u00f1os. Montaba 10 toros en promedio por semana y me dec\u00eda que no llegaba de jinete a los 18 a\u00f1os, habiendo llegado casi a los 30, aunque en Colima entr\u00e9 en el Capacha, en el 2003, donde qued\u00e9 cuarto lugar\u201d, habiendo entrados a varios Capacha\u00b4s y de los que s\u00f3lo gan\u00f3 uno, termin\u00f3<\/p>\n<figure id=\"attachment_17119\" aria-describedby=\"caption-attachment-17119\" style=\"width: 827px\" class=\"wp-caption aligncenter\"><img loading=\"lazy\" decoding=\"async\" class=\"blazy wp-image-17119 size-full\" src=\"https:\/\/noticiasal.com.mx\/wp-content\/themes\/news\/assets\/images\/picture_placeholder_list.jpg\" data-src=\"https:\/\/noticiasal.com.mx\/wp-content\/uploads\/2025\/10\/clasicodelasAmericas-2.jpg\" alt=\"\" width=\"827\" height=\"705\" \/><figcaption id=\"caption-attachment-17119\" class=\"wp-caption-text\"><noscript><img loading=\"lazy\" decoding=\"async\" class=\"wp-image-17119 size-full\" src=\"https:\/\/noticiasal.com.mx\/wp-content\/uploads\/2025\/10\/clasicodelasAmericas-2.jpg\" alt=\"\" width=\"827\" height=\"705\" srcset=\"https:\/\/noticiasal.com.mx\/wp-content\/uploads\/2025\/10\/clasicodelasAmericas-2.jpg 827w, https:\/\/noticiasal.com.mx\/wp-content\/uploads\/2025\/10\/clasicodelasAmericas-2-300x256.jpg 300w, https:\/\/noticiasal.com.mx\/wp-content\/uploads\/2025\/10\/clasicodelasAmericas-2-768x655.jpg 768w\" sizes=\"(max-width: 827px) 100vw, 827px\" \/><\/noscript> Gran torneo el que se realiza en Pico Rivera California, ciudad de la que Puerto Vallarta quiere de hermana.<\/figcaption><\/figure>\n<p>&nbsp;<\/p>\n<p>&nbsp;<\/p>\n<p>&nbsp;<\/p>\n<p>&nbsp;<\/p>\n<p>&nbsp;<\/p>\n<p>&nbsp;<\/p>\n<p>&nbsp;<\/p>\n<p>&nbsp;<\/p>\n<p>&nbsp;<\/p>\n<p>&nbsp;<\/p>\n<p>&nbsp;<\/p>\n<p>&nbsp;<\/p>\n","protected":false},"excerpt":{"rendered":"<p>La Charrer\u00eda en California se une a la lucha contra el c\u00e1ncer \u00a0La tradici\u00f3n mexicana de la charrer\u00eda se convirti\u00f3 en un aliado para la causa contra el c\u00e1ncer durante el evento ben\u00e9fico \u201cCharrer\u00eda Against C\u00e1ncer\u201d del Cl\u00e1sico de las Am\u00e9ricas, que reuni\u00f3 a destacados charros y amantes del deporte ecuestre en un encuentro que [&hellip;]<\/p>\n","protected":false},"author":3,"featured_media":17118,"comment_status":"open","ping_status":"closed","sticky":false,"template":"","format":"standard","meta":{"footnotes":""},"categories":[153],"tags":[556,476,848,849,228],"class_list":["post-17117","post","type-post","status-publish","format-standard","has-post-thumbnail","hentry","category-opinion","tag-adan-leyva-avalos","tag-cancer","tag-charreria-against-cancer","tag-clasico-de-las-americas","tag-entre-piales-y-manganas"],"_links":{"self":[{"href":"https:\/\/noticiasal.com.mx\/index.php\/wp-json\/wp\/v2\/posts\/17117"}],"collection":[{"href":"https:\/\/noticiasal.com.mx\/index.php\/wp-json\/wp\/v2\/posts"}],"about":[{"href":"https:\/\/noticiasal.com.mx\/index.php\/wp-json\/wp\/v2\/types\/post"}],"author":[{"embeddable":true,"href":"https:\/\/noticiasal.com.mx\/index.php\/wp-json\/wp\/v2\/users\/3"}],"replies":[{"embeddable":true,"href":"https:\/\/noticiasal.com.mx\/index.php\/wp-json\/wp\/v2\/comments?post=17117"}],"version-history":[{"count":1,"href":"https:\/\/noticiasal.com.mx\/index.php\/wp-json\/wp\/v2\/posts\/17117\/revisions"}],"predecessor-version":[{"id":17121,"href":"https:\/\/noticiasal.com.mx\/index.php\/wp-json\/wp\/v2\/posts\/17117\/revisions\/17121"}],"wp:featuredmedia":[{"embeddable":true,"href":"https:\/\/noticiasal.com.mx\/index.php\/wp-json\/wp\/v2\/media\/17118"}],"wp:attachment":[{"href":"https:\/\/noticiasal.com.mx\/index.php\/wp-json\/wp\/v2\/media?parent=17117"}],"wp:term":[{"taxonomy":"category","embeddable":true,"href":"https:\/\/noticiasal.com.mx\/index.php\/wp-json\/wp\/v2\/categories?post=17117"},{"taxonomy":"post_tag","embeddable":true,"href":"https:\/\/noticiasal.com.mx\/index.php\/wp-json\/wp\/v2\/tags?post=17117"}],"curies":[{"name":"wp","href":"https:\/\/api.w.org\/{rel}","templated":true}]}}