{"id":17132,"date":"2025-10-06T15:20:48","date_gmt":"2025-10-06T15:20:48","guid":{"rendered":"https:\/\/noticiasal.com.mx\/?p=17132"},"modified":"2025-10-06T15:20:48","modified_gmt":"2025-10-06T15:20:48","slug":"papirolas-2025-supera-los-100-mil-asistentes-eligen-la-magia-de-los-colores-como-tema-de-la-proxima-edicion","status":"publish","type":"post","link":"https:\/\/noticiasal.com.mx\/index.php\/2025\/10\/06\/papirolas-2025-supera-los-100-mil-asistentes-eligen-la-magia-de-los-colores-como-tema-de-la-proxima-edicion\/","title":{"rendered":"Papirolas 2025 supera los 100 mil asistentes; eligen la \u2018magia de los colores\u2019 como tema de la pr\u00f3xima edici\u00f3n\u00a0"},"content":{"rendered":"<ul>\n<li dir=\"ltr\">En esta ocasi\u00f3n se celebraron los 30 a\u00f1os del festival con m\u00faltiples actividades<\/li>\n<\/ul>\n<p dir=\"ltr\">Este a\u00f1o se logr\u00f3 alcanzar las tres cifras de asistencia al Festival creativo para ni\u00f1as, ni\u00f1os y j\u00f3venes Papirolas, con un total de 104 mil personas que recorrieron los pasillos y las salas del Pabell\u00f3n Cultural Universitario, el Conjunto Santander de Artes Esc\u00e9nicas, el \u00c1gora Jenkins y la Plaza Bicentenario.<\/p>\n<p dir=\"ltr\">En esta edici\u00f3n se celebraron 30 a\u00f1os de sembrar la curiosidad y el amor por aprender jugando, compartiendo actividades donde exploran su creatividad y se divierten. Entre las actividades para celebrar se realiz\u00f3 la exposici\u00f3n 30 a\u00f1os del Festival en el Congreso del Estado; la presentaci\u00f3n del libro 30 a\u00f1os de fantas\u00eda, cultura y transformaci\u00f3n que estar\u00e1 a la venta en la Librer\u00eda Carlos Fuentes y otras m\u00faltiples actividades para conmemorar esta importante fecha.<\/p>\n<p dir=\"ltr\">Este a\u00f1o el tema m\u00e1s votado para ser el protagonista de la pr\u00f3xima edici\u00f3n, y que se elige mediante una encuesta realizada a los visitantes, es el de \u201cLa Magia de Los Colores\u201d.<\/p>\n<p dir=\"ltr\"><strong>SALONES DE USOS M\u00daLTIPLES\u00a0<\/strong><\/p>\n<p dir=\"ltr\">Este a\u00f1o presentamos actividades muy variadas en el Sal\u00f3n de Usos M\u00faltiples llamado \u201cLa m\u00e1quina del tiempo\u201d. Tuvimos la presencia de importantes ponentes como Juan Nepote, Nanantli Romo y Paola Palacios del Museo de Ciencias Ambientales, as\u00ed como la escritora Tessie Solinis, el equipo de Curiosamente y el Taller de La Chayotera de la comunidad de Mezcala que promueve el rescate de la cultura Coca.<\/p>\n<p dir=\"ltr\">Entre las actividades m\u00e1s buscadas en el Sal\u00f3n fueron:\u00a0 el Taller de\u00a0 Tejuino: Sabores del tiempo, el espect\u00e1culo \u201cEl conejo de la luna y otros cuentos\u201d,\u00a0 \u201cViaja en el tiempo con Curiosamente\u201d,<\/p>\n<p dir=\"ltr\"><strong>TALLERES<\/strong><\/p>\n<p dir=\"ltr\">Este a\u00f1o se llevaron a cabo 24 talleres, los cu\u00e1les ofertaron 1,243 sesiones en total. Los talleres se dividieron en \u00c1reas tem\u00e1ticas y en rangos de edad: de 0 a 5 a\u00f1os, de 6 a 12 a\u00f1os y de 13 a 18 a\u00f1os de edad. Entre los m\u00e1s populares se pueden destacar: \u201cPinceles por la Justicia\u201d, \u201cCiencia en el Tiempo\u201d, \u201cGuardianes de las flores\u201d y \u201cRa\u00edces de barro\u201d, \u201cExploradores de animales en el mar antiguo\u201d, entre otros.<\/p>\n<p dir=\"ltr\"><strong>EXPOSICIONES<\/strong><\/p>\n<p dir=\"ltr\">Contamos con 9 Exposiciones, de las cuales 4 fueron acompa\u00f1adas con talleres que se llevaron a cabo con mucho \u00e9xito y gran afluencia como: \u201cAnimalia: trazos compartidos\u201d que es una compilaci\u00f3n de pinturas colectivas y la exposici\u00f3n \u201cHistoria de la Medicina\u201d operada por los Hospitales Civiles, la Asociaci\u00f3n Cultural del Hospital Civil \u201cFray Antonio Alcalde\u201d\u00a0 y el Centro Universitario de Tonal\u00e1.<\/p>\n<p dir=\"ltr\"><strong>PABELLONES\u00a0<\/strong><\/p>\n<p dir=\"ltr\">Contamos con 12 Pabellones tem\u00e1ticos dise\u00f1ados y operados por Papirolas y por diversas Instituciones Universitarias y Gubernamentales. En total en estos espacios se ofrecieron 660 horas de actividades.<\/p>\n<p dir=\"ltr\">Entre los m\u00e1s concurridos fu\u00e9 el \u00a0Pabell\u00f3n Papirolas: Viaje al Pasado donde pudieron convivir con el artista Memo Plastilina y aprender a moldear los personajes de esta edici\u00f3n 2025.<\/p>\n<p dir=\"ltr\">Contamos con nuevos aliados universitarios que llevaron con mucho \u00e9xito su Pabell\u00f3n como:\u00a0 \u201cPinceles y Pixeles\u201d operado por Fomento al Desarrollo Integral, \u201cRetrovisor: Restos visuales del ayer\u201d de la Coordinaci\u00f3n General de Patrimonio Universitario y\u00a0 Prepas UDG de Sistema de Educaci\u00f3n Media Superior.<\/p>\n<p dir=\"ltr\"><strong>ESPECT\u00c1CULOS<\/strong><\/p>\n<p dir=\"ltr\">Este a\u00f1o casi duplicamos nuestros espect\u00e1culos, pasamos de 20 a 36 actividades en el Conjunto Santander de Artes Esc\u00e9nicas y el \u00c1gora Jenkins. Contamos con la participaci\u00f3n de 1,410 artistas en 161 funciones en los 5 teatros que se habilitaron durante el festival. Adem\u00e1s de m\u00faltiples artes esc\u00e9nicas de calle como la comparsa Papirolas, m\u00fasicos y\u00a0 magos.<\/p>\n<p dir=\"ltr\"><strong>VISITA DE ESCUELAS<\/strong><\/p>\n<p dir=\"ltr\">En cuanto a la participaci\u00f3n de instituciones educativas, llegamos a 450 grupos escolares de 156 escuelas de 14 municipios. Los ni\u00f1os que m\u00e1s nos visitaron fueron de 6 a 12 a\u00f1os. Adem\u00e1s se apoyaron a 30 escuelas y asociaciones civiles con boletos de cortes\u00eda para el festival.<\/p>\n<p dir=\"ltr\"><strong>NUMERALIA:<\/strong><\/p>\n<ul>\n<li dir=\"ltr\" role=\"presentation\">104 mil asistentes en todo el Festival<\/li>\n<li dir=\"ltr\" role=\"presentation\">12 Pabellones<\/li>\n<li dir=\"ltr\" role=\"presentation\">9 Exposiciones de las cuales 4 fueron acompa\u00f1adas con talleres.<\/li>\n<li dir=\"ltr\" role=\"presentation\">3 instalaciones art\u00edsticas<\/li>\n<li dir=\"ltr\" role=\"presentation\">3 Salas de lectura y descanso instaladas y operadas por la Biblioteca P\u00fablica del Estado con tem\u00e1ticas diversas: Laboratorio de conservaci\u00f3n y restauraci\u00f3n, Bestiario mediateca, Dinosaurios, agua y vida: un viaje al pasado.<\/li>\n<li dir=\"ltr\" role=\"presentation\">24 Talleres organizados en las diferentes \u00e1reas tem\u00e1ticas<\/li>\n<li dir=\"ltr\" role=\"presentation\">5 en Revoluci\u00f3n cient\u00edfica y cultural<\/li>\n<li dir=\"ltr\" role=\"presentation\">5 en Grandes civilizaciones<\/li>\n<li dir=\"ltr\" role=\"presentation\">5 en Gigantes y prehistoria<\/li>\n<li dir=\"ltr\" role=\"presentation\">5 en Ra\u00edces Vivas<\/li>\n<li dir=\"ltr\" role=\"presentation\">4 en la Plaza del Bicentenario.<\/li>\n<li dir=\"ltr\" role=\"presentation\">1 Sal\u00f3n de Usos M\u00faltiples con 17 \u00a0actividades diferentes (talleres, charlas y espect\u00e1culos) en 33 sesiones.<\/li>\n<li dir=\"ltr\" role=\"presentation\">60 talleristas<\/li>\n<li dir=\"ltr\" role=\"presentation\">36 Espect\u00e1culos<\/li>\n<li dir=\"ltr\" role=\"presentation\">1,410 Artistas<\/li>\n<li dir=\"ltr\" role=\"presentation\">161 Funciones en el CSAE y el \u00c1gora Jenkins<\/li>\n<li dir=\"ltr\" role=\"presentation\">40 Recorridos de la comparsa Papirolas<\/li>\n<li dir=\"ltr\" role=\"presentation\">5 Teatros para espect\u00e1culos en gran formato en el CSAE (4) m\u00e1s el \u00c1gora Jenkins.<\/li>\n<li dir=\"ltr\" role=\"presentation\">30 \u00a0Actividades Especiales<\/li>\n<li dir=\"ltr\" role=\"presentation\">10 Ponentes | Conferencistas<\/li>\n<li dir=\"ltr\" role=\"presentation\">31 Actividades Virtuales<\/li>\n<li dir=\"ltr\" role=\"presentation\">62 Stands<\/li>\n<li dir=\"ltr\" role=\"presentation\">113 Patrocinadores<\/li>\n<li dir=\"ltr\" role=\"presentation\">408 Prestadores de servicio social de 19 instituciones educativas<\/li>\n<li dir=\"ltr\" role=\"presentation\">450 grupos escolares de 156 escuelas de 14 municipios<\/li>\n<li dir=\"ltr\" role=\"presentation\">\u2060Rango de edad que m\u00e1s visit\u00f3 el festival: 6 a 12<\/li>\n<li dir=\"ltr\" role=\"presentation\">30 escuelas y asociaciones civiles apoyadas con boletos de cortes\u00eda para el festival<\/li>\n<\/ul>\n","protected":false},"excerpt":{"rendered":"<p>En esta ocasi\u00f3n se celebraron los 30 a\u00f1os del festival con m\u00faltiples actividades Este a\u00f1o se logr\u00f3 alcanzar las tres cifras de asistencia al Festival creativo para ni\u00f1as, ni\u00f1os y j\u00f3venes Papirolas, con un total de 104 mil personas que recorrieron los pasillos y las salas del Pabell\u00f3n Cultural Universitario, el Conjunto Santander de Artes [&hellip;]<\/p>\n","protected":false},"author":9,"featured_media":17133,"comment_status":"open","ping_status":"closed","sticky":false,"template":"","format":"standard","meta":{"footnotes":""},"categories":[154],"tags":[178,845],"class_list":["post-17132","post","type-post","status-publish","format-standard","has-post-thumbnail","hentry","category-jalisco","tag-jalisco","tag-papirolas"],"_links":{"self":[{"href":"https:\/\/noticiasal.com.mx\/index.php\/wp-json\/wp\/v2\/posts\/17132"}],"collection":[{"href":"https:\/\/noticiasal.com.mx\/index.php\/wp-json\/wp\/v2\/posts"}],"about":[{"href":"https:\/\/noticiasal.com.mx\/index.php\/wp-json\/wp\/v2\/types\/post"}],"author":[{"embeddable":true,"href":"https:\/\/noticiasal.com.mx\/index.php\/wp-json\/wp\/v2\/users\/9"}],"replies":[{"embeddable":true,"href":"https:\/\/noticiasal.com.mx\/index.php\/wp-json\/wp\/v2\/comments?post=17132"}],"version-history":[{"count":1,"href":"https:\/\/noticiasal.com.mx\/index.php\/wp-json\/wp\/v2\/posts\/17132\/revisions"}],"predecessor-version":[{"id":17134,"href":"https:\/\/noticiasal.com.mx\/index.php\/wp-json\/wp\/v2\/posts\/17132\/revisions\/17134"}],"wp:featuredmedia":[{"embeddable":true,"href":"https:\/\/noticiasal.com.mx\/index.php\/wp-json\/wp\/v2\/media\/17133"}],"wp:attachment":[{"href":"https:\/\/noticiasal.com.mx\/index.php\/wp-json\/wp\/v2\/media?parent=17132"}],"wp:term":[{"taxonomy":"category","embeddable":true,"href":"https:\/\/noticiasal.com.mx\/index.php\/wp-json\/wp\/v2\/categories?post=17132"},{"taxonomy":"post_tag","embeddable":true,"href":"https:\/\/noticiasal.com.mx\/index.php\/wp-json\/wp\/v2\/tags?post=17132"}],"curies":[{"name":"wp","href":"https:\/\/api.w.org\/{rel}","templated":true}]}}