{"id":17288,"date":"2025-10-15T17:26:58","date_gmt":"2025-10-15T17:26:58","guid":{"rendered":"https:\/\/noticiasal.com.mx\/?p=17288"},"modified":"2025-10-15T17:26:58","modified_gmt":"2025-10-15T17:26:58","slug":"mas-de-1500-bailarines-de-folclor-llegaran-a-puerto-vallarta-para-celebrar-la-cultura-mexicana","status":"publish","type":"post","link":"https:\/\/noticiasal.com.mx\/index.php\/2025\/10\/15\/mas-de-1500-bailarines-de-folclor-llegaran-a-puerto-vallarta-para-celebrar-la-cultura-mexicana\/","title":{"rendered":"M\u00e1s de 1,500 bailarines de folclor llegar\u00e1n a Puerto Vallarta para celebrar la cultura mexicana"},"content":{"rendered":"<p><strong>Puerto Vallarta, Jalisco, octubre de 2025.<\/strong> \u2014 Por noveno a\u00f1o consecutivo, <strong>Puerto Vallarta<\/strong> ser\u00e1 sede del <strong>Concurso Nacional de Danza Folcl\u00f3rica<\/strong>, evento que reunir\u00e1 a m\u00e1s de <strong>65 agrupaciones<\/strong> de distintos estados de M\u00e9xico.<br \/>\nOrganizado por la <strong>Asociaci\u00f3n Civil Festival Vallarta Azteca del Folclor Internacional<\/strong> y el <strong>Grupo Folcl\u00f3rico Vallarta Azteca<\/strong>, bajo la direcci\u00f3n del <strong>Profesor Antonio Salcedo<\/strong>, el concurso promete una celebraci\u00f3n cultural sin precedentes.<\/p>\n<p>Del <strong>16 al 19 de octubre<\/strong>, m\u00e1s de <strong>2,500 visitantes<\/strong> entre bailarines, familiares y p\u00fablico podr\u00e1n disfrutar del <strong>folclor mexicano en su m\u00e1xima expresi\u00f3n<\/strong> y explorar los atractivos tur\u00edsticos de Puerto Vallarta.<\/p>\n<p>Las competencias se llevar\u00e1n a cabo los d\u00edas <strong>16, 17 y 18 de octubre<\/strong> en el <strong>Teatro Vallarta<\/strong> y el <strong>Auditorio del CECATUR<\/strong>. Los horarios completos se encuentran en las redes sociales del concurso, y los boletos estar\u00e1n disponibles en taquilla el d\u00eda del evento.<\/p>\n<p>Como parte del <strong>programa cultural gratuito<\/strong>, el <strong>s\u00e1bado 18 de octubre<\/strong> se realizar\u00e1n <strong>exhibiciones art\u00edsticas<\/strong> en los <strong>Arcos del Malec\u00f3n<\/strong> desde las <strong>6:00 p.m.<\/strong><strong>,<\/strong> abiertas a locales y turistas.<\/p>\n<p>La <strong>ceremonia de premiaci\u00f3n oficial<\/strong> ser\u00e1 el mismo d\u00eda a las <strong>8:00 p.m.<\/strong>, en el <strong>Auditorio al Aire Libre Aquiles Serd\u00e1n (Los Arcos del Malec\u00f3n)<\/strong>, donde se anunciar\u00e1n los grupos ganadores de esta edici\u00f3n.<\/p>\n<blockquote><p>\u201cNuestro compromiso es seguir atrayendo turismo cultural a Puerto Vallarta, y qu\u00e9 mejor que a trav\u00e9s de nuestras ra\u00edces, tradiciones y danza folcl\u00f3rica\u201d, se\u00f1al\u00f3 el <strong>Profesor Antonio Salcedo<\/strong><strong>.<\/strong><\/p><\/blockquote>\n<p>El evento cuenta con el apoyo del <strong>Fideicomiso de Turismo de Puerto Vallarta<\/strong>, el <strong>H. Ayuntamiento de Puerto Vallarta<\/strong>, el <strong>Instituto Vallartense de Cultura<\/strong> y la <strong>Oficina de Turismo Municipal<\/strong>.<\/p>\n<p> <strong>M\u00e1s informaci\u00f3n:<\/strong><br \/>\n <em>Concurso Nacional de Danza Folcl\u00f3rica en Puerto Vallarta<\/em><\/p>\n<p>&nbsp;<\/p>\n<p>&nbsp;<\/p>\n<p>&nbsp;<\/p>\n<p>&nbsp;<\/p>\n<p>&nbsp;<\/p>\n<p>&nbsp;<\/p>\n","protected":false},"excerpt":{"rendered":"<p>Puerto Vallarta, Jalisco, octubre de 2025. \u2014 Por noveno a\u00f1o consecutivo, Puerto Vallarta ser\u00e1 sede del Concurso Nacional de Danza Folcl\u00f3rica, evento que reunir\u00e1 a m\u00e1s de 65 agrupaciones de distintos estados de M\u00e9xico. Organizado por la Asociaci\u00f3n Civil Festival Vallarta Azteca del Folclor Internacional y el Grupo Folcl\u00f3rico Vallarta Azteca, bajo la direcci\u00f3n del [&hellip;]<\/p>\n","protected":false},"author":9,"featured_media":17289,"comment_status":"open","ping_status":"closed","sticky":false,"template":"","format":"standard","meta":{"footnotes":""},"categories":[159],"tags":[887,886,187],"class_list":["post-17288","post","type-post","status-publish","format-standard","has-post-thumbnail","hentry","category-puerto-vallarta","tag-concurso","tag-folclor","tag-puerto-vallarta"],"_links":{"self":[{"href":"https:\/\/noticiasal.com.mx\/index.php\/wp-json\/wp\/v2\/posts\/17288"}],"collection":[{"href":"https:\/\/noticiasal.com.mx\/index.php\/wp-json\/wp\/v2\/posts"}],"about":[{"href":"https:\/\/noticiasal.com.mx\/index.php\/wp-json\/wp\/v2\/types\/post"}],"author":[{"embeddable":true,"href":"https:\/\/noticiasal.com.mx\/index.php\/wp-json\/wp\/v2\/users\/9"}],"replies":[{"embeddable":true,"href":"https:\/\/noticiasal.com.mx\/index.php\/wp-json\/wp\/v2\/comments?post=17288"}],"version-history":[{"count":1,"href":"https:\/\/noticiasal.com.mx\/index.php\/wp-json\/wp\/v2\/posts\/17288\/revisions"}],"predecessor-version":[{"id":17290,"href":"https:\/\/noticiasal.com.mx\/index.php\/wp-json\/wp\/v2\/posts\/17288\/revisions\/17290"}],"wp:featuredmedia":[{"embeddable":true,"href":"https:\/\/noticiasal.com.mx\/index.php\/wp-json\/wp\/v2\/media\/17289"}],"wp:attachment":[{"href":"https:\/\/noticiasal.com.mx\/index.php\/wp-json\/wp\/v2\/media?parent=17288"}],"wp:term":[{"taxonomy":"category","embeddable":true,"href":"https:\/\/noticiasal.com.mx\/index.php\/wp-json\/wp\/v2\/categories?post=17288"},{"taxonomy":"post_tag","embeddable":true,"href":"https:\/\/noticiasal.com.mx\/index.php\/wp-json\/wp\/v2\/tags?post=17288"}],"curies":[{"name":"wp","href":"https:\/\/api.w.org\/{rel}","templated":true}]}}