{"id":17941,"date":"2025-11-18T03:48:39","date_gmt":"2025-11-18T03:48:39","guid":{"rendered":"https:\/\/noticiasal.com.mx\/?p=17941"},"modified":"2025-11-18T14:04:58","modified_gmt":"2025-11-18T14:04:58","slug":"68-pensando-pensando-usemos-las-palabras-con-carino-por-favor","status":"publish","type":"post","link":"https:\/\/noticiasal.com.mx\/index.php\/2025\/11\/18\/68-pensando-pensando-usemos-las-palabras-con-carino-por-favor\/","title":{"rendered":"#68 Pensando&#8230;Pensando&#8230; Usemos las palabras con cari\u00f1o, por favor."},"content":{"rendered":"<p><strong>Pedro Galv\u00e1n.- <\/strong>Esto es lo que nos dice ChatGPT o cualquier otra inteligencia artificial, cuando est\u00e1 procesando informaci\u00f3n: \u201cPensando\u2026 Pensando\u2026\u201d y estoy seguro de que alg\u00fan ser humano muy ingenioso fue quien decidi\u00f3 ponerle esa palabra: pensando para darle un cariz m\u00e1s \u00e9pico.<\/p>\n<p>Yo cre\u00eda que pensar era algo exclusivo de los humanos, porque en ese acto misterioso mezclamos intuici\u00f3n, l\u00f3gica, emociones, deseos, ignorancia, principios, sesgos y hasta fantasmas.<\/p>\n<blockquote><p>Pensar no es solo razonar: es dudar, imaginar, sentir y contradecirnos. En esa mezcla imperfecta radica precisamente lo que nos hace humanos.<\/p><\/blockquote>\n<p>Dos personas pueden pensar brillantemente y ser dos tiranos alocados o postulantes al Premio Nobel de la Paz. La subjetividad del resultado recae en nosotros.<\/p>\n<p>La paradoja me atrapa cada vez que leo el \u201cpensando\u2026 pensando\u201d de una IA. \u00bfNo ser\u00eda m\u00e1s honesto que dijeran \u201cprocesando\u2026 procesando\u201d o \u201canalizando\u2026 analizando\u201d? Tal vez alguien podr\u00eda avisar a los genios que crean las IA y comentarles que nos quedan pocas cosas verdaderamente humanas, y una de ellas es el acto \u2014tan hermoso como ca\u00f3tico\u2014 de pensar.<\/p>\n<p>Es cierto que a menudo pensamos mal. Nos equivocamos, nos dejamos llevar por las emociones, tomamos decisiones absurdas. Pero al menos son nuestras equivocaciones, no las de un mill\u00f3n de l\u00edneas de c\u00f3digo que \u201cdicen\u201d que piensan. Las m\u00e1quinas, hasta donde s\u00e9, y salvo que Skynet haya creado ya al Terminator, no piensan: calculan, predicen, asocian patrones. No sienten intuici\u00f3n, no se contradicen por dentro, no conocen la incomodidad de una disonancia cognitiva.<\/p>\n<p>Pueden imitar nuestro pensamiento, simularlo, incluso mejorarlo en velocidad de an\u00e1lisis y comprensi\u00f3n de millones de datos, pero no lo viven. Pensar, en el sentido m\u00e1s profundo, implica conciencia y subjetividad, dos territorios a\u00fan vedados a los algoritmos.<\/p>\n<p>Ellos acumulan datos, los ordenan, resumen y dibujan, como gr\u00faas gigantes que levantan pesos que nosotros no podr\u00edamos\u2026 pero sin saber para qu\u00e9 lo hacen.<\/p>\n<p>Y entonces me acuerdo de HAL, en 2001: Una odisea del espacio, preguntando antes de ser desconectado: \u201c\u00bfSo\u00f1ar\u00e9?\u201d. Tal vez alg\u00fan d\u00eda lo hagan. Tal vez incluso ya sue\u00f1an sin que lo sepamos. Pero mientras tanto, y aunque parezca una reflexi\u00f3n sin m\u00e1s, les ruego a quienes dise\u00f1an esas m\u00e1quinas que no les hagan decir pensando\u2026 pensando\u2026. Que elijan cualquier otra palabra.<\/p>\n<p>Porque el pensar, ese verbo imperfecto, contradictorio y hermoso, sigue siendo lo que nos mantiene humanos. Demasiado humanos.<\/p>\n","protected":false},"excerpt":{"rendered":"<p>Pedro Galv\u00e1n.- Esto es lo que nos dice ChatGPT o cualquier otra inteligencia artificial, cuando est\u00e1 procesando informaci\u00f3n: \u201cPensando\u2026 Pensando\u2026\u201d y estoy seguro de que alg\u00fan ser humano muy ingenioso fue quien decidi\u00f3 ponerle esa palabra: pensando para darle un cariz m\u00e1s \u00e9pico. Yo cre\u00eda que pensar era algo exclusivo de los humanos, porque en [&hellip;]<\/p>\n","protected":false},"author":9,"featured_media":17942,"comment_status":"open","ping_status":"closed","sticky":false,"template":"","format":"standard","meta":{"footnotes":""},"categories":[149,152],"tags":[438,991],"class_list":["post-17941","post","type-post","status-publish","format-standard","has-post-thumbnail","hentry","category-mundo","category-tecnologia","tag-ia","tag-pedro-galvan"],"_links":{"self":[{"href":"https:\/\/noticiasal.com.mx\/index.php\/wp-json\/wp\/v2\/posts\/17941"}],"collection":[{"href":"https:\/\/noticiasal.com.mx\/index.php\/wp-json\/wp\/v2\/posts"}],"about":[{"href":"https:\/\/noticiasal.com.mx\/index.php\/wp-json\/wp\/v2\/types\/post"}],"author":[{"embeddable":true,"href":"https:\/\/noticiasal.com.mx\/index.php\/wp-json\/wp\/v2\/users\/9"}],"replies":[{"embeddable":true,"href":"https:\/\/noticiasal.com.mx\/index.php\/wp-json\/wp\/v2\/comments?post=17941"}],"version-history":[{"count":2,"href":"https:\/\/noticiasal.com.mx\/index.php\/wp-json\/wp\/v2\/posts\/17941\/revisions"}],"predecessor-version":[{"id":17945,"href":"https:\/\/noticiasal.com.mx\/index.php\/wp-json\/wp\/v2\/posts\/17941\/revisions\/17945"}],"wp:featuredmedia":[{"embeddable":true,"href":"https:\/\/noticiasal.com.mx\/index.php\/wp-json\/wp\/v2\/media\/17942"}],"wp:attachment":[{"href":"https:\/\/noticiasal.com.mx\/index.php\/wp-json\/wp\/v2\/media?parent=17941"}],"wp:term":[{"taxonomy":"category","embeddable":true,"href":"https:\/\/noticiasal.com.mx\/index.php\/wp-json\/wp\/v2\/categories?post=17941"},{"taxonomy":"post_tag","embeddable":true,"href":"https:\/\/noticiasal.com.mx\/index.php\/wp-json\/wp\/v2\/tags?post=17941"}],"curies":[{"name":"wp","href":"https:\/\/api.w.org\/{rel}","templated":true}]}}