{"id":17971,"date":"2025-11-19T04:33:28","date_gmt":"2025-11-19T04:33:28","guid":{"rendered":"https:\/\/noticiasal.com.mx\/?p=17971"},"modified":"2025-11-19T04:33:28","modified_gmt":"2025-11-19T04:33:28","slug":"entre-piales-y-manganas-reloj-caballo-y-mujer-tener-bueno-o-no-tener","status":"publish","type":"post","link":"https:\/\/noticiasal.com.mx\/index.php\/2025\/11\/19\/entre-piales-y-manganas-reloj-caballo-y-mujer-tener-bueno-o-no-tener\/","title":{"rendered":"Entre Piales y Manganas: \u201cReloj, caballo y mujer, tener bueno o no tener\u201d  \u00a0"},"content":{"rendered":"<ul>\n<li><strong>Emmanuel Rodr\u00edguez un pial y seis manganas para Campe\u00f3n del Capacha<\/strong><\/li>\n<\/ul>\n<figure id=\"attachment_16342\" aria-describedby=\"caption-attachment-16342\" style=\"width: 300px\" class=\"wp-caption alignleft\"><img loading=\"lazy\" decoding=\"async\" class=\"blazy size-medium wp-image-16342\" src=\"https:\/\/noticiasal.com.mx\/wp-content\/themes\/news\/assets\/images\/picture_placeholder_list.jpg\" data-src=\"https:\/\/noticiasal.com.mx\/wp-content\/uploads\/2025\/08\/ADANLEYVa-300x111.jpg\" alt=\"\" width=\"300\" height=\"111\" \/><figcaption id=\"caption-attachment-16342\" class=\"wp-caption-text\"><noscript><img loading=\"lazy\" decoding=\"async\" class=\"size-medium wp-image-16342\" src=\"https:\/\/noticiasal.com.mx\/wp-content\/uploads\/2025\/08\/ADANLEYVa-300x111.jpg\" alt=\"\" width=\"300\" height=\"111\" srcset=\"https:\/\/noticiasal.com.mx\/wp-content\/uploads\/2025\/08\/ADANLEYVa-300x111.jpg 300w, https:\/\/noticiasal.com.mx\/wp-content\/uploads\/2025\/08\/ADANLEYVa-1024x381.jpg 1024w, https:\/\/noticiasal.com.mx\/wp-content\/uploads\/2025\/08\/ADANLEYVa-768x285.jpg 768w, https:\/\/noticiasal.com.mx\/wp-content\/uploads\/2025\/08\/ADANLEYVa.jpg 1488w\" sizes=\"(max-width: 300px) 100vw, 300px\" \/><\/noscript> Ad\u00e1n Leyva Avalos<\/figcaption><\/figure>\n<p>Hay un nuevo campe\u00f3n del tradicional Torneo Nacional de Charro Completo \u201cTrofeo Capacha\u201d de la emblem\u00e1tica y se\u00f1orial Colima y es Emmanuel Salvador Rodr\u00edguez Morales, quien vino, vio y venci\u00f3, para inscribir su nombre en la lista de campeones de la edici\u00f3n XLI, de este tradicional torneo.<\/p>\n<p>El se impuso con 278 puntos, en emotiva final al ahora ex monarca Jaime Jos\u00e9 Michel Vel\u00e1zquez (222), al tambi\u00e9n novel Jos\u00e9 Mar\u00eda Vizcarra del Toro (178) y el ganador del 2023, Juan Pablo Dwyer Razo quien finaliz\u00f3 con 155 puntos.<\/p>\n<p>En este Trofeo Capacha 2025, se le rindi\u00f3 homenaje a la memoria de Jaime Ernesto Schulte Brizuela, unos de los fundadores de la Asociaci\u00f3n de Charros Camino Real de Colima.<\/p>\n<p>Una final que respond\u00eda a las expectativas, donde se esperaba piales de todos, solo se le fue al campe\u00f3n 2022 y 2024, Jaime Michel; mientras Juan Pablo Dwyer, primero en turno y el ahora nuevo campe\u00f3n, Emmanuel Rodr\u00edguez, respond\u00edan con uno, y sorprend\u00eda Jos\u00e9 Mar\u00eda Vizcarra con dos.<\/p>\n<p>En la primera parte, hasta el jineteo de toro, cuando se dio paso a la exhibici\u00f3n de escaramuzas. Dwyer marchaba con 100 buenos, Vizcarra se quedaba con 114, luego de ser derribado por el toro; Michel con 96 y \u201cPanchito\u201d Rodr\u00edguez con 109.<\/p>\n<p>En las manganas se decide todo, el m\u00e1s certero se llevar\u00e1 el \u201cTrofeo Capacha\u201d, y as\u00ed fue.<\/p>\n<p>Juan Pablo solo agarr\u00f3 una a pie; Jos\u00e9 Mar\u00eda peg\u00f3 tres, solo dos fueron de cuenta, las de a caballo; Jaime Jos\u00e9 festej\u00f3 cuatro, dos a pie y dos sobre el penco, para ponerle presi\u00f3n al Emmanuel Salvador, quien se impuso a ella, meti\u00f3 las seis manganas, y as\u00ed antes del paso de la muerte ya ten\u00eda la corona puesta.<\/p>\n<p>&nbsp;<\/p>\n<p><strong>EL PROXIMO A\u00d1O PODRIA SER FEDERADO<\/strong><\/p>\n<p>Tras la premiaci\u00f3n respectiva, hubo palabras de Daniel Orozco Esp\u00edritu, presidente de la Asociaci\u00f3n Camino Real, agradeciendo la participaci\u00f3n de los charros completos en liza, a su equipo de apoyo, al Gobierno del Estado por el respaldo brindado a trav\u00e9s del titular del Iffecol.<\/p>\n<p>Record\u00f3 los honores que se rindieron con este torneo a la memoria de Jaime Ernesto Schulte Brizuela, y tambi\u00e9n la gesti\u00f3n que avanza, para que entre el \u201cTrofeo Capacha\u201d al calendario de competencias oficiales de la Federaci\u00f3n Mexicana de Charrer\u00eda.<\/p>\n<p>Y, ya entrada la noche, clausur\u00f3 esta XLI edici\u00f3n del \u201cTrofeo Capacha\u201d, el presidente de la Federaci\u00f3n Mexicana de Charrer\u00eda, Salvador Barajas del Toro, quien felicit\u00f3 al comit\u00e9 organizador por este Torneo en el que, record\u00f3, \u201cmuchos nos hicimos charros completos\u201d, citando algunos nombres de amigos de la Regi\u00f3n que se ven\u00edan al mismo.<\/p>\n<p>Asimismo, destac\u00f3 que las gestiones para integrarlo al calendario de la Federaci\u00f3n, est\u00e1n avanzando y ahora que estamos dentro, \u201charemos lo posible por hacer posible el sue\u00f1o de la Asociaci\u00f3n Camino Real de Colima y charros participantes de integrarlo a los torneos oficiales y de un boleto al Congreso y Campeonato Nacional en turno\u201d.<\/p>\n<figure id=\"attachment_17973\" aria-describedby=\"caption-attachment-17973\" style=\"width: 1129px\" class=\"wp-caption aligncenter\"><img loading=\"lazy\" decoding=\"async\" class=\"blazy wp-image-17973 \" src=\"https:\/\/noticiasal.com.mx\/wp-content\/themes\/news\/assets\/images\/picture_placeholder_list.jpg\" data-src=\"https:\/\/noticiasal.com.mx\/wp-content\/uploads\/2025\/11\/capacha-135-1.jpeg\" alt=\"\" width=\"1129\" height=\"623\" \/><figcaption id=\"caption-attachment-17973\" class=\"wp-caption-text\"><noscript><img loading=\"lazy\" decoding=\"async\" class=\"wp-image-17973 \" src=\"https:\/\/noticiasal.com.mx\/wp-content\/uploads\/2025\/11\/capacha-135-1.jpeg\" alt=\"\" width=\"1129\" height=\"623\" srcset=\"https:\/\/noticiasal.com.mx\/wp-content\/uploads\/2025\/11\/capacha-135-1.jpeg 1600w, https:\/\/noticiasal.com.mx\/wp-content\/uploads\/2025\/11\/capacha-135-1-300x166.jpeg 300w, https:\/\/noticiasal.com.mx\/wp-content\/uploads\/2025\/11\/capacha-135-1-1024x565.jpeg 1024w, https:\/\/noticiasal.com.mx\/wp-content\/uploads\/2025\/11\/capacha-135-1-768x424.jpeg 768w, https:\/\/noticiasal.com.mx\/wp-content\/uploads\/2025\/11\/capacha-135-1-1536x848.jpeg 1536w\" sizes=\"(max-width: 1129px) 100vw, 1129px\" \/><\/noscript> Los cuatro finalistas dieron el todo por el todo<\/figcaption><\/figure>\n<p><strong>RADIOGRAF\u00cdA DE LA FINAL<\/strong><\/p>\n<p>La fiesta por el t\u00edtulo del XLI Trofeo Capacha comenz\u00f3 con Juan Pablo Dwyer Razo (Hacienda Dwyer) calando su \u201ccuaco\u201d para 33 unidades; Jos\u00e9 Mar\u00eda Vizcarra del Toro (Rancho Loma Linda de Arizona, EEUU), lograba 34 buenos.<\/p>\n<p>Jaime Jos\u00e9 Michel Vel\u00e1zquez (ahora con Hierro Santo de Campeche), alcanzaba de 38 y Emmanuel Salvador Rodr\u00edguez Morales (oriundo de Tonal\u00e1, Jal), cerraba con 36. Se fueron al lienzo a pialar, y desde el primer disparo hubo quema de Santo Madero.<\/p>\n<p>Juan Pablo meti\u00f3 uno de 22, el segundo en torno Jos\u00e9 Mar\u00eda Vizcarra chorre\u00f3 de 21 y 18, en sus dos primeros turnos, Jaime Michel se fue 0-2, en el que hab\u00eda cuajado, y Emmanuel se fue con uno de 22. As\u00ed a la tumba de cuero llegaban con 55 Dwyer, 73 Vizcarra, 36 Michel, y 58 Rodr\u00edguez.<\/p>\n<p>Son\u00f3 la Marcha Zacatecas que anuncia el tiempo de ir al coleadero. Juan Pablo esta vez derrib\u00f3 cuero de 30 (6, 15 y 9); Jos\u00e9 Mar\u00eda sigui\u00f3 en su tenor de m\u00e1ximo exponente con 41 (13, 15 y 13); Jaime Jos\u00e9 recuperaba terreno con 38 (11, 12 y 15), y Emmanuel Salvador yendo de menos a m\u00e1s manten\u00eda el paso con 37.<\/p>\n<p>Se cierran las puertas grandes y comienzan las conjeturas, porque va recio Vizcarra con 114, por 100 de Dwyer, 96 de Michel, y 95 del tambi\u00e9n conocido como \u201c30-30\u201d Rodr\u00edguez.<\/p>\n<p>Cuenta la suerte del novillo que te toque. As\u00ed, Dwyer apunt\u00f3 15 en su jineteada, Vizcarra se cay\u00f3 del toro, Michel brind\u00f3 la mejor monta, le gan\u00f3 22 al \u201cburel\u201d y Emmanuel le jug\u00f3 para 14.<\/p>\n<p>A la reina de las faenas llegan con: 100 puntos, Juan Pablo; 114, Jos\u00e9 Mar\u00eda; 96, Jaime y 109 Emmanuel.<\/p>\n<p>Contra todo pron\u00f3stico Dwyer se va en blanco en las de a pie y llega a 129 tantos.<\/p>\n<p>La expectativa segu\u00eda con Vizcarra, quien dos d\u00edas antes hab\u00eda brindado buenas manganas. Suma 158 unidades.<\/p>\n<p>Sigue alta la tensi\u00f3n cuando llega el ex campe\u00f3n Jaime Michel a la l\u00ednea de los cuatro metros, cuaja al momento 200 bonos.<\/p>\n<p>Y llega la hora del mejor en la eliminatoria, el \u201c30-30\u201d Rodr\u00edguez, quien tras cuajar sus dos primeras manganas a pie, de 25 cada una, se pon\u00eda ya como favorito del p\u00fablico, al que le arranca la ovaci\u00f3n y le llueven prendas al ruedo cuando ensarta la tercera de 21, agregando uno de tiempo. 72 m\u00e1s al bolso, y estaba ya con 182 unidades.<\/p>\n<p>Quedaban las de a caballo. Una y el paso, y hay nuevo campe\u00f3n. Sin embargo, \u00e9l sal\u00eda por todas las canicas de campe\u00f3n. Hila su cuarta mangana, con la primera sobre el penco de 24, ya tiene la corona, con el paso. Una m\u00e1s y asegura, la mete y cobra 24 m\u00e1s, pero faltaba el cierre de la reina de las faenas, lo hac\u00eda con una cara, de 27, a\u00f1adiendo uno de tiempo y fue la apoteosis en el coloso de La Estancia. Fotos: Christian Cabrera Valdovinos y hasta del Cande&#8230;<\/p>\n<figure id=\"attachment_17974\" aria-describedby=\"caption-attachment-17974\" style=\"width: 1128px\" class=\"wp-caption aligncenter\"><img loading=\"lazy\" decoding=\"async\" class=\"blazy wp-image-17974 \" src=\"https:\/\/noticiasal.com.mx\/wp-content\/themes\/news\/assets\/images\/picture_placeholder_list.jpg\" data-src=\"https:\/\/noticiasal.com.mx\/wp-content\/uploads\/2025\/11\/CAPACHA-139.jpeg\" alt=\"\" width=\"1128\" height=\"698\" \/><figcaption id=\"caption-attachment-17974\" class=\"wp-caption-text\"><noscript><img loading=\"lazy\" decoding=\"async\" class=\"wp-image-17974 \" src=\"https:\/\/noticiasal.com.mx\/wp-content\/uploads\/2025\/11\/CAPACHA-139.jpeg\" alt=\"\" width=\"1128\" height=\"698\" srcset=\"https:\/\/noticiasal.com.mx\/wp-content\/uploads\/2025\/11\/CAPACHA-139.jpeg 1600w, https:\/\/noticiasal.com.mx\/wp-content\/uploads\/2025\/11\/CAPACHA-139-300x186.jpeg 300w, https:\/\/noticiasal.com.mx\/wp-content\/uploads\/2025\/11\/CAPACHA-139-1024x634.jpeg 1024w, https:\/\/noticiasal.com.mx\/wp-content\/uploads\/2025\/11\/CAPACHA-139-768x475.jpeg 768w, https:\/\/noticiasal.com.mx\/wp-content\/uploads\/2025\/11\/CAPACHA-139-1536x950.jpeg 1536w\" sizes=\"(max-width: 1128px) 100vw, 1128px\" \/><\/noscript> Gran expectaci\u00f3n por ver la final de los charros completos en las gradas del lienzo en Colima.<\/figcaption><\/figure>\n<p>&nbsp;<\/p>\n<p>&nbsp;<\/p>\n","protected":false},"excerpt":{"rendered":"<p>Emmanuel Rodr\u00edguez un pial y seis manganas para Campe\u00f3n del Capacha Hay un nuevo campe\u00f3n del tradicional Torneo Nacional de Charro Completo \u201cTrofeo Capacha\u201d de la emblem\u00e1tica y se\u00f1orial Colima y es Emmanuel Salvador Rodr\u00edguez Morales, quien vino, vio y venci\u00f3, para inscribir su nombre en la lista de campeones de la edici\u00f3n XLI, de [&hellip;]<\/p>\n","protected":false},"author":3,"featured_media":17972,"comment_status":"open","ping_status":"closed","sticky":false,"template":"","format":"standard","meta":{"footnotes":""},"categories":[153],"tags":[1000,228],"class_list":["post-17971","post","type-post","status-publish","format-standard","has-post-thumbnail","hentry","category-opinion","tag-campeon-del-capacha","tag-entre-piales-y-manganas"],"_links":{"self":[{"href":"https:\/\/noticiasal.com.mx\/index.php\/wp-json\/wp\/v2\/posts\/17971"}],"collection":[{"href":"https:\/\/noticiasal.com.mx\/index.php\/wp-json\/wp\/v2\/posts"}],"about":[{"href":"https:\/\/noticiasal.com.mx\/index.php\/wp-json\/wp\/v2\/types\/post"}],"author":[{"embeddable":true,"href":"https:\/\/noticiasal.com.mx\/index.php\/wp-json\/wp\/v2\/users\/3"}],"replies":[{"embeddable":true,"href":"https:\/\/noticiasal.com.mx\/index.php\/wp-json\/wp\/v2\/comments?post=17971"}],"version-history":[{"count":1,"href":"https:\/\/noticiasal.com.mx\/index.php\/wp-json\/wp\/v2\/posts\/17971\/revisions"}],"predecessor-version":[{"id":17975,"href":"https:\/\/noticiasal.com.mx\/index.php\/wp-json\/wp\/v2\/posts\/17971\/revisions\/17975"}],"wp:featuredmedia":[{"embeddable":true,"href":"https:\/\/noticiasal.com.mx\/index.php\/wp-json\/wp\/v2\/media\/17972"}],"wp:attachment":[{"href":"https:\/\/noticiasal.com.mx\/index.php\/wp-json\/wp\/v2\/media?parent=17971"}],"wp:term":[{"taxonomy":"category","embeddable":true,"href":"https:\/\/noticiasal.com.mx\/index.php\/wp-json\/wp\/v2\/categories?post=17971"},{"taxonomy":"post_tag","embeddable":true,"href":"https:\/\/noticiasal.com.mx\/index.php\/wp-json\/wp\/v2\/tags?post=17971"}],"curies":[{"name":"wp","href":"https:\/\/api.w.org\/{rel}","templated":true}]}}