{"id":17980,"date":"2025-11-20T02:18:37","date_gmt":"2025-11-20T02:18:37","guid":{"rendered":"https:\/\/noticiasal.com.mx\/?p=17980"},"modified":"2025-11-20T02:18:37","modified_gmt":"2025-11-20T02:18:37","slug":"entre-crisis-y-futuro-rectora-general-y-politologos-reflexionan-en-pensar-desde-jalisco","status":"publish","type":"post","link":"https:\/\/noticiasal.com.mx\/index.php\/2025\/11\/20\/entre-crisis-y-futuro-rectora-general-y-politologos-reflexionan-en-pensar-desde-jalisco\/","title":{"rendered":"Entre crisis y futuro: Rectora General y polit\u00f3logos reflexionan en \u201cPensar desde Jalisco\u201d"},"content":{"rendered":"<ul>\n<li class=\"field field--name-field-sinopsis- field--type-string field--label-hidden field--item\">El encuentro organizado por Jalisco C\u00f3mo Vamos abund\u00f3 en los factores que explican problem\u00e1ticas sobre el desarrollo de la ciudadan\u00eda<\/li>\n<\/ul>\n<div class=\"field field--name-body field--type-text-with-summary field--label-hidden field--item\">\n<p class=\"text-align-justify\"><span lang=\"ES\">Con el fin de generar un di\u00e1logo, reflexionar y compartir ideas en torno a<strong>\u00a0las crisis sociales y democr\u00e1ticas en M\u00e9xico y Jalisco<\/strong>, se llev\u00f3 a cabo el panel\u00a0<strong>\u201cCorresponsabilidad democr\u00e1tica: Hacia modelos de coproducci\u00f3n ciudadana y rendici\u00f3n de cuentas\u201d<\/strong>, como parte del cierre del coloquio \u201cPensar desde Jalisco\u201d, organizado por Jalisco C\u00f3mo Vamos.<\/span><\/p>\n<p class=\"text-align-justify\"><span lang=\"ES\">Esta mesa, realizada este mi\u00e9rcoles por la tarde, cont\u00f3 con la participaci\u00f3n de la Rectora General de la Universidad de Guadalajara (UdeG), Karla Planter P\u00e9rez; el investigador y docente de la UdeG el doctor M\u00e1ximo Jaramillo, y el doctor Mauricio Merino, reconocido polit\u00f3logo y soci\u00f3logo.\u00a0<\/span><\/p>\n<p class=\"text-align-justify\"><span lang=\"ES\">Ella y ellos plantearon\u00a0<strong>c\u00f3mo el pa\u00eds atraviesa una severa crisis democr\u00e1tica, marcada por la desconfianza, la polarizaci\u00f3n, la deshumanizaci\u00f3n, el debilitamiento institucional y la escasa participaci\u00f3n ciudadana<\/strong>.<\/span><\/p>\n<p class=\"text-align-justify\"><span lang=\"ES\">Bajo la moderaci\u00f3n de la maestra en derechos humanos y profesora del ITESO, Ana Sof\u00eda Torres, se lanz\u00f3 a los participantes la pregunta sobre<strong>\u00a0c\u00f3mo se ha llegado hasta este M\u00e9xico polarizado y con una poca participaci\u00f3n ciudadana.<\/strong><\/span><\/p>\n<p class=\"text-align-justify\"><span lang=\"ES\">La Rectora General habl\u00f3 sobre la falta de representaci\u00f3n,\u00a0<strong>la falta de espacios p\u00fablicos de construcci\u00f3n y la ciudadan\u00eda corresponsable<\/strong>, los cuales se ven claramente afectados por el individualismo.<\/span><\/p>\n<p class=\"text-align-justify\"><img loading=\"lazy\" decoding=\"async\" class=\"blazy aligncenter wp-image-17982 size-full\" src=\"https:\/\/noticiasal.com.mx\/wp-content\/themes\/news\/assets\/images\/picture_placeholder_list.jpg\" data-src=\"https:\/\/noticiasal.com.mx\/wp-content\/uploads\/2025\/11\/251119_rectora-general-y-politologos-analizan-crisis-sociales-y-democraticas-durante-coloquio-_fv-3.jpg\" alt=\"\" width=\"850\" height=\"690\" \/><noscript><img loading=\"lazy\" decoding=\"async\" class=\"aligncenter wp-image-17982 size-full\" src=\"https:\/\/noticiasal.com.mx\/wp-content\/uploads\/2025\/11\/251119_rectora-general-y-politologos-analizan-crisis-sociales-y-democraticas-durante-coloquio-_fv-3.jpg\" alt=\"\" width=\"850\" height=\"690\" srcset=\"https:\/\/noticiasal.com.mx\/wp-content\/uploads\/2025\/11\/251119_rectora-general-y-politologos-analizan-crisis-sociales-y-democraticas-durante-coloquio-_fv-3.jpg 850w, https:\/\/noticiasal.com.mx\/wp-content\/uploads\/2025\/11\/251119_rectora-general-y-politologos-analizan-crisis-sociales-y-democraticas-durante-coloquio-_fv-3-300x244.jpg 300w, https:\/\/noticiasal.com.mx\/wp-content\/uploads\/2025\/11\/251119_rectora-general-y-politologos-analizan-crisis-sociales-y-democraticas-durante-coloquio-_fv-3-768x623.jpg 768w\" sizes=\"(max-width: 850px) 100vw, 850px\" \/><\/noscript><\/p>\n<p class=\"text-align-justify\"><span lang=\"ES\">\u201cTenemos que\u00a0<strong>pensar en c\u00f3mo entendemos lo p\u00fablico porque ah\u00ed es donde se da la vida pol\u00edtica<\/strong>. Pensemos en eso m\u00e1s all\u00e1 de lo f\u00edsico o estructural y pens\u00e9moslo como un espacio de expresi\u00f3n de contradicciones, de diferencias y de coexistencia de la misma comunidad. Las diferencias no deber\u00edan descomponernos, separarnos\u201d, dijo.<\/span><\/p>\n<p class=\"text-align-justify\"><span lang=\"ES\">El doctor M\u00e1ximo Jaramillo puntualiz\u00f3 en la manera en que la desigualdad permea todos los estatus pol\u00edticos y sociales de nuestro pa\u00eds, afectando directamente la manera en la que es percibida la democracia.<\/span><\/p>\n<p class=\"text-align-justify\"><span lang=\"ES\">\u201c<strong>Es evidente que la desigualdad est\u00e1 presente<\/strong>, no somos un pa\u00eds pobre pero s\u00ed un pa\u00eds con mucha pobreza. Son aquellos pensamientos desiguales los que permean la manera en la que interpretamos las cosas. Creemos que hay gente floja que no se esfuerza lo demasiado y gente que vale m\u00e1s porque tiene m\u00e1s, por lo tanto, su opini\u00f3n es m\u00e1s importante.\u00a0<strong>La polarizaci\u00f3n podr\u00eda partir de ah\u00ed, de un lugar com\u00fan entre un pensamiento poco cr\u00edtico<\/strong>\u201d, dijo.\u00a0<\/span><\/p>\n<p class=\"text-align-justify\"><span lang=\"ES\">Para Mauricio Merino,\u00a0<strong>la era digital influye profundamente en la calidad de los ciudadanos<\/strong>, en c\u00f3mo piensan y se comunican. Para el doctor, es evidente que se tiene que romper el miedo a ser percibido, a opinar y ser part\u00edcipe de una sociedad democr\u00e1tica.\u00a0<\/span><\/p>\n<p class=\"text-align-justify\"><span lang=\"ES\">\u201cTenemos que romper esas barreras y cristales,\u00a0<strong>debe ser derribado el concepto individual de uno mismo, recomponer la comunidad<\/strong>. Es claro que esta era est\u00e1 afectada por el miedo a opinar, a ser visto, pero esos son factores que afectan directamente la manera en la que se percibe y se hace la pol\u00edtica\u201d, agreg\u00f3.<\/span><\/p>\n<p class=\"text-align-justify\">\n<p class=\"text-align-justify\"><span lang=\"ES\">Karla Planter P\u00e9rez tambi\u00e9n destac\u00f3 que las universidades deben asumirse con responsabilidad frente a los desaf\u00edos sociales, entendiendo que estos espacios no s\u00f3lo forman profesionistas, sino espacios de resistencia donde se articulan iniciativas que nacen de la propia ciudadan\u00eda.\u00a0<strong>Y por ende, las instituciones educativas tienen el potencial de transformar cuando son entendidas como lugares de encuentro, imaginaci\u00f3n y colaboraci\u00f3n<\/strong>.<\/span><\/p>\n<p class=\"text-align-justify\">\n<blockquote>\n<p class=\"text-align-justify\"><span lang=\"ES\">\u201cQue las diferencias (dentro de las universidades) no nos desarticulen, que no nos desmoronen como comunidad. Ser ciudadano es tener conciencia de lo que significa lo p\u00fablico. Ser ciudadano no se reduce a un tema de derechos, sino a lo jur\u00eddico\u201d, recalc\u00f3.<\/span><\/p>\n<\/blockquote>\n<\/div>\n","protected":false},"excerpt":{"rendered":"<p>El encuentro organizado por Jalisco C\u00f3mo Vamos abund\u00f3 en los factores que explican problem\u00e1ticas sobre el desarrollo de la ciudadan\u00eda Con el fin de generar un di\u00e1logo, reflexionar y compartir ideas en torno a\u00a0las crisis sociales y democr\u00e1ticas en M\u00e9xico y Jalisco, se llev\u00f3 a cabo el panel\u00a0\u201cCorresponsabilidad democr\u00e1tica: Hacia modelos de coproducci\u00f3n ciudadana y [&hellip;]<\/p>\n","protected":false},"author":9,"featured_media":17981,"comment_status":"open","ping_status":"closed","sticky":false,"template":"","format":"standard","meta":{"footnotes":""},"categories":[154],"tags":[1002,592,880],"class_list":["post-17980","post","type-post","status-publish","format-standard","has-post-thumbnail","hentry","category-jalisco","tag-karla-planter","tag-u-de-g","tag-universidad-de-guadalajara"],"_links":{"self":[{"href":"https:\/\/noticiasal.com.mx\/index.php\/wp-json\/wp\/v2\/posts\/17980"}],"collection":[{"href":"https:\/\/noticiasal.com.mx\/index.php\/wp-json\/wp\/v2\/posts"}],"about":[{"href":"https:\/\/noticiasal.com.mx\/index.php\/wp-json\/wp\/v2\/types\/post"}],"author":[{"embeddable":true,"href":"https:\/\/noticiasal.com.mx\/index.php\/wp-json\/wp\/v2\/users\/9"}],"replies":[{"embeddable":true,"href":"https:\/\/noticiasal.com.mx\/index.php\/wp-json\/wp\/v2\/comments?post=17980"}],"version-history":[{"count":1,"href":"https:\/\/noticiasal.com.mx\/index.php\/wp-json\/wp\/v2\/posts\/17980\/revisions"}],"predecessor-version":[{"id":17983,"href":"https:\/\/noticiasal.com.mx\/index.php\/wp-json\/wp\/v2\/posts\/17980\/revisions\/17983"}],"wp:featuredmedia":[{"embeddable":true,"href":"https:\/\/noticiasal.com.mx\/index.php\/wp-json\/wp\/v2\/media\/17981"}],"wp:attachment":[{"href":"https:\/\/noticiasal.com.mx\/index.php\/wp-json\/wp\/v2\/media?parent=17980"}],"wp:term":[{"taxonomy":"category","embeddable":true,"href":"https:\/\/noticiasal.com.mx\/index.php\/wp-json\/wp\/v2\/categories?post=17980"},{"taxonomy":"post_tag","embeddable":true,"href":"https:\/\/noticiasal.com.mx\/index.php\/wp-json\/wp\/v2\/tags?post=17980"}],"curies":[{"name":"wp","href":"https:\/\/api.w.org\/{rel}","templated":true}]}}