{"id":18074,"date":"2025-11-28T01:34:50","date_gmt":"2025-11-28T01:34:50","guid":{"rendered":"https:\/\/noticiasal.com.mx\/?p=18074"},"modified":"2025-11-28T01:34:50","modified_gmt":"2025-11-28T01:34:50","slug":"estudio-descubre-efectos-perjudiciales-de-los-tatuajes-en-el-sistema-inmunologico","status":"publish","type":"post","link":"https:\/\/noticiasal.com.mx\/index.php\/2025\/11\/28\/estudio-descubre-efectos-perjudiciales-de-los-tatuajes-en-el-sistema-inmunologico\/","title":{"rendered":"Estudio descubre efectos perjudiciales de los tatuajes en el sistema inmunol\u00f3gico"},"content":{"rendered":"<ul>\n<li>El estudio indica que los macr\u00f3fagos no pueden descomponer la tinta de la misma forma que lo har\u00edan con otros agentes pat\u00f3genos, lo que supone su muerte.<\/li>\n<\/ul>\n<div>\n<p>Los\u00a0<strong>tatuajes pueden ser perjudiciales para el sistema inmunol\u00f3gico<\/strong>, minando la defensa del organismo frente a determinadas\u00a0<strong>infecciones<\/strong>\u00a0o tipos de\u00a0<strong>c\u00e1ncer<\/strong>, alerta un estudio de la Universidad de la Suiza Italiana publicado en la revista estadounidense\u00a0<em>Proceedings of the National Academy of Sciences<\/em>.<\/p>\n<\/div>\n<div>\n<p>Un grupo de investigadores dirigido por Santiago F.Gonz\u00e1lez, del Instituto de Investigaci\u00f3n Biom\u00e9dica ligado a la universidad, ha concluido que tras el tatuaje<strong>\u00a0la tinta no s\u00f3lo se queda en la piel<\/strong>, sino que se propaga r\u00e1pidamente al sistema linf\u00e1tico.<\/p>\n<\/div>\n<div>\n<p>En pocas horas, se acumula en grandes cantidades en los\u00a0<strong>ganglios<\/strong>, \u00f3rganos vitales del sistema inmunitario.<\/p>\n<\/div>\n<div class=\"box_a\">\n<div id=\"sm-it-main-container-1764293066781\" class=\"sm-it-main-container\" data-it=\"c49b7cd7-9fa7-4022-8fd6-c5c031e07adf\" data-device=\"desktop\" data-index=\"0\">\n<div>\n<p>\u201cEn el interior de los ganglios, c\u00e9lulas inmunitarias conocidas como macr\u00f3fagos capturan de forma activa todos los pigmentos, desencadenando una respuesta inflamatoria en dos fases\u201d, explica la universidad helv\u00e9tica en un comunicado.<\/p>\n<\/div>\n<div>\n<p>La primera fase aguda dura s\u00f3lo unos dos d\u00edas, pero tras ella se produce \u201cuna fase cr\u00f3nica que puede prolongarse durante a\u00f1os\u201d, y particularmente preocupante porque en ella el\u00a0<strong>sistema inmunitario se ve debilitado<\/strong>, \u201caumentando potencialmente la susceptibilidad a las infecciones y el c\u00e1ncer\u201d.<\/p>\n<\/div>\n<div>\n<blockquote><p>El estudio indica que los macr\u00f3fagos no pueden descomponer la tinta de la misma forma que lo har\u00edan con otros agentes pat\u00f3genos, lo que supone su muerte.<\/p><\/blockquote>\n<div>\n<p>Indica que esta imposibilidad se da especialmente en tintas rojas y negras, lo que sugiere que podr\u00edan ser m\u00e1s t\u00f3xicas (se investig\u00f3 con estos dos colores y el verde, al ser los tres m\u00e1s utilizados en los tatuajes).<\/p>\n<\/div>\n<div>\n<p>\u201cEn consecuencia, la tinta se mantiene en los ganglios linf\u00e1ticos, en un ciclo continuo de captura y muerte celular, afectando progresivamente a la capacidad de defensa del sistema inmunitario\u201d, concluye.<\/p>\n<p>El estudio ha durado siete a\u00f1os, implic\u00f3 a 12 grupos de investigaci\u00f3n internacionales y ha sido financiada por varias organizaciones suizas.<\/p>\n<p>Uno de los experimentos entra\u00f1\u00f3 la\u00a0<strong>vacunaci\u00f3n<\/strong>\u00a0de ratones de laboratorio, algunos de ellos tatuados y otros sin tatuajes, y en ella se revel\u00f3 que los primeros desarrollaban menos anticuerpos que los segundos.<\/p>\n<p>Estos resultados \u201cdespiertan inquietud respecto a la\u00a0<strong>seguridad de los tatuajes<\/strong>\u201c, subraya la universidad suiza, recordando que en el mundo se estima que casi una de cada cinco personas tiene al menos uno en su piel.<\/p>\n<p>Fuente: <a href=\"https:\/\/aristeguinoticias.com\/2611\/kiosko\/estudio-descubre-efectos-perjudiciales-de-los-tatuajes-en-el-sistema-inmunologico\/\" target=\"_blank\" rel=\"noopener\">Aristegui\u00a0<\/a><\/p>\n<\/div>\n<\/div>\n<\/div>\n<\/div>\n","protected":false},"excerpt":{"rendered":"<p>El estudio indica que los macr\u00f3fagos no pueden descomponer la tinta de la misma forma que lo har\u00edan con otros agentes pat\u00f3genos, lo que supone su muerte. Los\u00a0tatuajes pueden ser perjudiciales para el sistema inmunol\u00f3gico, minando la defensa del organismo frente a determinadas\u00a0infecciones\u00a0o tipos de\u00a0c\u00e1ncer, alerta un estudio de la Universidad de la Suiza Italiana [&hellip;]<\/p>\n","protected":false},"author":9,"featured_media":18075,"comment_status":"open","ping_status":"closed","sticky":false,"template":"","format":"standard","meta":{"footnotes":""},"categories":[160],"tags":[1030,1029],"class_list":["post-18074","post","type-post","status-publish","format-standard","has-post-thumbnail","hentry","category-salud","tag-sistema-inmunologico","tag-tatuajes"],"_links":{"self":[{"href":"https:\/\/noticiasal.com.mx\/index.php\/wp-json\/wp\/v2\/posts\/18074"}],"collection":[{"href":"https:\/\/noticiasal.com.mx\/index.php\/wp-json\/wp\/v2\/posts"}],"about":[{"href":"https:\/\/noticiasal.com.mx\/index.php\/wp-json\/wp\/v2\/types\/post"}],"author":[{"embeddable":true,"href":"https:\/\/noticiasal.com.mx\/index.php\/wp-json\/wp\/v2\/users\/9"}],"replies":[{"embeddable":true,"href":"https:\/\/noticiasal.com.mx\/index.php\/wp-json\/wp\/v2\/comments?post=18074"}],"version-history":[{"count":1,"href":"https:\/\/noticiasal.com.mx\/index.php\/wp-json\/wp\/v2\/posts\/18074\/revisions"}],"predecessor-version":[{"id":18076,"href":"https:\/\/noticiasal.com.mx\/index.php\/wp-json\/wp\/v2\/posts\/18074\/revisions\/18076"}],"wp:featuredmedia":[{"embeddable":true,"href":"https:\/\/noticiasal.com.mx\/index.php\/wp-json\/wp\/v2\/media\/18075"}],"wp:attachment":[{"href":"https:\/\/noticiasal.com.mx\/index.php\/wp-json\/wp\/v2\/media?parent=18074"}],"wp:term":[{"taxonomy":"category","embeddable":true,"href":"https:\/\/noticiasal.com.mx\/index.php\/wp-json\/wp\/v2\/categories?post=18074"},{"taxonomy":"post_tag","embeddable":true,"href":"https:\/\/noticiasal.com.mx\/index.php\/wp-json\/wp\/v2\/tags?post=18074"}],"curies":[{"name":"wp","href":"https:\/\/api.w.org\/{rel}","templated":true}]}}