{"id":18100,"date":"2025-11-29T15:41:05","date_gmt":"2025-11-29T15:41:05","guid":{"rendered":"https:\/\/noticiasal.com.mx\/?p=18100"},"modified":"2025-11-29T15:41:05","modified_gmt":"2025-11-29T15:41:05","slug":"san-luis-potosi-firma-cuaderno-de-compromisos-para-el-congreso-y-campeonato-nacional-charro-2026","status":"publish","type":"post","link":"https:\/\/noticiasal.com.mx\/index.php\/2025\/11\/29\/san-luis-potosi-firma-cuaderno-de-compromisos-para-el-congreso-y-campeonato-nacional-charro-2026\/","title":{"rendered":"San Luis Potos\u00ed firma cuaderno de compromisos para el Congreso y Campeonato Nacional Charro 2026"},"content":{"rendered":"<article class=\"text-token-text-primary w-full focus:outline-none [--shadow-height:45px] has-data-writing-block:pointer-events-none has-data-writing-block:-mt-(--shadow-height) has-data-writing-block:pt-(--shadow-height) [&amp;:has([data-writing-block])&gt;*]:pointer-events-auto scroll-mt-[calc(var(--header-height)+min(200px,max(70px,20svh)))]\" dir=\"auto\" tabindex=\"-1\" data-turn-id=\"request-WEB:9725ef70-5a34-4738-bba9-c2b9fcacc417-1\" data-testid=\"conversation-turn-4\" data-scroll-anchor=\"true\" data-turn=\"assistant\">\n<div class=\"text-base my-auto mx-auto pb-10 [--thread-content-margin:--spacing(4)] thread-sm:[--thread-content-margin:--spacing(6)] thread-lg:[--thread-content-margin:--spacing(16)] px-(--thread-content-margin)\">\n<div class=\"[--thread-content-max-width:40rem] thread-lg:[--thread-content-max-width:48rem] mx-auto max-w-(--thread-content-max-width) flex-1 group\/turn-messages focus-visible:outline-hidden relative flex w-full min-w-0 flex-col agent-turn\" tabindex=\"-1\">\n<div class=\"flex max-w-full flex-col grow\">\n<div class=\"min-h-8 text-message relative flex w-full flex-col items-end gap-2 text-start break-words whitespace-normal [.text-message+&amp;]:mt-1\" dir=\"auto\" data-message-author-role=\"assistant\" data-message-id=\"803b81c0-0ab5-4bf2-99c4-5210fe57a263\" data-message-model-slug=\"gpt-5-1\">\n<div class=\"flex w-full flex-col gap-1 empty:hidden first:pt-[1px]\">\n<div class=\"markdown prose dark:prose-invert w-full break-words light markdown-new-styling\">\n<ul>\n<li data-start=\"206\" data-end=\"450\">En la capital potosina se llev\u00f3 a cabo la firma oficial del cuaderno de compromisos para la realizaci\u00f3n del LXXXII Congreso y Campeonato Nacional Charro 2026, un paso clave para avanzar en la organizaci\u00f3n del m\u00e1ximo evento del deporte nacional.<\/li>\n<\/ul>\n<p data-start=\"452\" data-end=\"960\">El documento fue suscrito por el gobernador de San Luis Potos\u00ed, Ricardo Gallardo Cardona; y por parte de la Federaci\u00f3n Mexicana de Charrer\u00eda, el vicepresidente nacional, Efra\u00edn Ram\u00edrez, y el secretario de Tesorer\u00eda y Finanzas, Ger\u00f3nimo Color Gasca, en representaci\u00f3n del presidente Salvador Barajas del Toro. Como testigo particip\u00f3 el secretario de Desarrollo Econ\u00f3mico estatal, Jes\u00fas Salvador Gonz\u00e1lez Mart\u00ednez, quien destac\u00f3 la importancia del certamen como un motor para el turismo y la econom\u00eda regional.<\/p>\n<p data-start=\"962\" data-end=\"1225\">Tras la firma, autoridades estatales y federativas recorrieron la Arena Potos\u00ed, sede del Nacional Charro 2026. Ser\u00e1 la segunda ocasi\u00f3n que este recinto reciba el magno evento, consolid\u00e1ndose como uno de los escenarios m\u00e1s importantes para la Charrer\u00eda en el pa\u00eds.<\/p>\n<p data-start=\"962\" data-end=\"1225\"><img loading=\"lazy\" decoding=\"async\" class=\"blazy aligncenter wp-image-18102 \" src=\"https:\/\/noticiasal.com.mx\/wp-content\/themes\/news\/assets\/images\/picture_placeholder_list.jpg\" data-src=\"https:\/\/noticiasal.com.mx\/wp-content\/uploads\/2025\/11\/590772650_1167614468914435_6931820008880673115_n.jpg\" alt=\"\" width=\"997\" height=\"665\" \/><noscript><img loading=\"lazy\" decoding=\"async\" class=\"aligncenter wp-image-18102 \" src=\"https:\/\/noticiasal.com.mx\/wp-content\/uploads\/2025\/11\/590772650_1167614468914435_6931820008880673115_n.jpg\" alt=\"\" width=\"997\" height=\"665\" srcset=\"https:\/\/noticiasal.com.mx\/wp-content\/uploads\/2025\/11\/590772650_1167614468914435_6931820008880673115_n.jpg 1280w, https:\/\/noticiasal.com.mx\/wp-content\/uploads\/2025\/11\/590772650_1167614468914435_6931820008880673115_n-300x200.jpg 300w, https:\/\/noticiasal.com.mx\/wp-content\/uploads\/2025\/11\/590772650_1167614468914435_6931820008880673115_n-1024x683.jpg 1024w, https:\/\/noticiasal.com.mx\/wp-content\/uploads\/2025\/11\/590772650_1167614468914435_6931820008880673115_n-768x512.jpg 768w\" sizes=\"(max-width: 997px) 100vw, 997px\" \/><\/noscript><\/p>\n<blockquote>\n<p data-start=\"1227\" data-end=\"1434\">La Federaci\u00f3n Mexicana de Charrer\u00eda reconoci\u00f3 al Gobierno del Estado por su coordinaci\u00f3n y respaldo para hacer posible el certamen, as\u00ed como por su compromiso con la preservaci\u00f3n de este patrimonio cultural.<\/p>\n<\/blockquote>\n<p data-start=\"1436\" data-end=\"1747\" data-is-last-node=\"\" data-is-only-node=\"\">Con este acuerdo inicial, comienzan los preparativos operativos, t\u00e9cnicos y log\u00edsticos para un Campeonato Nacional Charro que reunir\u00e1 nuevamente a miles de charros, escaramuzas y aficionados. La Federaci\u00f3n se\u00f1al\u00f3 que continuar\u00e1 trabajando con autoridades locales para garantizar un evento de excelencia en 2026.<\/p>\n<\/div>\n<\/div>\n<\/div>\n<\/div>\n<div class=\"z-0 flex min-h-[46px] justify-start\"><\/div>\n<div class=\"mt-3 w-full empty:hidden\">\n<div class=\"text-center\"><\/div>\n<\/div>\n<\/div>\n<\/div>\n<\/article>\n<div class=\"pointer-events-none h-px w-px\" aria-hidden=\"true\" data-edge=\"true\"><\/div>\n","protected":false},"excerpt":{"rendered":"<p>En la capital potosina se llev\u00f3 a cabo la firma oficial del cuaderno de compromisos para la realizaci\u00f3n del LXXXII Congreso y Campeonato Nacional Charro 2026, un paso clave para avanzar en la organizaci\u00f3n del m\u00e1ximo evento del deporte nacional. El documento fue suscrito por el gobernador de San Luis Potos\u00ed, Ricardo Gallardo Cardona; y [&hellip;]<\/p>\n","protected":false},"author":3,"featured_media":18101,"comment_status":"open","ping_status":"closed","sticky":false,"template":"","format":"standard","meta":{"footnotes":""},"categories":[157],"tags":[1034,1035,947],"class_list":["post-18100","post","type-post","status-publish","format-standard","has-post-thumbnail","hentry","category-charreria","tag-congreso-charro","tag-salvador-barajas-del-toro","tag-san-luis-potosi"],"_links":{"self":[{"href":"https:\/\/noticiasal.com.mx\/index.php\/wp-json\/wp\/v2\/posts\/18100"}],"collection":[{"href":"https:\/\/noticiasal.com.mx\/index.php\/wp-json\/wp\/v2\/posts"}],"about":[{"href":"https:\/\/noticiasal.com.mx\/index.php\/wp-json\/wp\/v2\/types\/post"}],"author":[{"embeddable":true,"href":"https:\/\/noticiasal.com.mx\/index.php\/wp-json\/wp\/v2\/users\/3"}],"replies":[{"embeddable":true,"href":"https:\/\/noticiasal.com.mx\/index.php\/wp-json\/wp\/v2\/comments?post=18100"}],"version-history":[{"count":1,"href":"https:\/\/noticiasal.com.mx\/index.php\/wp-json\/wp\/v2\/posts\/18100\/revisions"}],"predecessor-version":[{"id":18103,"href":"https:\/\/noticiasal.com.mx\/index.php\/wp-json\/wp\/v2\/posts\/18100\/revisions\/18103"}],"wp:featuredmedia":[{"embeddable":true,"href":"https:\/\/noticiasal.com.mx\/index.php\/wp-json\/wp\/v2\/media\/18101"}],"wp:attachment":[{"href":"https:\/\/noticiasal.com.mx\/index.php\/wp-json\/wp\/v2\/media?parent=18100"}],"wp:term":[{"taxonomy":"category","embeddable":true,"href":"https:\/\/noticiasal.com.mx\/index.php\/wp-json\/wp\/v2\/categories?post=18100"},{"taxonomy":"post_tag","embeddable":true,"href":"https:\/\/noticiasal.com.mx\/index.php\/wp-json\/wp\/v2\/tags?post=18100"}],"curies":[{"name":"wp","href":"https:\/\/api.w.org\/{rel}","templated":true}]}}