{"id":18104,"date":"2025-11-29T15:52:42","date_gmt":"2025-11-29T15:52:42","guid":{"rendered":"https:\/\/noticiasal.com.mx\/?p=18104"},"modified":"2025-11-29T15:52:42","modified_gmt":"2025-11-29T15:52:42","slug":"tres-representantes-de-la-udeg-reciben-el-premio-nacional-de-deportes-2025","status":"publish","type":"post","link":"https:\/\/noticiasal.com.mx\/index.php\/2025\/11\/29\/tres-representantes-de-la-udeg-reciben-el-premio-nacional-de-deportes-2025\/","title":{"rendered":"Tres representantes de la UdeG reciben el Premio Nacional de Deportes 2025"},"content":{"rendered":"<article class=\"text-token-text-primary w-full focus:outline-none [--shadow-height:45px] has-data-writing-block:pointer-events-none has-data-writing-block:-mt-(--shadow-height) has-data-writing-block:pt-(--shadow-height) [&amp;:has([data-writing-block])&gt;*]:pointer-events-auto scroll-mt-[calc(var(--header-height)+min(200px,max(70px,20svh)))]\" dir=\"auto\" tabindex=\"-1\" data-turn-id=\"request-WEB:9725ef70-5a34-4738-bba9-c2b9fcacc417-3\" data-testid=\"conversation-turn-8\" data-scroll-anchor=\"true\" data-turn=\"assistant\">\n<div class=\"text-base my-auto mx-auto pb-10 [--thread-content-margin:--spacing(4)] thread-sm:[--thread-content-margin:--spacing(6)] thread-lg:[--thread-content-margin:--spacing(16)] px-(--thread-content-margin)\">\n<div class=\"[--thread-content-max-width:40rem] thread-lg:[--thread-content-max-width:48rem] mx-auto max-w-(--thread-content-max-width) flex-1 group\/turn-messages focus-visible:outline-hidden relative flex w-full min-w-0 flex-col agent-turn\" tabindex=\"-1\">\n<div class=\"flex max-w-full flex-col grow\">\n<div class=\"min-h-8 text-message relative flex w-full flex-col items-end gap-2 text-start break-words whitespace-normal [.text-message+&amp;]:mt-1\" dir=\"auto\" data-message-author-role=\"assistant\" data-message-id=\"a3ac56b2-0b8d-470a-91f0-bae2cf6fe520\" data-message-model-slug=\"gpt-5-1\">\n<div class=\"flex w-full flex-col gap-1 empty:hidden first:pt-[1px]\">\n<div class=\"markdown prose dark:prose-invert w-full break-words light markdown-new-styling\">\n<p data-start=\"182\" data-end=\"562\">Tres integrantes de la Universidad de Guadalajara (UdeG) fueron reconocidas con el Premio Nacional de Deportes 2025, uno de los galardones m\u00e1s importantes al m\u00e9rito deportivo en M\u00e9xico. La ceremonia fue encabezada por la presidenta Claudia Sheinbaum Pardo en Palacio Nacional, donde se destac\u00f3 el papel de las deportistas y entrenadoras en el fortalecimiento del deporte nacional.<\/p>\n<p data-start=\"564\" data-end=\"1232\">En la categor\u00eda de <strong data-start=\"583\" data-end=\"597\">Deportista<\/strong>, el reconocimiento fue para <strong data-start=\"626\" data-end=\"657\">Andrea Maya Becerra Arizaga<\/strong>, estudiante del Centro Universitario de Ciencias Sociales y Humanidades (CUCSH) y seleccionada nacional de tiro con arco. Durante el \u00faltimo a\u00f1o, Becerra obtuvo oro individual y por equipos, adem\u00e1s de bronce individual, en el Campeonato Mundial celebrado en Corea. Tambi\u00e9n conquist\u00f3 oro individual y bronce por equipos en los World Games 2025.<br data-start=\"1000\" data-end=\"1003\" \/>La arquerista calific\u00f3 este periodo como uno de los m\u00e1s desafiantes y gratificantes de su carrera. \u201cIniciamos este a\u00f1o con una meta muy clara: ser las mejores del mundo. Me siento muy orgullosa de decir que lo logramos\u201d, expres\u00f3.<\/p>\n<p><img loading=\"lazy\" decoding=\"async\" class=\"blazy size-medium wp-image-18107\" src=\"https:\/\/noticiasal.com.mx\/wp-content\/themes\/news\/assets\/images\/picture_placeholder_list.jpg\" data-src=\"https:\/\/noticiasal.com.mx\/wp-content\/uploads\/2025\/11\/2025-11-28_premio_nacional_de_deportes_2025_50_aniversario_07_gm-300x200.jpg\" alt=\"\" width=\"300\" height=\"200\" \/><noscript><img loading=\"lazy\" decoding=\"async\" class=\"size-medium wp-image-18107\" src=\"https:\/\/noticiasal.com.mx\/wp-content\/uploads\/2025\/11\/2025-11-28_premio_nacional_de_deportes_2025_50_aniversario_07_gm-300x200.jpg\" alt=\"\" width=\"300\" height=\"200\" srcset=\"https:\/\/noticiasal.com.mx\/wp-content\/uploads\/2025\/11\/2025-11-28_premio_nacional_de_deportes_2025_50_aniversario_07_gm-300x200.jpg 300w, https:\/\/noticiasal.com.mx\/wp-content\/uploads\/2025\/11\/2025-11-28_premio_nacional_de_deportes_2025_50_aniversario_07_gm-1024x683.jpg 1024w, https:\/\/noticiasal.com.mx\/wp-content\/uploads\/2025\/11\/2025-11-28_premio_nacional_de_deportes_2025_50_aniversario_07_gm-768x512.jpg 768w, https:\/\/noticiasal.com.mx\/wp-content\/uploads\/2025\/11\/2025-11-28_premio_nacional_de_deportes_2025_50_aniversario_07_gm.jpg 1500w\" sizes=\"(max-width: 300px) 100vw, 300px\" \/><\/noscript><\/p>\n<p><img loading=\"lazy\" decoding=\"async\" class=\"blazy size-medium wp-image-18106\" src=\"https:\/\/noticiasal.com.mx\/wp-content\/themes\/news\/assets\/images\/picture_placeholder_list.jpg\" data-src=\"https:\/\/noticiasal.com.mx\/wp-content\/uploads\/2025\/11\/2025-11-28_premio_nacional_de_deportes_2025_50_aniversario_17_gm_0-300x200.jpg\" alt=\"\" width=\"300\" height=\"200\" \/><noscript><img loading=\"lazy\" decoding=\"async\" class=\"size-medium wp-image-18106\" src=\"https:\/\/noticiasal.com.mx\/wp-content\/uploads\/2025\/11\/2025-11-28_premio_nacional_de_deportes_2025_50_aniversario_17_gm_0-300x200.jpg\" alt=\"\" width=\"300\" height=\"200\" srcset=\"https:\/\/noticiasal.com.mx\/wp-content\/uploads\/2025\/11\/2025-11-28_premio_nacional_de_deportes_2025_50_aniversario_17_gm_0-300x200.jpg 300w, https:\/\/noticiasal.com.mx\/wp-content\/uploads\/2025\/11\/2025-11-28_premio_nacional_de_deportes_2025_50_aniversario_17_gm_0-1024x683.jpg 1024w, https:\/\/noticiasal.com.mx\/wp-content\/uploads\/2025\/11\/2025-11-28_premio_nacional_de_deportes_2025_50_aniversario_17_gm_0-768x513.jpg 768w, https:\/\/noticiasal.com.mx\/wp-content\/uploads\/2025\/11\/2025-11-28_premio_nacional_de_deportes_2025_50_aniversario_17_gm_0.jpg 1500w\" sizes=\"(max-width: 300px) 100vw, 300px\" \/><\/noscript><\/p>\n<p><img loading=\"lazy\" decoding=\"async\" class=\"blazy size-medium wp-image-18105\" src=\"https:\/\/noticiasal.com.mx\/wp-content\/themes\/news\/assets\/images\/picture_placeholder_list.jpg\" data-src=\"https:\/\/noticiasal.com.mx\/wp-content\/uploads\/2025\/11\/2025-11-28_premio_nacional_de_deportes_2025_50_aniversario_20_gm_0-300x200.jpg\" alt=\"\" width=\"300\" height=\"200\" \/><noscript><img loading=\"lazy\" decoding=\"async\" class=\"size-medium wp-image-18105\" src=\"https:\/\/noticiasal.com.mx\/wp-content\/uploads\/2025\/11\/2025-11-28_premio_nacional_de_deportes_2025_50_aniversario_20_gm_0-300x200.jpg\" alt=\"\" width=\"300\" height=\"200\" srcset=\"https:\/\/noticiasal.com.mx\/wp-content\/uploads\/2025\/11\/2025-11-28_premio_nacional_de_deportes_2025_50_aniversario_20_gm_0-300x200.jpg 300w, https:\/\/noticiasal.com.mx\/wp-content\/uploads\/2025\/11\/2025-11-28_premio_nacional_de_deportes_2025_50_aniversario_20_gm_0-1024x683.jpg 1024w, https:\/\/noticiasal.com.mx\/wp-content\/uploads\/2025\/11\/2025-11-28_premio_nacional_de_deportes_2025_50_aniversario_20_gm_0-768x513.jpg 768w, https:\/\/noticiasal.com.mx\/wp-content\/uploads\/2025\/11\/2025-11-28_premio_nacional_de_deportes_2025_50_aniversario_20_gm_0.jpg 1500w\" sizes=\"(max-width: 300px) 100vw, 300px\" \/><\/noscript><\/p>\n<p data-start=\"1234\" data-end=\"1611\">\n<p data-start=\"1234\" data-end=\"1611\">\n<p data-start=\"1234\" data-end=\"1611\">\n<p data-start=\"1234\" data-end=\"1611\">\n<p data-start=\"1234\" data-end=\"1611\">\n<p data-start=\"1234\" data-end=\"1611\">\n<p data-start=\"1234\" data-end=\"1611\">En la modalidad de <strong data-start=\"1253\" data-end=\"1269\">Juez-\u00e1rbitro<\/strong>, fue distinguida <strong data-start=\"1287\" data-end=\"1321\">Leslie Selene Velasco Gonz\u00e1lez<\/strong>, egresada del Centro Universitario de Ciencias de la Salud (CUCS). Su labor en eventos nacionales e internacionales, incluidos los Juegos Paral\u00edmpicos de Par\u00eds 2024 en la disciplina de powerlifting, consolid\u00f3 su trayectoria como una de las figuras m\u00e1s destacadas en el arbitraje deportivo.<\/p>\n<p data-start=\"1613\" data-end=\"1964\">Como <strong data-start=\"1618\" data-end=\"1633\">Entrenadora<\/strong>, el premio fue otorgado a <strong data-start=\"1660\" data-end=\"1690\">Karen Montellano Ruvalcaba<\/strong>, responsable del equipo representativo de tiro con arco de la UdeG y entrenadora de la selecci\u00f3n nacional. Sus resultados sobresalientes en el Campeonato Mundial de Corea 2025 y los World Games de este a\u00f1o la posicionan como referente en el desarrollo del alto rendimiento.<\/p>\n<p data-start=\"1966\" data-end=\"2273\">Durante la ceremonia, la presidenta Sheinbaum felicit\u00f3 a las galardonadas y subray\u00f3 el impacto de su dedicaci\u00f3n en la formaci\u00f3n de nuevas generaciones. \u201cLes admiramos su disciplina, su entrega y el ejemplo que dan a las ni\u00f1as, ni\u00f1os y j\u00f3venes. Gracias por poner en alto el nombre de nuestra patria\u201d, se\u00f1al\u00f3.<\/p>\n<blockquote>\n<p data-start=\"2275\" data-end=\"2449\" data-is-last-node=\"\" data-is-only-node=\"\">Las tres reconocidas consolidan el papel de la UdeG como una instituci\u00f3n que impulsa el talento deportivo y contribuye al prestigio de M\u00e9xico en competencias internacionales.<\/p>\n<\/blockquote>\n<p data-start=\"2275\" data-end=\"2449\" data-is-last-node=\"\" data-is-only-node=\"\"><a href=\"https:\/\/www.gaceta.udg.mx\/universitarias-reciben-el-premio-nacional-de-deportes-2025\/\" target=\"_blank\" rel=\"noopener\">Gaceta UdG<\/a><\/p>\n<\/div>\n<\/div>\n<\/div>\n<\/div>\n<div class=\"z-0 flex min-h-[46px] justify-start\"><\/div>\n<div class=\"mt-3 w-full empty:hidden\">\n<div class=\"text-center\"><\/div>\n<\/div>\n<\/div>\n<\/div>\n<\/article>\n<div class=\"pointer-events-none h-px w-px\" aria-hidden=\"true\" data-edge=\"true\"><\/div>\n","protected":false},"excerpt":{"rendered":"<p>Tres integrantes de la Universidad de Guadalajara (UdeG) fueron reconocidas con el Premio Nacional de Deportes 2025, uno de los galardones m\u00e1s importantes al m\u00e9rito deportivo en M\u00e9xico. La ceremonia fue encabezada por la presidenta Claudia Sheinbaum Pardo en Palacio Nacional, donde se destac\u00f3 el papel de las deportistas y entrenadoras en el fortalecimiento del [&hellip;]<\/p>\n","protected":false},"author":9,"featured_media":18108,"comment_status":"open","ping_status":"closed","sticky":false,"template":"","format":"standard","meta":{"footnotes":""},"categories":[154],"tags":[299,1036,427],"class_list":["post-18104","post","type-post","status-publish","format-standard","has-post-thumbnail","hentry","category-jalisco","tag-claudia-sheinbaum","tag-premio-nacional-deporte","tag-udeg"],"_links":{"self":[{"href":"https:\/\/noticiasal.com.mx\/index.php\/wp-json\/wp\/v2\/posts\/18104"}],"collection":[{"href":"https:\/\/noticiasal.com.mx\/index.php\/wp-json\/wp\/v2\/posts"}],"about":[{"href":"https:\/\/noticiasal.com.mx\/index.php\/wp-json\/wp\/v2\/types\/post"}],"author":[{"embeddable":true,"href":"https:\/\/noticiasal.com.mx\/index.php\/wp-json\/wp\/v2\/users\/9"}],"replies":[{"embeddable":true,"href":"https:\/\/noticiasal.com.mx\/index.php\/wp-json\/wp\/v2\/comments?post=18104"}],"version-history":[{"count":1,"href":"https:\/\/noticiasal.com.mx\/index.php\/wp-json\/wp\/v2\/posts\/18104\/revisions"}],"predecessor-version":[{"id":18109,"href":"https:\/\/noticiasal.com.mx\/index.php\/wp-json\/wp\/v2\/posts\/18104\/revisions\/18109"}],"wp:featuredmedia":[{"embeddable":true,"href":"https:\/\/noticiasal.com.mx\/index.php\/wp-json\/wp\/v2\/media\/18108"}],"wp:attachment":[{"href":"https:\/\/noticiasal.com.mx\/index.php\/wp-json\/wp\/v2\/media?parent=18104"}],"wp:term":[{"taxonomy":"category","embeddable":true,"href":"https:\/\/noticiasal.com.mx\/index.php\/wp-json\/wp\/v2\/categories?post=18104"},{"taxonomy":"post_tag","embeddable":true,"href":"https:\/\/noticiasal.com.mx\/index.php\/wp-json\/wp\/v2\/tags?post=18104"}],"curies":[{"name":"wp","href":"https:\/\/api.w.org\/{rel}","templated":true}]}}