{"id":18111,"date":"2025-11-30T21:19:39","date_gmt":"2025-11-30T21:19:39","guid":{"rendered":"https:\/\/noticiasal.com.mx\/?p=18111"},"modified":"2025-11-30T21:19:39","modified_gmt":"2025-11-30T21:19:39","slug":"recuerdan-a-buzos-desaparecidos-en-puerto-vallarta","status":"publish","type":"post","link":"https:\/\/noticiasal.com.mx\/index.php\/2025\/11\/30\/recuerdan-a-buzos-desaparecidos-en-puerto-vallarta\/","title":{"rendered":"Recuerdan a buzos desap\u00e1recidos en Puerto Vallarta"},"content":{"rendered":"<p>El Comandante Sergio Ram\u00edrez L\u00f3pez nos mand\u00f3 lo siguiente:<\/p>\n<p>\u201cHoy regresamos al Parque Nacional Marino #ArcosDeMismaloya, para honrar la memoria de tres hombres cuya entrega, profesionalismo y vocaci\u00f3n de servicio dejaron una huella profunda en nuestra instituci\u00f3n.<\/p>\n<p>A 18 a\u00f1os de su partida, rendimos homenaje a los oficiales Ad\u00e1n S\u00e1nchez Mayorga, Alejandro Tovar Garc\u00eda y al reportero Sergio L\u00f3pez G\u00f3mez, quienes perdieron la vida el 30 de noviembre de 2007, mientras realizaban una certificaci\u00f3n de buceo en aguas profundas en #PuertoVallarta.<\/p>\n<p><img loading=\"lazy\" decoding=\"async\" class=\"blazy wp-image-18113 aligncenter\" src=\"https:\/\/noticiasal.com.mx\/wp-content\/themes\/news\/assets\/images\/picture_placeholder_list.jpg\" data-src=\"https:\/\/noticiasal.com.mx\/wp-content\/uploads\/2025\/11\/recuerdo-2-300x200.jpg\" alt=\"\" width=\"521\" height=\"347\" \/><noscript><img loading=\"lazy\" decoding=\"async\" class=\"wp-image-18113 aligncenter\" src=\"https:\/\/noticiasal.com.mx\/wp-content\/uploads\/2025\/11\/recuerdo-2-300x200.jpg\" alt=\"\" width=\"521\" height=\"347\" srcset=\"https:\/\/noticiasal.com.mx\/wp-content\/uploads\/2025\/11\/recuerdo-2-300x200.jpg 300w, https:\/\/noticiasal.com.mx\/wp-content\/uploads\/2025\/11\/recuerdo-2-1024x682.jpg 1024w, https:\/\/noticiasal.com.mx\/wp-content\/uploads\/2025\/11\/recuerdo-2-768x512.jpg 768w, https:\/\/noticiasal.com.mx\/wp-content\/uploads\/2025\/11\/recuerdo-2.jpg 1280w\" sizes=\"(max-width: 521px) 100vw, 521px\" \/><\/noscript><\/p>\n<p>Este s\u00e1bado se celebr\u00f3 una misa en su nombre y posteriormente oficiales de nuestra corporaci\u00f3n realizaron una pr\u00e1ctica de buceo y la entrega de una ofrenda floral en su honor. <\/p>\n<p>A 18 a\u00f1os de su \u00faltima inmersi\u00f3n, los seguimos recordando. Su partida marc\u00f3 a toda la familia de Protecci\u00f3n Civil Jalisco, pero tambi\u00e9n fortaleci\u00f3 nuestra convicci\u00f3n de servir con humildad, entrega y profesionalismo.<\/p>\n<p>Hoy honramos su valor, esp\u00edritu de servicio y su legado, que contin\u00faan inspirando a quienes diariamente trabajan por la seguridad de la poblaci\u00f3n.<\/p>\n<p>Su memoria sigue siendo una luz que gu\u00eda nuestro camino.\u201d<\/p>\n","protected":false},"excerpt":{"rendered":"<p>El Comandante Sergio Ram\u00edrez L\u00f3pez nos mand\u00f3 lo siguiente: \u201cHoy regresamos al Parque Nacional Marino #ArcosDeMismaloya, para honrar la memoria de tres hombres cuya entrega, profesionalismo y vocaci\u00f3n de servicio dejaron una huella profunda en nuestra instituci\u00f3n. A 18 a\u00f1os de su partida, rendimos homenaje a los oficiales Ad\u00e1n S\u00e1nchez Mayorga, Alejandro Tovar Garc\u00eda y [&hellip;]<\/p>\n","protected":false},"author":3,"featured_media":18112,"comment_status":"open","ping_status":"closed","sticky":false,"template":"","format":"standard","meta":{"footnotes":""},"categories":[159],"tags":[],"class_list":["post-18111","post","type-post","status-publish","format-standard","has-post-thumbnail","hentry","category-puerto-vallarta"],"_links":{"self":[{"href":"https:\/\/noticiasal.com.mx\/index.php\/wp-json\/wp\/v2\/posts\/18111"}],"collection":[{"href":"https:\/\/noticiasal.com.mx\/index.php\/wp-json\/wp\/v2\/posts"}],"about":[{"href":"https:\/\/noticiasal.com.mx\/index.php\/wp-json\/wp\/v2\/types\/post"}],"author":[{"embeddable":true,"href":"https:\/\/noticiasal.com.mx\/index.php\/wp-json\/wp\/v2\/users\/3"}],"replies":[{"embeddable":true,"href":"https:\/\/noticiasal.com.mx\/index.php\/wp-json\/wp\/v2\/comments?post=18111"}],"version-history":[{"count":1,"href":"https:\/\/noticiasal.com.mx\/index.php\/wp-json\/wp\/v2\/posts\/18111\/revisions"}],"predecessor-version":[{"id":18114,"href":"https:\/\/noticiasal.com.mx\/index.php\/wp-json\/wp\/v2\/posts\/18111\/revisions\/18114"}],"wp:featuredmedia":[{"embeddable":true,"href":"https:\/\/noticiasal.com.mx\/index.php\/wp-json\/wp\/v2\/media\/18112"}],"wp:attachment":[{"href":"https:\/\/noticiasal.com.mx\/index.php\/wp-json\/wp\/v2\/media?parent=18111"}],"wp:term":[{"taxonomy":"category","embeddable":true,"href":"https:\/\/noticiasal.com.mx\/index.php\/wp-json\/wp\/v2\/categories?post=18111"},{"taxonomy":"post_tag","embeddable":true,"href":"https:\/\/noticiasal.com.mx\/index.php\/wp-json\/wp\/v2\/tags?post=18111"}],"curies":[{"name":"wp","href":"https:\/\/api.w.org\/{rel}","templated":true}]}}