{"id":18115,"date":"2025-12-01T03:08:38","date_gmt":"2025-12-01T03:08:38","guid":{"rendered":"https:\/\/noticiasal.com.mx\/?p=18115"},"modified":"2025-12-01T03:08:38","modified_gmt":"2025-12-01T03:08:38","slug":"inician-las-peregrinaciones-guadalupanas-2025-en-puerto-vallarta","status":"publish","type":"post","link":"https:\/\/noticiasal.com.mx\/index.php\/2025\/12\/01\/inician-las-peregrinaciones-guadalupanas-2025-en-puerto-vallarta\/","title":{"rendered":"Inician las Peregrinaciones Guadalupanas 2025 en Puerto Vallarta"},"content":{"rendered":"<p data-start=\"174\" data-end=\"465\">Este domingo 30 de noviembre dieron inicio las tradicionales Peregrinaciones Guadalupanas en Puerto Vallarta, con la participaci\u00f3n de los grupos de la Parroquia de Guadalupe, responsables de la coordinaci\u00f3n, log\u00edstica y atenci\u00f3n de los miles de fieles que acudir\u00e1n durante los pr\u00f3ximos d\u00edas.<\/p>\n<p data-start=\"467\" data-end=\"677\">Del <strong data-start=\"471\" data-end=\"495\">1 al 12 de diciembre<\/strong>, la ciudad se prepara para recibir a una gran cantidad de peregrinos que llegar\u00e1n para saludar y agradecer a la Virgen de Guadalupe en su parroquia ubicada en el coraz\u00f3n del centro.<\/p>\n<p data-start=\"679\" data-end=\"725\"><strong data-start=\"683\" data-end=\"725\">M\u00e1s de 480 peregrinaciones programadas<\/strong><\/p>\n<p data-start=\"727\" data-end=\"1020\">Para este a\u00f1o, el programa contempla un total de <strong data-start=\"776\" data-end=\"799\">481 peregrinaciones<\/strong>, adem\u00e1s de <strong data-start=\"811\" data-end=\"826\">8 antorchas<\/strong>, que recorrer\u00e1n las calles vallartenses para mantener viva esta tradici\u00f3n.<br data-start=\"901\" data-end=\"904\" \/>Dentro de estas, destacan la participaci\u00f3n de <strong data-start=\"950\" data-end=\"981\">14 comunidades parroquiales<\/strong> que se integran al calendario oficial.<\/p>\n<p data-start=\"1022\" data-end=\"1059\"><strong data-start=\"1026\" data-end=\"1059\">Docenario con 196 intenciones<\/strong><\/p>\n<p data-start=\"1061\" data-end=\"1289\">En el marco de estas celebraciones, las <strong data-start=\"1101\" data-end=\"1124\">Misas del Docenario<\/strong> registran <strong data-start=\"1135\" data-end=\"1151\">196 familias<\/strong> que han solicitado intenciones especiales, lo que refleja la importancia espiritual y comunitaria de estas fiestas para los vallartenses.<\/p>\n<p data-start=\"1291\" data-end=\"1323\"><strong data-start=\"1295\" data-end=\"1323\">Flujo continuo de fieles<\/strong><\/p>\n<p data-start=\"1325\" data-end=\"1720\">La organizaci\u00f3n establecida permitir\u00e1 recibir <strong data-start=\"1371\" data-end=\"1420\">entre 100 y 150 peregrinos cada cinco minutos<\/strong>, gracias al orden en el que se presentan los grupos contemplados en el programa oficial.<br data-start=\"1509\" data-end=\"1512\" \/>Este esquema favorece que los fieles puedan ingresar al templo, tomar asiento, escuchar el mensaje del sacerdote, recibir la bendici\u00f3n y retirarse de manera ordenada para dar espacio al siguiente contingente.<\/p>\n<p data-start=\"1722\" data-end=\"1774\"><strong data-start=\"1726\" data-end=\"1774\">Pendiente la cifra de la Magna Peregrinaci\u00f3n<\/strong><\/p>\n<p data-start=\"1776\" data-end=\"2027\">Las autoridades eclesi\u00e1sticas informaron que a\u00fan se revisa la metodolog\u00eda para contabilizar adecuadamente la participaci\u00f3n en la <strong data-start=\"1905\" data-end=\"1947\">Magna Peregrinaci\u00f3n de Los Favorecidos<\/strong>, una de las m\u00e1s importantes por la gran cantidad de devotos que acude cada a\u00f1o.<\/p>\n<blockquote>\n<p data-start=\"2029\" data-end=\"2215\">Con el inicio de estas actividades, Puerto Vallarta reafirma una de sus tradiciones m\u00e1s arraigadas y esperadas, que a\u00f1o con a\u00f1o re\u00fane a miles de creyentes para honrar a la Virgen Morena.<\/p>\n<\/blockquote>\n","protected":false},"excerpt":{"rendered":"<p>Este domingo 30 de noviembre dieron inicio las tradicionales Peregrinaciones Guadalupanas en Puerto Vallarta, con la participaci\u00f3n de los grupos de la Parroquia de Guadalupe, responsables de la coordinaci\u00f3n, log\u00edstica y atenci\u00f3n de los miles de fieles que acudir\u00e1n durante los pr\u00f3ximos d\u00edas. Del 1 al 12 de diciembre, la ciudad se prepara para recibir [&hellip;]<\/p>\n","protected":false},"author":25,"featured_media":18116,"comment_status":"open","ping_status":"closed","sticky":false,"template":"","format":"standard","meta":{"footnotes":""},"categories":[159],"tags":[1038,1037,187,1039],"class_list":["post-18115","post","type-post","status-publish","format-standard","has-post-thumbnail","hentry","category-puerto-vallarta","tag-fervor-guadalupano","tag-peregrinaciones","tag-puerto-vallarta","tag-virgen-de-guadalupe"],"_links":{"self":[{"href":"https:\/\/noticiasal.com.mx\/index.php\/wp-json\/wp\/v2\/posts\/18115"}],"collection":[{"href":"https:\/\/noticiasal.com.mx\/index.php\/wp-json\/wp\/v2\/posts"}],"about":[{"href":"https:\/\/noticiasal.com.mx\/index.php\/wp-json\/wp\/v2\/types\/post"}],"author":[{"embeddable":true,"href":"https:\/\/noticiasal.com.mx\/index.php\/wp-json\/wp\/v2\/users\/25"}],"replies":[{"embeddable":true,"href":"https:\/\/noticiasal.com.mx\/index.php\/wp-json\/wp\/v2\/comments?post=18115"}],"version-history":[{"count":1,"href":"https:\/\/noticiasal.com.mx\/index.php\/wp-json\/wp\/v2\/posts\/18115\/revisions"}],"predecessor-version":[{"id":18117,"href":"https:\/\/noticiasal.com.mx\/index.php\/wp-json\/wp\/v2\/posts\/18115\/revisions\/18117"}],"wp:featuredmedia":[{"embeddable":true,"href":"https:\/\/noticiasal.com.mx\/index.php\/wp-json\/wp\/v2\/media\/18116"}],"wp:attachment":[{"href":"https:\/\/noticiasal.com.mx\/index.php\/wp-json\/wp\/v2\/media?parent=18115"}],"wp:term":[{"taxonomy":"category","embeddable":true,"href":"https:\/\/noticiasal.com.mx\/index.php\/wp-json\/wp\/v2\/categories?post=18115"},{"taxonomy":"post_tag","embeddable":true,"href":"https:\/\/noticiasal.com.mx\/index.php\/wp-json\/wp\/v2\/tags?post=18115"}],"curies":[{"name":"wp","href":"https:\/\/api.w.org\/{rel}","templated":true}]}}