{"id":18118,"date":"2025-12-01T03:15:39","date_gmt":"2025-12-01T03:15:39","guid":{"rendered":"https:\/\/noticiasal.com.mx\/?p=18118"},"modified":"2025-12-01T13:22:53","modified_gmt":"2025-12-01T13:22:53","slug":"invitan-a-reflexionar-sobre-el-adn-del-idioma-espanol-en-fil-literatura","status":"publish","type":"post","link":"https:\/\/noticiasal.com.mx\/index.php\/2025\/12\/01\/invitan-a-reflexionar-sobre-el-adn-del-idioma-espanol-en-fil-literatura\/","title":{"rendered":"Invitan a reflexionar sobre el ADN del idioma espa\u00f1ol, en FIL Literatura"},"content":{"rendered":"<div class=\"field field--name-field-sinopsis- field--type-string field--label-hidden field--item\">Mediante la obra de divulgaci\u00f3n de la fil\u00f3loga Concepci\u00f3n Company, disertan sobre los contactos que conforman el espa\u00f1ol<\/div>\n<div class=\"field field--name-body field--type-text-with-summary field--label-hidden field--item\">\n<p class=\"text-align-justify\"><span lang=\"es\">Con el fin de reflexionar c\u00f3mo se ha configurado la lengua espa\u00f1ola, de cu\u00e1les lenguas se ha nutrido y c\u00f3mo refleja un ADN cultural que le da identidad al tiempo que proyecta nuestra percepci\u00f3n del mundo, tomando en cuenta la \u00faltima propuesta bibliogr\u00e1fica de la fil\u00f3loga mexicana Concepci\u00f3n Company, tuvo lugar la mesa de di\u00e1logo y presentaci\u00f3n del libro\u00a0<\/span><em><span lang=\"es\"><strong>El espa\u00f1ol. Un ADN cultural de muchas lenguas<\/strong><\/span><\/em><span lang=\"es\">, como parte de las actividades de FIL Literatura durante la edici\u00f3n 39 de la\u00a0<\/span><a href=\"https:\/\/www.fil.com.mx\/\"><span lang=\"es\">Feria Internacional del Libro de Guadalajara (FIL)<\/span><\/a><span lang=\"es\">.<\/span><\/p>\n<p class=\"text-align-justify\"><span lang=\"es\">En el di\u00e1logo tomaron parte la profesora e investigadora de la UNAM, Concepci\u00f3n Company y la traductora y editora Laura Garc\u00eda Arroyo, moderadas por el fundador y codirector editorial de La Caja de Cerillos Ediciones, Alejandro Cruz Atienza.\u00a0<\/span><\/p>\n<p class=\"text-align-justify\"><span lang=\"es\">Laura Garc\u00eda habl\u00f3 de la importancia de unir el concepto de ADN con el lenguaje, puesto que, seg\u00fan destac\u00f3, \u201c<strong>cada que alguien abre la boca y habla, nos da un vistazo de qui\u00e9n es y de d\u00f3nde viene<\/strong>\u201d. Y le pregunt\u00f3 a Company sobre su trabajo de divulgaci\u00f3n, su nacimiento y construcci\u00f3n.<\/span><\/p>\n<p class=\"text-align-justify\"><span lang=\"es\">Company comparti\u00f3 algunas an\u00e9cdotas sobre la construcci\u00f3n de varios de sus proyectos editoriales, como aquel\u00a0<\/span><em><span lang=\"es\">Diccionario de mexicanos<\/span><\/em><span lang=\"es\">, donde quiso recalcar que la lengua es amplia e incluye todo lo que es mencionado por quienes conforman una comunidad.<\/span><\/p>\n<p class=\"text-align-justify\"><span lang=\"es\">\u201cMi prop\u00f3sito era escribir un libro que pudiera\u00a0<strong>mostrar que la lengua se fortalece con la comunidad<\/strong>, donde los rituales y la unidad de varias culturas conforman nuestro espa\u00f1ol, nuestro lenguaje. La lengua es el m\u00e1s poderoso identificador de cualquier ser humano, es un individualizador tan poderoso como el ADN\u201d, mencion\u00f3.<\/span><\/p>\n<p class=\"text-align-justify\"><span lang=\"es\"><strong>M\u00e9xico contribuye con el 25 por ciento de hispanohablantes a nivel mundial<\/strong>, lo que lo vuelve un referente del idioma y vuelve su lenguaje parte de la universalidad y generosidad del espa\u00f1ol, as\u00ed lo recalc\u00f3 Company.<\/span><\/p>\n<blockquote>\n<p class=\"text-align-justify\"><span lang=\"es\">\u201cEl usar las frases hechas aqu\u00ed y compartir el hecho biol\u00f3gico de hablar nos vuelve seres anclados en genes, pero tambi\u00e9n en hechos hist\u00f3ricos.\u00a0<strong>Eso es lo que forma nuestra sintaxis libre, que comparte verbos de transferencia; tan espa\u00f1ol es decir \u2018hola\u2019, como decir \u2018qui\u00fabole\u2019<\/strong>\u201d, agreg\u00f3.<\/span><\/p>\n<\/blockquote>\n<p class=\"text-align-justify\"><span lang=\"es\">Company resalt\u00f3 que las palabras prestadas del ingl\u00e9s, franc\u00e9s y n\u00e1huatl suelen ser categorizadas y asignan un peso social a quienes la hablan.<\/span><\/p>\n<p class=\"text-align-justify\"><span lang=\"es\">\u201cSomos seres valoradores, hay lenguas de prestigio que nos dan orgullo y otras que nos dan repele, y eso tiene que ver con un conjunto de factores relacionados con la temporalidad de las palabras;\u00a0<strong>arroz, es un arabismo, por ejemplo, como alacena y alberca, pero como es tan grande su historia lo aceptamos muy bien, no nos damos cuenta, lo que nos invita a cuestionar la islamofobia<\/strong>, cuando el \u00e1rabe nos dio m\u00e1s de cuatro mil vocablos\u201d.<\/span><\/p>\n<p class=\"text-align-justify\"><span lang=\"es\">Para la autora, el peso social de las lenguas es evidente: \u201c<strong>En el franc\u00e9s encontramos glamour<\/strong>, pero en las lenguas amerindias no. Nos asustamos con el ingl\u00e9s porque viene de un imperio, es una lengua econ\u00f3mica. Es importante ver c\u00f3mo todos los pr\u00e9stamos enriquecen, y la lengua espa\u00f1ola est\u00e1 llena de ellos\u201d, dijo.<\/span><\/p>\n<p class=\"text-align-justify\"><span lang=\"es\">Para seguir con la conversaci\u00f3n, Laura Arroyo puso sobre la mesa la creatividad, la escritura, el juego y la met\u00e1fora como una manera diferente de usar el espa\u00f1ol, lo que representa un orgullo para la lengua.<\/span><\/p>\n<p class=\"text-align-justify\"><img loading=\"lazy\" decoding=\"async\" class=\"blazy size-medium wp-image-18120 aligncenter\" src=\"https:\/\/noticiasal.com.mx\/wp-content\/themes\/news\/assets\/images\/picture_placeholder_list.jpg\" data-src=\"https:\/\/noticiasal.com.mx\/wp-content\/uploads\/2025\/12\/251130_invitan-a-reflexionar-sobre-el-adn-del-idioma-espanol-en-fil-literatura_ag-2-300x244.jpg\" alt=\"\" width=\"300\" height=\"244\" \/><noscript><img loading=\"lazy\" decoding=\"async\" class=\"size-medium wp-image-18120 aligncenter\" src=\"https:\/\/noticiasal.com.mx\/wp-content\/uploads\/2025\/12\/251130_invitan-a-reflexionar-sobre-el-adn-del-idioma-espanol-en-fil-literatura_ag-2-300x244.jpg\" alt=\"\" width=\"300\" height=\"244\" srcset=\"https:\/\/noticiasal.com.mx\/wp-content\/uploads\/2025\/12\/251130_invitan-a-reflexionar-sobre-el-adn-del-idioma-espanol-en-fil-literatura_ag-2-300x244.jpg 300w, https:\/\/noticiasal.com.mx\/wp-content\/uploads\/2025\/12\/251130_invitan-a-reflexionar-sobre-el-adn-del-idioma-espanol-en-fil-literatura_ag-2-768x623.jpg 768w, https:\/\/noticiasal.com.mx\/wp-content\/uploads\/2025\/12\/251130_invitan-a-reflexionar-sobre-el-adn-del-idioma-espanol-en-fil-literatura_ag-2.jpg 850w\" sizes=\"(max-width: 300px) 100vw, 300px\" \/><\/noscript> <img loading=\"lazy\" decoding=\"async\" class=\"blazy size-medium wp-image-18119 aligncenter\" src=\"https:\/\/noticiasal.com.mx\/wp-content\/themes\/news\/assets\/images\/picture_placeholder_list.jpg\" data-src=\"https:\/\/noticiasal.com.mx\/wp-content\/uploads\/2025\/12\/251130_invitan-a-reflexionar-sobre-el-adn-del-idioma-espanol-en-fil-literatura_ag-3-300x244.jpg\" alt=\"\" width=\"300\" height=\"244\" \/><noscript><img loading=\"lazy\" decoding=\"async\" class=\"size-medium wp-image-18119 aligncenter\" src=\"https:\/\/noticiasal.com.mx\/wp-content\/uploads\/2025\/12\/251130_invitan-a-reflexionar-sobre-el-adn-del-idioma-espanol-en-fil-literatura_ag-3-300x244.jpg\" alt=\"\" width=\"300\" height=\"244\" srcset=\"https:\/\/noticiasal.com.mx\/wp-content\/uploads\/2025\/12\/251130_invitan-a-reflexionar-sobre-el-adn-del-idioma-espanol-en-fil-literatura_ag-3-300x244.jpg 300w, https:\/\/noticiasal.com.mx\/wp-content\/uploads\/2025\/12\/251130_invitan-a-reflexionar-sobre-el-adn-del-idioma-espanol-en-fil-literatura_ag-3-768x623.jpg 768w, https:\/\/noticiasal.com.mx\/wp-content\/uploads\/2025\/12\/251130_invitan-a-reflexionar-sobre-el-adn-del-idioma-espanol-en-fil-literatura_ag-3.jpg 850w\" sizes=\"(max-width: 300px) 100vw, 300px\" \/><\/noscript><\/p>\n<p class=\"text-align-justify\"><span lang=\"es\">\u201cLos seres humanos somos los \u00fanicos que poseemos la capacidad de tener una sintaxis libre, y en esa libertad radica nuestra habilidad de hacer asociaciones metaf\u00f3ricas. Los contactos rejuvenecen las lenguas, las recrean y las vuelven mixtas y metaf\u00f3ricas. Tan metaf\u00f3rico era Cort\u00e1zar como lo es el se\u00f1or de la banqueta; el lenguaje se crea todos los d\u00edas, no lo construyen s\u00f3lo los escritores\u201d, dijo Company.<\/span><\/p>\n<p class=\"text-align-justify\"><span lang=\"es\">Ella fue puntual al recalcar: \u201cNo existen lenguas puras, el castellano y el portugu\u00e9s, por ejemplo, pueden entenderse en un 80 por ciento; el argentino y el mexicano s\u00f3lo se pueden entender en un 69 por ciento. La pol\u00edtica, la cultura y la frontera pueden favorecer a las lenguas oficiales; sin embargo,\u00a0<strong>el hablante no tiene una manera de saber si lo que hablamos viene de su lengua patrimonial<\/strong>\u201d.<\/span><\/p>\n<p>Fuente:<a href=\"https:\/\/www.udg.mx\/es\/noticia\/invitan-reflexionar-sobre-el-adn-del-idioma-espanol-en-fil-literatura\" target=\"_blank\" rel=\"noopener\"> UdeG<\/a><\/p>\n<\/div>\n","protected":false},"excerpt":{"rendered":"<p>Mediante la obra de divulgaci\u00f3n de la fil\u00f3loga Concepci\u00f3n Company, disertan sobre los contactos que conforman el espa\u00f1ol Con el fin de reflexionar c\u00f3mo se ha configurado la lengua espa\u00f1ola, de cu\u00e1les lenguas se ha nutrido y c\u00f3mo refleja un ADN cultural que le da identidad al tiempo que proyecta nuestra percepci\u00f3n del mundo, tomando [&hellip;]<\/p>\n","protected":false},"author":9,"featured_media":18121,"comment_status":"open","ping_status":"closed","sticky":false,"template":"","format":"standard","meta":{"footnotes":""},"categories":[154],"tags":[1041,1014,1040],"class_list":["post-18118","post","type-post","status-publish","format-standard","has-post-thumbnail","hentry","category-jalisco","tag-festival-internacional-del-libro","tag-fil","tag-literatura"],"_links":{"self":[{"href":"https:\/\/noticiasal.com.mx\/index.php\/wp-json\/wp\/v2\/posts\/18118"}],"collection":[{"href":"https:\/\/noticiasal.com.mx\/index.php\/wp-json\/wp\/v2\/posts"}],"about":[{"href":"https:\/\/noticiasal.com.mx\/index.php\/wp-json\/wp\/v2\/types\/post"}],"author":[{"embeddable":true,"href":"https:\/\/noticiasal.com.mx\/index.php\/wp-json\/wp\/v2\/users\/9"}],"replies":[{"embeddable":true,"href":"https:\/\/noticiasal.com.mx\/index.php\/wp-json\/wp\/v2\/comments?post=18118"}],"version-history":[{"count":2,"href":"https:\/\/noticiasal.com.mx\/index.php\/wp-json\/wp\/v2\/posts\/18118\/revisions"}],"predecessor-version":[{"id":18124,"href":"https:\/\/noticiasal.com.mx\/index.php\/wp-json\/wp\/v2\/posts\/18118\/revisions\/18124"}],"wp:featuredmedia":[{"embeddable":true,"href":"https:\/\/noticiasal.com.mx\/index.php\/wp-json\/wp\/v2\/media\/18121"}],"wp:attachment":[{"href":"https:\/\/noticiasal.com.mx\/index.php\/wp-json\/wp\/v2\/media?parent=18118"}],"wp:term":[{"taxonomy":"category","embeddable":true,"href":"https:\/\/noticiasal.com.mx\/index.php\/wp-json\/wp\/v2\/categories?post=18118"},{"taxonomy":"post_tag","embeddable":true,"href":"https:\/\/noticiasal.com.mx\/index.php\/wp-json\/wp\/v2\/tags?post=18118"}],"curies":[{"name":"wp","href":"https:\/\/api.w.org\/{rel}","templated":true}]}}