{"id":18304,"date":"2025-12-10T22:01:20","date_gmt":"2025-12-10T22:01:20","guid":{"rendered":"https:\/\/noticiasal.com.mx\/?p=18304"},"modified":"2025-12-10T22:01:20","modified_gmt":"2025-12-10T22:01:20","slug":"mexico-aumenta-aranceles-a-china-para-proteger-industrias","status":"publish","type":"post","link":"https:\/\/noticiasal.com.mx\/index.php\/2025\/12\/10\/mexico-aumenta-aranceles-a-china-para-proteger-industrias\/","title":{"rendered":"M\u00e9xico aumenta aranceles a China para proteger industrias"},"content":{"rendered":"<ul>\n<li>Morena y aliados avalan alza en impuestos para frenar pr\u00e1cticas comerciales desleales y niegan riesgos inflacionarios. La oposici\u00f3n advierte del encarecimiento de productos.<\/li>\n<\/ul>\n<p>La C\u00e1mara de Diputados aprob\u00f3 en lo general un\u00a0<strong>incremento sustancial a los aranceles aplicados a las importaciones provenientes de China y otros pa\u00edses asi\u00e1ticos con los que M\u00e9xico no tiene acuerdos comerciales, como India, Corea del Sur, Tailandia e Indonesia.\u00a0<\/strong><\/p>\n<p>Con 281 votos a favor, 24 en contra y 149 abstenciones, la iniciativa impulsada por la mayor\u00eda de Morena y sus aliados establece\u00a0<strong>impuestos que van del 10% al 50% para productos como autom\u00f3viles, textiles, ropa, pl\u00e1sticos, acero y diversas manufacturas.<\/strong>\u00a0<strong>El argumento central es proteger a la industria nacional frente a lo que califican como pr\u00e1cticas comerciales desleales y fortalecer el contenido nacional.<\/strong>\u00a0La oposici\u00f3n, en contraste, advirti\u00f3 afectaciones al consumidor final y cuestion\u00f3 la ausencia de estudios de impacto completos.<\/p>\n<p>Sobre los beneficios esperados, Miguel \u00c1ngel Salim Alle, presidente de la Comisi\u00f3n de Econom\u00eda, Comercio y Competitividad en San L\u00e1zaro, destac\u00f3 que la medida pretende reactivar sectores sensibles como autopartes, textil, vestido y calzado, adem\u00e1s de estimular la generaci\u00f3n de empleos. \u201cEs un buen paso para que la industria empiece a activarse\u2026 todos esos sectores sensibles se protegieron\u201d.<\/p>\n<div id=\"div-gpt-ad-1725996948169-0\" data-google-query-id=\"CLL_vab-s5EDFYNPCAQd65I4GA\">\n<div id=\"google_ads_iframe_\/1001694\/1x1_2_Desktop_0__container__\">\n<div>\n<div class=\"trv-player-container\">\n<div class=\"trv-wrapper\">\n<div id=\"br_video_player_ba3197399e77b58444e619f3407becd2f7a42e7b\" class=\"trvd_video_player trvdinstream\">\n<div class=\"media-player\">\n<div class=\"trv-video\">\n<div id=\"truvid_ima_container44810\" class=\"truvid_ima_container trv-ima-container-hidden\">\n<p>Reconoci\u00f3 que\u00a0<strong>la pol\u00edtica arancelaria busca disminuir la dependencia de proveedores asi\u00e1ticos y estimular la sustituci\u00f3n de importaciones. Aunque este proceso podr\u00eda tardar hasta dos a\u00f1os, consider\u00f3 que el impacto inflacionario ser\u00e1 moderado<\/strong>. \u201cDe acuerdo con un estudio, el impacto inflacionario ser\u00e1 de apenas 0.3%. Finalmente lo que se gana es mantener los empleos y generar empresas en M\u00e9xico\u201d.<\/p>\n<blockquote><p>Precis\u00f3 que la versi\u00f3n aprobada\u00a0<strong>incorpor\u00f3 cambios en 609 fracciones arancelarias,\u00a0<\/strong>resultado de mesas de trabajo con c\u00e1maras empresariales y asociaciones industriales.<\/p><\/blockquote>\n<p>No obstante, diversos sectores expresaron preocupaci\u00f3n. Guillermo Rosales, presidente ejecutivo de la Asociaci\u00f3n Mexicana de Distribuidores de Automotores, alert\u00f3 que el incremento afectar\u00e1 la competitividad de varias marcas, no \u00fanicamente las chinas.\u00a0<strong>\u201cLa mayor parte de los veh\u00edculos que se comercializan en M\u00e9xico provienen de pa\u00edses sin acuerdo de libre comercio. Habr\u00e1 una disminuci\u00f3n en su participaci\u00f3n de mercado\u201d.<\/strong>\u00a0A\u00f1adi\u00f3 que a\u00fan no es posible dimensionar cu\u00e1nto del nuevo costo ser\u00e1 absorbido por los fabricantes y cu\u00e1nto se trasladar\u00e1 al consumidor.<\/p>\n<p>Otro punto de alerta proviene del \u00e1mbito del comercio exterior. Miguel \u00c1ngel Landeros, presidente del Comce de Occidente, consider\u00f3 acertado frenar el ingreso de mercanc\u00eda subvaluada, pero\u00a0<strong>advirti\u00f3 un riesgo mayor: el contrabando.<\/strong>\u00a0\u201cSi no hay un control efectivo en las aduanas, lo que puedes provocar es una escalada de mercanc\u00eda irregular\u201d.<\/p>\n<div class=\"div-pos-7\"><\/div>\n<p>Para Israel Mac\u00edas, catedr\u00e1tico de la Universidad Panamericana,\u00a0<strong>la decisi\u00f3n tiene un trasfondo pol\u00edtico. \u201cLo que se busc\u00f3 fue quedar bien con Estados Unidos y con el presidente Donald Trump.<\/strong>\u00a0Es una se\u00f1al de alineamiento para evitar conflictos rumbo a la renegociaci\u00f3n comercial que se prev\u00e9 para el pr\u00f3ximo a\u00f1o\u201d.<\/p>\n<p>Seg\u00fan el acad\u00e9mico, M\u00e9xico busca mostrar \u201cun frente unido\u201d en la tensi\u00f3n comercial entre Washington y Beijing, donde China es vista como el \u201cenemigo n\u00famero uno\u201d de la industria estadounidense.<\/p>\n<p><strong>Sobre el alcance de la reforma, se incrementaron los aranceles de mil 463 art\u00edculos provenientes de pa\u00edses sin acuerdo comercial. Las modificaciones entrar\u00e1n en vigor el 1 de enero de 2026,<\/strong>\u00a0dando inicio a un reacomodo en la estructura de costos de buena parte del sector industrial y comercial del pa\u00eds.<\/p>\n<p>Al cierre de edici\u00f3n, continuaba la discusi\u00f3n en lo particular de los art\u00edculos reservados. Hoy est\u00e1 citado el Senado para avalar el dictamen y remitirlo al Ejecutivo federal para su promulgaci\u00f3n.<\/p>\n<p><a href=\"https:\/\/www.informador.mx\/mexico\/mexico-aumenta-aranceles-a-china-para-proteger-industrias-20251210-0029.html\" target=\"_blank\" rel=\"noopener\">informador\u00a0<\/a><\/p>\n<\/div>\n<\/div>\n<\/div>\n<\/div>\n<\/div>\n<\/div>\n<\/div>\n<\/div>\n<\/div>\n","protected":false},"excerpt":{"rendered":"<p>Morena y aliados avalan alza en impuestos para frenar pr\u00e1cticas comerciales desleales y niegan riesgos inflacionarios. La oposici\u00f3n advierte del encarecimiento de productos. La C\u00e1mara de Diputados aprob\u00f3 en lo general un\u00a0incremento sustancial a los aranceles aplicados a las importaciones provenientes de China y otros pa\u00edses asi\u00e1ticos con los que M\u00e9xico no tiene acuerdos comerciales, [&hellip;]<\/p>\n","protected":false},"author":9,"featured_media":18305,"comment_status":"open","ping_status":"closed","sticky":false,"template":"","format":"standard","meta":{"footnotes":""},"categories":[148],"tags":[270,396,185],"class_list":["post-18304","post","type-post","status-publish","format-standard","has-post-thumbnail","hentry","category-mexico","tag-aranceles","tag-china","tag-mexico"],"_links":{"self":[{"href":"https:\/\/noticiasal.com.mx\/index.php\/wp-json\/wp\/v2\/posts\/18304"}],"collection":[{"href":"https:\/\/noticiasal.com.mx\/index.php\/wp-json\/wp\/v2\/posts"}],"about":[{"href":"https:\/\/noticiasal.com.mx\/index.php\/wp-json\/wp\/v2\/types\/post"}],"author":[{"embeddable":true,"href":"https:\/\/noticiasal.com.mx\/index.php\/wp-json\/wp\/v2\/users\/9"}],"replies":[{"embeddable":true,"href":"https:\/\/noticiasal.com.mx\/index.php\/wp-json\/wp\/v2\/comments?post=18304"}],"version-history":[{"count":1,"href":"https:\/\/noticiasal.com.mx\/index.php\/wp-json\/wp\/v2\/posts\/18304\/revisions"}],"predecessor-version":[{"id":18306,"href":"https:\/\/noticiasal.com.mx\/index.php\/wp-json\/wp\/v2\/posts\/18304\/revisions\/18306"}],"wp:featuredmedia":[{"embeddable":true,"href":"https:\/\/noticiasal.com.mx\/index.php\/wp-json\/wp\/v2\/media\/18305"}],"wp:attachment":[{"href":"https:\/\/noticiasal.com.mx\/index.php\/wp-json\/wp\/v2\/media?parent=18304"}],"wp:term":[{"taxonomy":"category","embeddable":true,"href":"https:\/\/noticiasal.com.mx\/index.php\/wp-json\/wp\/v2\/categories?post=18304"},{"taxonomy":"post_tag","embeddable":true,"href":"https:\/\/noticiasal.com.mx\/index.php\/wp-json\/wp\/v2\/tags?post=18304"}],"curies":[{"name":"wp","href":"https:\/\/api.w.org\/{rel}","templated":true}]}}