{"id":18333,"date":"2025-12-13T22:50:41","date_gmt":"2025-12-13T22:50:41","guid":{"rendered":"https:\/\/noticiasal.com.mx\/?p=18333"},"modified":"2025-12-13T22:50:41","modified_gmt":"2025-12-13T22:50:41","slug":"ideft-y-river-park-impulsan-capacitacion-ecoturistica-en-puerto-vallarta","status":"publish","type":"post","link":"https:\/\/noticiasal.com.mx\/index.php\/2025\/12\/13\/ideft-y-river-park-impulsan-capacitacion-ecoturistica-en-puerto-vallarta\/","title":{"rendered":"IDEFT y River Park impulsan capacitaci\u00f3n ecotur\u00edstica en Puerto Vallarta"},"content":{"rendered":"<ul>\n<li>Este acuerdo busca fortalecer las oportunidades de desarrollo en la regi\u00f3n costera de Jalisco, beneficiando a la fuerza laboral local.<\/li>\n<\/ul>\n<p>El\u00a0<strong>Instituto de Formaci\u00f3n para el Trabajo del Estado de Jalisco<\/strong>\u00a0(IDEFT) y la empresa<strong>\u00a0River Park<\/strong>\u00a0han establecido un convenio de colaboraci\u00f3n en Puerto Vallarta, el cual tiene como objetivo principal la capacitaci\u00f3n y profesionalizaci\u00f3n del sector ecotur\u00edstico y de servicios en la regi\u00f3n costera, buscando fortalecer las oportunidades de desarrollo laboral para la poblaci\u00f3n local.<\/p>\n<p>Este esfuerzo se alinea con la visi\u00f3n del gobernador Pablo Lemus Navarro y del secretario de Educaci\u00f3n, Juan Carlos Flores Miramontes, quien preside la Junta Directiva del IDEFT. La meta es brindar formaci\u00f3n t\u00e9cnica de calidad y fomentar alianzas estrat\u00e9gicas con actores privados.<\/p>\n<p><strong>La iniciativa fue gestionada por el plantel IDEFT Puerto Vallarta,<\/strong>\u00a0<strong>bajo la direcci\u00f3n de Francisco Javier Bravo Carbajal<\/strong>, quien identific\u00f3 la necesidad de unir fuerzas con River Park para crear nuevas rutas de capacitaci\u00f3n. Estas se enfocan en el ecoturismo y los servicios locales.<\/p>\n<h2>Impacto de la formaci\u00f3n t\u00e9cnica<\/h2>\n<p>Durante la ceremonia de firma,\u00a0<strong>Bravo Carbajal\u00a0<\/strong>destac\u00f3 que la formaci\u00f3n t\u00e9cnica no solo expande las oportunidades laborales, sino que tambi\u00e9n contribuye directamente al desarrollo social. \u00abFormar talento es una forma real de transformar entornos y fortalecer comunidades desde adentro\u00bb, afirm\u00f3.<\/p>\n<div id=\"standard_6\" class=\"st-placement standard_6 inArticle\"><\/div>\n<p>Por parte de River Park, participaron Miguel Fregoso Castell\u00f3n, Miguel Pulido y Abel Fregoso Amaral, quienes resaltaron la importancia de ofrecer a su equipo herramientas para crecer profesionalmente y asegurar servicios de alta calidad, reiterando su compromiso con la capacitaci\u00f3n constante.<\/p>\n<h2>Alianzas estrat\u00e9gicas para jalisco<\/h2>\n<p><strong>Salvador Cos\u00edo Gaona<\/strong>, director general del IDEFT, r<strong>eiter\u00f3 que este tipo de convenios es crucial para la estrategia del instituto<\/strong>\u00a0con la que buscan acercar la formaci\u00f3n t\u00e9cnica a las comunidades que m\u00e1s la necesitan, contribuyendo al bienestar regional.<\/p>\n<p>Estas alianzas, seg\u00fan Cos\u00edo Gaona,\u00a0<strong>fortalecen la empleabilidad y elevan la calidad de vida de las personas\u00a0<\/strong>y de esta manera, se consolida el prop\u00f3sito del IDEFT de ser un motor de transformaci\u00f3n para el Estado de Jalisco.<\/p>\n<blockquote><p>Con esta firma, el IDEFT contin\u00faa expandiendo su red de colaboraci\u00f3n. Asimismo, reafirma su compromiso con el desarrollo productivo y social de Puerto Vallarta y su zona conurbada.<\/p><\/blockquote>\n<p><a href=\"https:\/\/www.informador.mx\/jalisco\/ideft-y-river-park-impulsan-capacitacion-ecoturistica-en-puerto-vallarta-20251212-0162.html\" target=\"_blank\" rel=\"noopener\">Informador\u00a0<\/a><\/p>\n","protected":false},"excerpt":{"rendered":"<p>Este acuerdo busca fortalecer las oportunidades de desarrollo en la regi\u00f3n costera de Jalisco, beneficiando a la fuerza laboral local. El\u00a0Instituto de Formaci\u00f3n para el Trabajo del Estado de Jalisco\u00a0(IDEFT) y la empresa\u00a0River Park\u00a0han establecido un convenio de colaboraci\u00f3n en Puerto Vallarta, el cual tiene como objetivo principal la capacitaci\u00f3n y profesionalizaci\u00f3n del sector ecotur\u00edstico [&hellip;]<\/p>\n","protected":false},"author":25,"featured_media":18334,"comment_status":"open","ping_status":"closed","sticky":false,"template":"","format":"standard","meta":{"footnotes":""},"categories":[159],"tags":[579,1100,1099,189],"class_list":["post-18333","post","type-post","status-publish","format-standard","has-post-thumbnail","hentry","category-puerto-vallarta","tag-capacitacion","tag-ecoturismo","tag-ideft","tag-turismo"],"_links":{"self":[{"href":"https:\/\/noticiasal.com.mx\/index.php\/wp-json\/wp\/v2\/posts\/18333"}],"collection":[{"href":"https:\/\/noticiasal.com.mx\/index.php\/wp-json\/wp\/v2\/posts"}],"about":[{"href":"https:\/\/noticiasal.com.mx\/index.php\/wp-json\/wp\/v2\/types\/post"}],"author":[{"embeddable":true,"href":"https:\/\/noticiasal.com.mx\/index.php\/wp-json\/wp\/v2\/users\/25"}],"replies":[{"embeddable":true,"href":"https:\/\/noticiasal.com.mx\/index.php\/wp-json\/wp\/v2\/comments?post=18333"}],"version-history":[{"count":1,"href":"https:\/\/noticiasal.com.mx\/index.php\/wp-json\/wp\/v2\/posts\/18333\/revisions"}],"predecessor-version":[{"id":18335,"href":"https:\/\/noticiasal.com.mx\/index.php\/wp-json\/wp\/v2\/posts\/18333\/revisions\/18335"}],"wp:featuredmedia":[{"embeddable":true,"href":"https:\/\/noticiasal.com.mx\/index.php\/wp-json\/wp\/v2\/media\/18334"}],"wp:attachment":[{"href":"https:\/\/noticiasal.com.mx\/index.php\/wp-json\/wp\/v2\/media?parent=18333"}],"wp:term":[{"taxonomy":"category","embeddable":true,"href":"https:\/\/noticiasal.com.mx\/index.php\/wp-json\/wp\/v2\/categories?post=18333"},{"taxonomy":"post_tag","embeddable":true,"href":"https:\/\/noticiasal.com.mx\/index.php\/wp-json\/wp\/v2\/tags?post=18333"}],"curies":[{"name":"wp","href":"https:\/\/api.w.org\/{rel}","templated":true}]}}