{"id":18337,"date":"2025-12-13T23:33:57","date_gmt":"2025-12-13T23:33:57","guid":{"rendered":"https:\/\/noticiasal.com.mx\/?p=18337"},"modified":"2025-12-13T23:50:35","modified_gmt":"2025-12-13T23:50:35","slug":"mujeres-que-rompen-el-silencio-ecos-de-sor-juana-en-el-claustro","status":"publish","type":"post","link":"https:\/\/noticiasal.com.mx\/index.php\/2025\/12\/13\/mujeres-que-rompen-el-silencio-ecos-de-sor-juana-en-el-claustro\/","title":{"rendered":"Mujeres que rompen el silencio\u2026 ecos de Sor Juana en el Claustro"},"content":{"rendered":"<ul>\n<li><em>En la Universidad del Claustro de Sor Juana, seis autoras del libro \u201cMujeres que rompieron sus techos de cristal\u201d hilvanan sus historias con la voz de la D\u00e9cima Musa para mostrar que la lucha por la igualdad sigue en curso <\/em><\/li>\n<\/ul>\n<p>\u201cConsumir vanidades de la vida y no consumir la vida en vanidades.\u201d Con estos versos de Sor Juana In\u00e9s de la Cruz como punto de partida, la rectora de la Universidad del Claustro de Sor Juana, Carmen L\u00f3pez Portillo Romano, abri\u00f3 la presentaci\u00f3n del libro \u201cMujeres que rompieron el techo de cristal\u201d, de la colecci\u00f3n Con vivencias de la editorial Octaedro, en un auditorio colmado de estudiantes, acad\u00e9micas, activistas y p\u00fablico en general.<\/p>\n<p>El encuentro reuni\u00f3 a la coordinadora del volumen, la psic\u00f3loga y escritora Vera Moreno, y a las autoras Patricia Olamendi Torres, Mercedes Civarolo, Nora Fr\u00edas Mendoza, Ver\u00f3nica Adri\u00e1n Palma Esteves y Sylvia S\u00e1nchez Alc\u00e1ntara, quienes compartieron fragmentos de sus historias de vida: trayectorias atravesadas por la desigualdad, la violencia, la resistencia y, sobre todo, por la decisi\u00f3n de no aceptar el lugar que el patriarcado les ten\u00eda reservado.<\/p>\n<figure id=\"attachment_18338\" aria-describedby=\"caption-attachment-18338\" style=\"width: 344px\" class=\"wp-caption aligncenter\"><img loading=\"lazy\" decoding=\"async\" class=\"blazy  wp-image-18338\" src=\"https:\/\/noticiasal.com.mx\/wp-content\/themes\/news\/assets\/images\/picture_placeholder_list.jpg\" data-src=\"https:\/\/noticiasal.com.mx\/wp-content\/uploads\/2025\/12\/502-265x300.jpg\" alt=\"\" width=\"344\" height=\"389\" \/><figcaption id=\"caption-attachment-18338\" class=\"wp-caption-text\"><noscript><img loading=\"lazy\" decoding=\"async\" class=\" wp-image-18338\" src=\"https:\/\/noticiasal.com.mx\/wp-content\/uploads\/2025\/12\/502-265x300.jpg\" alt=\"\" width=\"344\" height=\"389\" srcset=\"https:\/\/noticiasal.com.mx\/wp-content\/uploads\/2025\/12\/502-265x300.jpg 265w, https:\/\/noticiasal.com.mx\/wp-content\/uploads\/2025\/12\/502-904x1024.jpg 904w, https:\/\/noticiasal.com.mx\/wp-content\/uploads\/2025\/12\/502-768x870.jpg 768w, https:\/\/noticiasal.com.mx\/wp-content\/uploads\/2025\/12\/502.jpg 960w\" sizes=\"(max-width: 344px) 100vw, 344px\" \/><\/noscript> La rectora de la Universidad Claustro de Sor Juana. Carmen L\u00f3pez Portillo Romano.<\/figcaption><\/figure>\n<p>L\u00f3pez Portillo enlaz\u00f3 la vida de Sor Juana con el sentido del libro: una mujer a la que se le arrebat\u00f3 la palabra por atreverse a pensar, estudiar y escribir. Record\u00f3 el momento en que la monja jer\u00f3nima fue obligada a firmar, con sangre, un documento donde se defin\u00eda como \u201cla peor del mundo\u201d y subray\u00f3 que, siglos despu\u00e9s, persisten los mismos mecanismos de silenciamiento: \u201cA Sor Juana le arrebataron la palabra como hoy se intenta arrebat\u00e1rsela a millones de mujeres a trav\u00e9s de la pobreza, la violencia y la desigualdad\u201d.<\/p>\n<p>La rectora record\u00f3 que en M\u00e9xico 30% de las mujeres vive en pobreza, que millones siguen excluidas del mercado laboral por las tareas de cuidado no remunerado y que los salarios de las mujeres siguen siendo sensiblemente inferiores a los de los hombres. \u201cDesde Sor Juana hasta hoy \u2014pregunt\u00f3\u2014 \u00bfqu\u00e9 ha cambiado realmente? Libros como \u00e9ste son una forma de responder y de resistir\u201d.<\/p>\n<p>Desde Espa\u00f1a, Vera Moreno explic\u00f3 por qu\u00e9 decidi\u00f3 hacer del miedo su aliado: \u201cEl miedo est\u00e1 para protegernos, pero no para dictar nuestra vida. Yo lo miro a los ojos y le digo: caminar\u00e1s conmigo, pero no vas a impedir que vaya por mis sue\u00f1os\u201d. Su cap\u00edtulo aborda el edadismo y la decisi\u00f3n de reinventarse cuando el sistema laboral pretende jubilar antes de tiempo a las mujeres.<\/p>\n<p>La jurista Patricia Olamendi relat\u00f3 c\u00f3mo su vida, marcada por la precariedad y la discriminaci\u00f3n, la llev\u00f3 a dedicar su carrera a los derechos humanos y a la lucha contra la violencia hacia las mujeres: \u201cMe propuse que ninguna ni\u00f1a tuviera que aceptar la vida que otros decidieran por ella. Romper el techo de cristal tambi\u00e9n es cambiar las leyes y exigir que se cumplan\u201d.<\/p>\n<p>La acad\u00e9mica argentina-italiana Mercedes Civarolo distingui\u00f3 entre los \u201ctechos externos\u201d, impuestos por el sistema patriarcal, y los \u201ctechos internos\u201d, hechos de miedos, culpas y mandatos: \u201cSi no trabajamos nuestros techos internos, ser\u00e1 muy dif\u00edcil romper los de afuera\u201d.<\/p>\n<p>Desde su experiencia en seguridad p\u00fablica y salud, Nora Fr\u00edas Mendoza habl\u00f3 de sus m\u00faltiples desaf\u00edos: estudiar medicina contra la voluntad de su padre, trabajar con ni\u00f1as y ni\u00f1os infractores, vivir en Islas Mar\u00edas y convertirse en la primera subsecretaria de Seguridad P\u00fablica en la Ciudad de M\u00e9xico y a nivel federal. \u201cCada dificultad fue un desaf\u00edo y cada desaf\u00edo una oportunidad para abrir camino a otras\u201d, dijo en una emotiva intervenci\u00f3n.<\/p>\n<p>Ver\u00f3nica Adri\u00e1n Palma comparti\u00f3 c\u00f3mo el dolor y los duelos la llevaron al servicio: \u201cCuando dejas de mirarte solo a ti y ves el sufrimiento de los dem\u00e1s, entiendes que el amor se convierte en acci\u00f3n\u201d.<\/p>\n<p>Por su parte, la publicista Sylvia S\u00e1nchez Alc\u00e1ntara habl\u00f3 de la pasi\u00f3n como motor para transformar la comunicaci\u00f3n y dejar de reproducir estereotipos: \u201cCuando trabajas en lo que amas, la \u00faltima milla que a todos les pesa a ti te entusiasma. Esa pasi\u00f3n es la que rompe techos\u201d.<\/p>\n<p>La rectora L\u00f3pez Portillo Romano record\u00f3 que la otra autora mexicana, Mar\u00eda Luisa Flores del Valle no estuvo por compromisos de viaje que le impidieron contar su historia y lo que cuenta en el libro donde ella habla de c\u00f3mo las equivocaciones que tenemos, que hacemos a veces, marcan nuestra vida.<\/p>\n<p>Mar\u00eda Luisa dej\u00f3 el siguiente mensaje: \u201cCreo que este libro forma parte de los cimientos de un edificio mucho m\u00e1s grande. Todav\u00eda no estamos en el edificio visible: seguramente ser\u00e1n nuestras hijas, nuestras nietas y bisnietas quienes lo vean completo.<\/p>\n<p>Nosotras estamos en la transici\u00f3n de construir ese piso firme, sostenido sobre mujeres valiosas que vinieron antes; si un edificio no tiene buenos cimientos se cae, y nuestro deber es continuar la obra que ellas iniciaron\u201d.<\/p>\n<p>El momento m\u00e1s emotivo lleg\u00f3 cuando hijas y mujeres j\u00f3venes del p\u00fablico tomaron la palabra para agradecer a estas \u201cmujerones\u201d, como se definieron, por haber \u201cpicado la piedra sin cincel\u201d y abrirles caminos distintos. \u201cUstedes no solo rompieron sus techos, rompieron muchos de los nuestros\u201d, dijo una de ellas.<\/p>\n<p>Al cierre, L\u00f3pez Portillo retom\u00f3 el esp\u00edritu de Sor Juana: \u201cLas luces de la verdad no se oscurecen con gritos. Este libro demuestra que la palabra de las mujeres, cuando se escribe con entra\u00f1as y se comparte en comunidad, es capaz de fracturar cualquier techo de cristal\u201d.<\/p>\n","protected":false},"excerpt":{"rendered":"<p>En la Universidad del Claustro de Sor Juana, seis autoras del libro \u201cMujeres que rompieron sus techos de cristal\u201d hilvanan sus historias con la voz de la D\u00e9cima Musa para mostrar que la lucha por la igualdad sigue en curso \u201cConsumir vanidades de la vida y no consumir la vida en vanidades.\u201d Con estos versos [&hellip;]<\/p>\n","protected":false},"author":9,"featured_media":18342,"comment_status":"open","ping_status":"closed","sticky":false,"template":"","format":"standard","meta":{"footnotes":""},"categories":[151,148],"tags":[],"class_list":["post-18337","post","type-post","status-publish","format-standard","has-post-thumbnail","hentry","category-estilos","category-mexico"],"_links":{"self":[{"href":"https:\/\/noticiasal.com.mx\/index.php\/wp-json\/wp\/v2\/posts\/18337"}],"collection":[{"href":"https:\/\/noticiasal.com.mx\/index.php\/wp-json\/wp\/v2\/posts"}],"about":[{"href":"https:\/\/noticiasal.com.mx\/index.php\/wp-json\/wp\/v2\/types\/post"}],"author":[{"embeddable":true,"href":"https:\/\/noticiasal.com.mx\/index.php\/wp-json\/wp\/v2\/users\/9"}],"replies":[{"embeddable":true,"href":"https:\/\/noticiasal.com.mx\/index.php\/wp-json\/wp\/v2\/comments?post=18337"}],"version-history":[{"count":1,"href":"https:\/\/noticiasal.com.mx\/index.php\/wp-json\/wp\/v2\/posts\/18337\/revisions"}],"predecessor-version":[{"id":18339,"href":"https:\/\/noticiasal.com.mx\/index.php\/wp-json\/wp\/v2\/posts\/18337\/revisions\/18339"}],"wp:featuredmedia":[{"embeddable":true,"href":"https:\/\/noticiasal.com.mx\/index.php\/wp-json\/wp\/v2\/media\/18342"}],"wp:attachment":[{"href":"https:\/\/noticiasal.com.mx\/index.php\/wp-json\/wp\/v2\/media?parent=18337"}],"wp:term":[{"taxonomy":"category","embeddable":true,"href":"https:\/\/noticiasal.com.mx\/index.php\/wp-json\/wp\/v2\/categories?post=18337"},{"taxonomy":"post_tag","embeddable":true,"href":"https:\/\/noticiasal.com.mx\/index.php\/wp-json\/wp\/v2\/tags?post=18337"}],"curies":[{"name":"wp","href":"https:\/\/api.w.org\/{rel}","templated":true}]}}