{"id":18586,"date":"2026-01-05T23:23:44","date_gmt":"2026-01-05T23:23:44","guid":{"rendered":"https:\/\/noticiasal.com.mx\/?p=18586"},"modified":"2026-01-05T23:23:53","modified_gmt":"2026-01-05T23:23:53","slug":"atiende-samu-jalisco-mas-de-160-mil-urgencias-medicas-durante-2025","status":"publish","type":"post","link":"https:\/\/noticiasal.com.mx\/index.php\/2026\/01\/05\/atiende-samu-jalisco-mas-de-160-mil-urgencias-medicas-durante-2025\/","title":{"rendered":"Atiende SAMU Jalisco m\u00e1s de 160 mil urgencias m\u00e9dicas durante 2025"},"content":{"rendered":"<ul>\n<li>\n<div class=\"relative basis-auto flex-col -mb-(--composer-overlap-px) [--composer-overlap-px:28px] grow flex\">\n<div class=\"flex flex-col text-sm pb-25\">\n<article class=\"text-token-text-primary w-full focus:outline-none [--shadow-height:45px] has-data-writing-block:pointer-events-none has-data-writing-block:-mt-(--shadow-height) has-data-writing-block:pt-(--shadow-height) [&amp;:has([data-writing-block])&gt;*]:pointer-events-auto scroll-mt-[calc(var(--header-height)+min(200px,max(70px,20svh)))]\" dir=\"auto\" tabindex=\"-1\" data-turn-id=\"request-694e8cbb-1410-832e-ba0d-fa3294de874f-2\" data-testid=\"conversation-turn-122\" data-scroll-anchor=\"true\" data-turn=\"assistant\">\n<div class=\"text-base my-auto mx-auto pb-10 [--thread-content-margin:--spacing(4)] @w-sm\/main:[--thread-content-margin:--spacing(6)] @w-lg\/main:[--thread-content-margin:--spacing(16)] px-(--thread-content-margin)\">\n<div class=\"[--thread-content-max-width:40rem] @w-lg\/main:[--thread-content-max-width:48rem] mx-auto max-w-(--thread-content-max-width) flex-1 group\/turn-messages focus-visible:outline-hidden relative flex w-full min-w-0 flex-col agent-turn\" tabindex=\"-1\">\n<div class=\"flex max-w-full flex-col grow\">\n<div class=\"min-h-8 text-message relative flex w-full flex-col items-end gap-2 text-start break-words whitespace-normal [.text-message+&amp;]:mt-1\" dir=\"auto\" data-message-author-role=\"assistant\" data-message-id=\"7b6cf740-9452-4d8b-8d62-9545692dfca5\" data-message-model-slug=\"gpt-5-2\">\n<div class=\"flex w-full flex-col gap-1 empty:hidden first:pt-[1px]\">\n<div class=\"streaming-animation markdown prose dark:prose-invert w-full break-words light markdown-new-styling\">\n<p data-start=\"306\" data-end=\"577\">Durante <strong data-start=\"314\" data-end=\"322\">2025<\/strong>, el <strong data-start=\"327\" data-end=\"393\">Sistema de Atenci\u00f3n M\u00e9dica de Urgencias Jalisco (SAMU Jalisco)<\/strong> se consolid\u00f3 como un pilar fundamental en la atenci\u00f3n de <strong data-start=\"451\" data-end=\"481\">emergencias m\u00e9dicas graves<\/strong> en el estado, al atender <strong data-start=\"507\" data-end=\"540\">160 mil 610 urgencias m\u00e9dicas<\/strong> mediante el despacho de ambulancias.<\/p>\n<p data-start=\"579\" data-end=\"872\">Adem\u00e1s, el organismo realiz\u00f3 <strong data-start=\"608\" data-end=\"643\">19 mil 663 regulaciones m\u00e9dicas<\/strong>, <strong data-start=\"645\" data-end=\"677\">mil 103 traslados terrestres<\/strong> y <strong data-start=\"680\" data-end=\"703\">70 traslados a\u00e9reos<\/strong>, como parte de un modelo \u00fanico que prioriza el <strong data-start=\"751\" data-end=\"775\">diagn\u00f3stico oportuno<\/strong>, la <strong data-start=\"780\" data-end=\"829\">atenci\u00f3n especializada en el sitio del evento<\/strong> y la <strong data-start=\"835\" data-end=\"871\">referencia hospitalaria adecuada<\/strong>.<\/p>\n<p data-start=\"874\" data-end=\"1111\">En total, durante el a\u00f1o se efectuaron <strong data-start=\"913\" data-end=\"943\">182 mil 129 intervenciones<\/strong> con el objetivo de preservar la vida y la integridad de las y los jaliscienses, lo que represent\u00f3 un <strong data-start=\"1045\" data-end=\"1086\">incremento de entre 8 y 10 por ciento<\/strong> en comparaci\u00f3n con 2024.<\/p>\n<p data-start=\"1115\" data-end=\"1389\">\u201cEn comparaci\u00f3n con 2024, estamos hablando de un aumento de entre 8 y 10 por ciento en el n\u00famero de atenciones. Adem\u00e1s, hemos impartido m\u00e1s de 100 capacitaciones, entre ellas los Espacios Cardioprotegidos\u201d, se\u00f1al\u00f3 <strong data-start=\"1329\" data-end=\"1354\">Yannick Nordin Serv\u00edn<\/strong>, director general de SAMU Jalisco.<\/p>\n<h3 data-start=\"1391\" data-end=\"1434\">Modelo de atenci\u00f3n que prioriza la vida<\/h3>\n<p data-start=\"1436\" data-end=\"1838\">El titular del SAMU explic\u00f3 que actualmente la <strong data-start=\"1483\" data-end=\"1529\">clasificaci\u00f3n r\u00e1pida de pacientes (triage)<\/strong> se realiza desde la llamada al <strong data-start=\"1561\" data-end=\"1568\">911<\/strong> y contin\u00faa en el lugar de la emergencia, incluso antes de que el paciente llegue al hospital. Este proceso permite evitar la saturaci\u00f3n de las \u00e1reas de urgencias y garantiza que cada persona sea trasladada al <strong data-start=\"1778\" data-end=\"1803\">hospital m\u00e1s adecuado<\/strong>, no necesariamente al m\u00e1s cercano.<\/p>\n<p data-start=\"1840\" data-end=\"2119\">El <strong data-start=\"1843\" data-end=\"1859\">SAMU Jalisco<\/strong> tiene como funci\u00f3n evaluar cada demanda de atenci\u00f3n m\u00e9dica de urgencia y determinar qu\u00e9 pacientes requieren una <strong data-start=\"1972\" data-end=\"1998\">intervenci\u00f3n inmediata<\/strong>, con diagn\u00f3stico y tratamiento desde el sitio del evento, ya sea mediante <strong data-start=\"2073\" data-end=\"2118\">ambulancias terrestres o traslados a\u00e9reos<\/strong>.<\/p>\n<p data-start=\"2121\" data-end=\"2253\">A diferencia de otros sistemas de atenci\u00f3n prehospitalaria, el SAMU opera bajo el principio de <strong data-start=\"2216\" data-end=\"2252\">\u201cllevar el hospital al paciente\u201d<\/strong>.<\/p>\n<h3 data-start=\"2255\" data-end=\"2316\">Unidades especializadas y tecnolog\u00eda de \u00faltima generaci\u00f3n<\/h3>\n<p data-start=\"2318\" data-end=\"2614\">Cada <strong data-start=\"2323\" data-end=\"2367\">Unidad de Terapia Intensiva M\u00f3vil (UTIM)<\/strong> est\u00e1 integrada por un <strong data-start=\"2390\" data-end=\"2413\">m\u00e9dico especialista<\/strong>, generalmente urgenci\u00f3logo, un <strong data-start=\"2445\" data-end=\"2507\">enfermero con experiencia en urgencias o terapia intensiva<\/strong> y un <strong data-start=\"2513\" data-end=\"2545\">t\u00e9cnico en urgencias m\u00e9dicas<\/strong>, adem\u00e1s de contar con <strong data-start=\"2568\" data-end=\"2613\">equipo electrom\u00e9dico de \u00faltima generaci\u00f3n<\/strong>.<\/p>\n<p data-start=\"2616\" data-end=\"3010\">Entre el equipamiento destacan <strong data-start=\"2647\" data-end=\"2698\">ventiladores volum\u00e9tricos para todas las edades<\/strong>, <strong data-start=\"2700\" data-end=\"2762\">monitores multiparam\u00e9tricos con desfibrilador y marcapasos<\/strong>, <strong data-start=\"2764\" data-end=\"2788\">laboratorio port\u00e1til<\/strong> y <strong data-start=\"2791\" data-end=\"2812\">ultrasonido m\u00f3vil<\/strong>, herramientas que permiten diagn\u00f3sticos precisos en el lugar, como infartos no visibles en un electrocardiograma convencional, sangrados internos o emergencias gineco-obst\u00e9tricas y traumatol\u00f3gicas.<\/p>\n<h3 data-start=\"3012\" data-end=\"3058\">Traslados a\u00e9reos estrat\u00e9gicos en el estado<\/h3>\n<p data-start=\"3060\" data-end=\"3284\">En materia de <strong data-start=\"3074\" data-end=\"3094\">traslados a\u00e9reos<\/strong>, el helic\u00f3ptero del SAMU se ha convertido en una herramienta estrat\u00e9gica para reducir tiempos de atenci\u00f3n y llegar a zonas de dif\u00edcil acceso, como el <strong data-start=\"3245\" data-end=\"3283\">norte del estado y la regi\u00f3n costa<\/strong>.<\/p>\n<p data-start=\"3286\" data-end=\"3443\">Actualmente, <strong data-start=\"3299\" data-end=\"3335\">Jalisco cuenta con 12 helipuntos<\/strong> distribuidos estrat\u00e9gicamente, lo que permite una atenci\u00f3n oportuna y segura a pacientes en estado cr\u00edtico.<\/p>\n<p data-start=\"3445\" data-end=\"3759\">En <strong data-start=\"3448\" data-end=\"3456\">2026<\/strong> ya se realiz\u00f3 el primer traslado a\u00e9reo del a\u00f1o para salvar la vida de un <strong data-start=\"3530\" data-end=\"3564\">reci\u00e9n nacido con hidrocefalia<\/strong>, quien fue trasladado del <strong data-start=\"3591\" data-end=\"3631\">Hospital Regional de Puerto Vallarta<\/strong> a un hospital de <strong data-start=\"3649\" data-end=\"3711\">tercer nivel en el \u00c1rea Metropolitana de Guadalajara (AMG)<\/strong> para una intervenci\u00f3n quir\u00fargica especializada.<\/p>\n<p data-start=\"3761\" data-end=\"4160\">Otro caso emblem\u00e1tico ocurri\u00f3 en 2025, tras un accidente automovil\u00edstico entre los municipios de <strong data-start=\"3858\" data-end=\"3881\">Tequila y Magdalena<\/strong>, donde un paciente de aproximadamente 50 a\u00f1os sufri\u00f3 una <strong data-start=\"3939\" data-end=\"3966\">disecci\u00f3n a\u00f3rtica grave<\/strong>. Gracias a la activaci\u00f3n inmediata del helic\u00f3ptero del SAMU, el diagn\u00f3stico oportuno y la referencia adecuada, el paciente fue intervenido de urgencia y hoy se encuentra recuperado en su hogar.<\/p>\n<h3 data-start=\"4162\" data-end=\"4215\">Coordinaci\u00f3n interinstitucional y grandes eventos<\/h3>\n<p data-start=\"4217\" data-end=\"4477\" data-is-last-node=\"\" data-is-only-node=\"\">El <strong data-start=\"4220\" data-end=\"4236\">SAMU Jalisco<\/strong> trabaja de manera coordinada con el <strong data-start=\"4273\" data-end=\"4279\">C5<\/strong>, el <strong data-start=\"4284\" data-end=\"4291\">911<\/strong>, los <strong data-start=\"4297\" data-end=\"4338\">Servicios M\u00e9dicos Municipales del AMG<\/strong>, <strong data-start=\"4340\" data-end=\"4353\">Cruz Roja<\/strong>, <strong data-start=\"4355\" data-end=\"4375\">Protecci\u00f3n Civil<\/strong>, as\u00ed como con el <strong data-start=\"4393\" data-end=\"4401\">IMSS<\/strong>, <strong data-start=\"4403\" data-end=\"4413\">ISSSTE<\/strong>, la red de hospitales de la <strong data-start=\"4442\" data-end=\"4465\">Secretar\u00eda de Salud<\/strong> y el <strong data-start=\"4471\" data-end=\"4477\" data-is-last-node=\"\">Ho<\/strong><\/p>\n<\/div>\n<\/div>\n<\/div>\n<\/div>\n<\/div>\n<\/div>\n<\/article>\n<\/div>\n<div class=\"pointer-events-none h-px w-px absolute bottom-0\" aria-hidden=\"true\" data-edge=\"true\"><\/div>\n<\/div>\n<div id=\"thread-bottom-container\" class=\"sticky bottom-0 group\/thread-bottom-container relative isolate z-10 w-full basis-auto has-data-has-thread-error:pt-2 has-data-has-thread-error:[box-shadow:var(--sharp-edge-bottom-shadow)] md:border-transparent md:pt-0 dark:border-white\/20 md:dark:border-transparent print:hidden content-fade single-line flex flex-col\">\n<div class=\"relative h-0\">\n<div><\/div>\n<\/div>\n<div id=\"thread-bottom\">\n<div class=\"text-base mx-auto [--thread-content-margin:--spacing(4)] @w-sm\/main:[--thread-content-margin:--spacing(6)] @w-lg\/main:[--thread-content-margin:--spacing(16)] px-(--thread-content-margin)\">\n<div class=\"[--thread-content-max-width:40rem] @w-lg\/main:[--thread-content-max-width:48rem] mx-auto max-w-(--thread-content-max-width) flex-1 mb-4\">\n<div class=\"flex justify-center empty:hidden\"><\/div>\n<div class=\"pointer-events-auto relative z-1 flex h-(--composer-container-height,100%) max-w-full flex-(--composer-container-flex,1) flex-col\">\n<p><button class=\"invisible absolute self-center\" tabindex=\"-1\" name=\"context-connector-pasted-link-popover-trigger\" type=\"button\" aria-hidden=\"true\" aria-haspopup=\"dialog\" aria-expanded=\"false\" aria-controls=\"radix-_r_9m_\" data-state=\"closed\"><\/button><\/p>\n<div class=\"absolute start-0 end-0 bottom-full z-20\"><\/div>\n<form class=\"group\/composer w-full\" data-type=\"unified-composer\">\n<div class=\"\">\n<div class=\"bg-token-bg-primary corner-superellipse\/1.1 cursor-text overflow-clip bg-clip-padding p-2.5 contain-inline-size dark:bg-[#303030] grid grid-cols-[auto_1fr_auto] [grid-template-areas:'header_header_header'_'leading_primary_trailing'_'._footer_.'] group-data-expanded\/composer:[grid-template-areas:'header_header_header'_'primary_primary_primary'_'leading_footer_trailing'] shadow-short\">\n<div class=\"-my-2.5 flex min-h-14 items-center overflow-x-hidden px-1.5 [grid-area:primary] group-data-expanded\/composer:mb-0 group-data-expanded\/composer:px-2.5\">\n<div class=\"wcDTda_prosemirror-parent text-token-text-primary max-h-[max(30svh,5rem)] max-h-52 min-h-[var(--deep-research-composer-extra-height,unset)] flex-1 overflow-auto [scrollbar-width:thin] default-browser vertical-scroll-fade-mask\"><textarea class=\"wcDTda_fallbackTextarea\" name=\"prompt-textarea\" placeholder=\"Pregunta lo que quieras\" data-virtualkeyboard=\"true\"><\/textarea><\/div>\n<\/div>\n<\/div>\n<\/div>\n<\/form>\n<\/div>\n<\/div>\n<\/div>\n<\/div>\n<\/div>\n<p>Para saber m\u00e1s:<\/p>\n<p>SAMU fue el primer Sistema de Atenci\u00f3n M\u00e9dica de Urgencias formado en Norteam\u00e9rica, y naci\u00f3 como programa piloto apoyado por los Gobiernos de Francia y M\u00e9xico.<\/li>\n<li>\u00a0A 27 a\u00f1os de su creaci\u00f3n, evolucion\u00f3 desde un modelo inicial de regulaci\u00f3n m\u00e9dica, hasta convertirse en un Organismo P\u00fablico Desconcentrado (OPD), con mayor autonom\u00eda operativa y presupuestal.<\/li>\n<li>\u00a0SAMU Jalisco impuls\u00f3 la creaci\u00f3n de 56 Espacios Cardioprotegidos en el estado, promocion\u00f3 el uso del desfibrilador autom\u00e1tico externo e imparti\u00f3 m\u00e1s de 100 capacitaciones a personal m\u00e9dico, param\u00e9dico y primeros respondientes.<\/li>\n<\/ul>\n","protected":false},"excerpt":{"rendered":"<p>Durante 2025, el Sistema de Atenci\u00f3n M\u00e9dica de Urgencias Jalisco (SAMU Jalisco) se consolid\u00f3 como un pilar fundamental en la atenci\u00f3n de emergencias m\u00e9dicas graves en el estado, al atender 160 mil 610 urgencias m\u00e9dicas mediante el despacho de ambulancias. Adem\u00e1s, el organismo realiz\u00f3 19 mil 663 regulaciones m\u00e9dicas, mil 103 traslados terrestres y 70 [&hellip;]<\/p>\n","protected":false},"author":9,"featured_media":18587,"comment_status":"open","ping_status":"closed","sticky":false,"template":"","format":"standard","meta":{"footnotes":""},"categories":[154],"tags":[178,1191,208],"class_list":["post-18586","post","type-post","status-publish","format-standard","has-post-thumbnail","hentry","category-jalisco","tag-jalisco","tag-paramedicos","tag-samu"],"_links":{"self":[{"href":"https:\/\/noticiasal.com.mx\/index.php\/wp-json\/wp\/v2\/posts\/18586"}],"collection":[{"href":"https:\/\/noticiasal.com.mx\/index.php\/wp-json\/wp\/v2\/posts"}],"about":[{"href":"https:\/\/noticiasal.com.mx\/index.php\/wp-json\/wp\/v2\/types\/post"}],"author":[{"embeddable":true,"href":"https:\/\/noticiasal.com.mx\/index.php\/wp-json\/wp\/v2\/users\/9"}],"replies":[{"embeddable":true,"href":"https:\/\/noticiasal.com.mx\/index.php\/wp-json\/wp\/v2\/comments?post=18586"}],"version-history":[{"count":2,"href":"https:\/\/noticiasal.com.mx\/index.php\/wp-json\/wp\/v2\/posts\/18586\/revisions"}],"predecessor-version":[{"id":18589,"href":"https:\/\/noticiasal.com.mx\/index.php\/wp-json\/wp\/v2\/posts\/18586\/revisions\/18589"}],"wp:featuredmedia":[{"embeddable":true,"href":"https:\/\/noticiasal.com.mx\/index.php\/wp-json\/wp\/v2\/media\/18587"}],"wp:attachment":[{"href":"https:\/\/noticiasal.com.mx\/index.php\/wp-json\/wp\/v2\/media?parent=18586"}],"wp:term":[{"taxonomy":"category","embeddable":true,"href":"https:\/\/noticiasal.com.mx\/index.php\/wp-json\/wp\/v2\/categories?post=18586"},{"taxonomy":"post_tag","embeddable":true,"href":"https:\/\/noticiasal.com.mx\/index.php\/wp-json\/wp\/v2\/tags?post=18586"}],"curies":[{"name":"wp","href":"https:\/\/api.w.org\/{rel}","templated":true}]}}