{"id":18592,"date":"2026-01-06T14:57:54","date_gmt":"2026-01-06T14:57:54","guid":{"rendered":"https:\/\/noticiasal.com.mx\/?p=18592"},"modified":"2026-01-06T14:57:54","modified_gmt":"2026-01-06T14:57:54","slug":"puerto-vallarta-celebrara-el-campeonato-internacional-charro-tradicion-que-honra-la-charreria-mexicana","status":"publish","type":"post","link":"https:\/\/noticiasal.com.mx\/index.php\/2026\/01\/06\/puerto-vallarta-celebrara-el-campeonato-internacional-charro-tradicion-que-honra-la-charreria-mexicana\/","title":{"rendered":"Puerto Vallarta celebrar\u00e1 el Campeonato Internacional Charro, tradici\u00f3n que honra la charrer\u00eda mexicana"},"content":{"rendered":"<p data-start=\"354\" data-end=\"746\"><strong data-start=\"354\" data-end=\"382\">Puerto Vallarta, Jalisco<\/strong> \u2014 Del <strong data-start=\"389\" data-end=\"428\">29 de enero al 1 de febrero de 2026<\/strong>, el <strong data-start=\"433\" data-end=\"474\">Lienzo Charro Miguel \u201cPrieto\u201d Ibarr\u00eda<\/strong> volver\u00e1 a llenar de color, tradici\u00f3n y orgullo mexicano al <strong data-start=\"534\" data-end=\"578\">Campeonato Internacional Charro Vallarta<\/strong>, un evento que ha crecido con los a\u00f1os hasta convertirse en una cita imperdible dentro de la <strong data-start=\"672\" data-end=\"697\">charrer\u00eda tradicional<\/strong> en M\u00e9xico.<\/p>\n<p data-start=\"748\" data-end=\"1100\">La charrer\u00eda, <strong data-start=\"762\" data-end=\"839\">reconocida como Patrimonio Cultural Inmaterial de la Humanidad desde 2016<\/strong>, es mucho m\u00e1s que un deporte: es una manifestaci\u00f3n cultural mexicana con ra\u00edces profundas en la historia ranchera del pa\u00eds, donde se combinan habilidades ecuestres, destrezas ancestrales y un sentido de identidad nacional.<\/p>\n<p data-start=\"1102\" data-end=\"1463\">Este campeonato re\u00fane a equipos de charros y escaramuzas de <strong data-start=\"1162\" data-end=\"1189\">M\u00e9xico y Estados Unidos<\/strong>, y cada a\u00f1o atrae a miles de aficionados deseosos de presenciar el arte de la charreada \u2014competencia en la que los jinetes acumulan puntos realizando las tradicionales suertes charras junto con las espectaculares escaramuzas femeninas.<\/p>\n<p data-start=\"1465\" data-end=\"1774\">El <strong data-start=\"1468\" data-end=\"1509\">Lienzo Charro Miguel \u201cPrieto\u201d Ibarr\u00eda<\/strong> ha sido clave para consolidar este evento en Puerto Vallarta, fungiendo como el escenario principal donde familias, visitantes y competidores viven la emoci\u00f3n del campeonato y celebran las ra\u00edces del deporte nacional mexicano.<\/p>\n<p data-start=\"1776\" data-end=\"2042\">Adem\u00e1s de las competencias, el campeonato ofrece actividades complementarias como la tradicional <strong data-start=\"1873\" data-end=\"1888\">Maleconeada<\/strong> \u2014un desfile ecuestre que recorre el emblem\u00e1tico malec\u00f3n de la ciudad y que llena de m\u00fasica y tradici\u00f3n cada rinc\u00f3n.<\/p>\n<blockquote>\n<p data-start=\"2044\" data-end=\"2260\">Con este evento, Puerto Vallarta une una vez m\u00e1s <strong data-start=\"2093\" data-end=\"2124\">cultura, deporte y historia<\/strong>, dando continuidad a una tradici\u00f3n que mantiene viva la charrer\u00eda en toda su grandeza y reforzando el orgullo por las ra\u00edces mexicanas.<\/p>\n<\/blockquote>\n<div style=\"width: 600px;\" class=\"wp-video\"><!--[if lt IE 9]><script>document.createElement('video');<\/script><![endif]-->\n<video class=\"wp-video-shortcode\" id=\"video-18592-1\" width=\"600\" height=\"338\" loop=\"1\" autoplay=\"1\" preload=\"metadata\" controls=\"controls\"><source type=\"video\/mp4\" src=\"https:\/\/noticiasal.com.mx\/wp-content\/uploads\/2026\/01\/WhatsApp-Video-2026-01-05-at-9.35.21-PM.mp4?_=1\" \/><a href=\"https:\/\/noticiasal.com.mx\/wp-content\/uploads\/2026\/01\/WhatsApp-Video-2026-01-05-at-9.35.21-PM.mp4\">https:\/\/noticiasal.com.mx\/wp-content\/uploads\/2026\/01\/WhatsApp-Video-2026-01-05-at-9.35.21-PM.mp4<\/a><\/video><\/div>\n<p data-start=\"2044\" data-end=\"2260\"><img loading=\"lazy\" decoding=\"async\" class=\"blazy aligncenter wp-image-18591 \" src=\"https:\/\/noticiasal.com.mx\/wp-content\/themes\/news\/assets\/images\/picture_placeholder_list.jpg\" data-src=\"https:\/\/noticiasal.com.mx\/wp-content\/uploads\/2026\/01\/evento-de-charreria-tradicional-mexicano-80-x-120-cm-scaled.jpg\" alt=\"\" width=\"808\" height=\"1212\" \/><noscript><img loading=\"lazy\" decoding=\"async\" class=\"aligncenter wp-image-18591 \" src=\"https:\/\/noticiasal.com.mx\/wp-content\/uploads\/2026\/01\/evento-de-charreria-tradicional-mexicano-80-x-120-cm-scaled.jpg\" alt=\"\" width=\"808\" height=\"1212\" srcset=\"https:\/\/noticiasal.com.mx\/wp-content\/uploads\/2026\/01\/evento-de-charreria-tradicional-mexicano-80-x-120-cm-scaled.jpg 1707w, https:\/\/noticiasal.com.mx\/wp-content\/uploads\/2026\/01\/evento-de-charreria-tradicional-mexicano-80-x-120-cm-200x300.jpg 200w, https:\/\/noticiasal.com.mx\/wp-content\/uploads\/2026\/01\/evento-de-charreria-tradicional-mexicano-80-x-120-cm-683x1024.jpg 683w, https:\/\/noticiasal.com.mx\/wp-content\/uploads\/2026\/01\/evento-de-charreria-tradicional-mexicano-80-x-120-cm-768x1152.jpg 768w, https:\/\/noticiasal.com.mx\/wp-content\/uploads\/2026\/01\/evento-de-charreria-tradicional-mexicano-80-x-120-cm-1024x1536.jpg 1024w, https:\/\/noticiasal.com.mx\/wp-content\/uploads\/2026\/01\/evento-de-charreria-tradicional-mexicano-80-x-120-cm-1366x2048.jpg 1366w\" sizes=\"(max-width: 808px) 100vw, 808px\" \/><\/noscript><\/p>\n","protected":false},"excerpt":{"rendered":"<p>Puerto Vallarta, Jalisco \u2014 Del 29 de enero al 1 de febrero de 2026, el Lienzo Charro Miguel \u201cPrieto\u201d Ibarr\u00eda volver\u00e1 a llenar de color, tradici\u00f3n y orgullo mexicano al Campeonato Internacional Charro Vallarta, un evento que ha crecido con los a\u00f1os hasta convertirse en una cita imperdible dentro de la charrer\u00eda tradicional en M\u00e9xico. [&hellip;]<\/p>\n","protected":false},"author":25,"featured_media":18593,"comment_status":"open","ping_status":"closed","sticky":false,"template":"","format":"standard","meta":{"footnotes":""},"categories":[157,159],"tags":[1192,301,187],"class_list":["post-18592","post","type-post","status-publish","format-standard","has-post-thumbnail","hentry","category-charreria","category-puerto-vallarta","tag-campeonato-internacional-charro","tag-charreria","tag-puerto-vallarta"],"_links":{"self":[{"href":"https:\/\/noticiasal.com.mx\/index.php\/wp-json\/wp\/v2\/posts\/18592"}],"collection":[{"href":"https:\/\/noticiasal.com.mx\/index.php\/wp-json\/wp\/v2\/posts"}],"about":[{"href":"https:\/\/noticiasal.com.mx\/index.php\/wp-json\/wp\/v2\/types\/post"}],"author":[{"embeddable":true,"href":"https:\/\/noticiasal.com.mx\/index.php\/wp-json\/wp\/v2\/users\/25"}],"replies":[{"embeddable":true,"href":"https:\/\/noticiasal.com.mx\/index.php\/wp-json\/wp\/v2\/comments?post=18592"}],"version-history":[{"count":1,"href":"https:\/\/noticiasal.com.mx\/index.php\/wp-json\/wp\/v2\/posts\/18592\/revisions"}],"predecessor-version":[{"id":18594,"href":"https:\/\/noticiasal.com.mx\/index.php\/wp-json\/wp\/v2\/posts\/18592\/revisions\/18594"}],"wp:featuredmedia":[{"embeddable":true,"href":"https:\/\/noticiasal.com.mx\/index.php\/wp-json\/wp\/v2\/media\/18593"}],"wp:attachment":[{"href":"https:\/\/noticiasal.com.mx\/index.php\/wp-json\/wp\/v2\/media?parent=18592"}],"wp:term":[{"taxonomy":"category","embeddable":true,"href":"https:\/\/noticiasal.com.mx\/index.php\/wp-json\/wp\/v2\/categories?post=18592"},{"taxonomy":"post_tag","embeddable":true,"href":"https:\/\/noticiasal.com.mx\/index.php\/wp-json\/wp\/v2\/tags?post=18592"}],"curies":[{"name":"wp","href":"https:\/\/api.w.org\/{rel}","templated":true}]}}