{"id":18914,"date":"2026-01-26T21:46:49","date_gmt":"2026-01-26T21:46:49","guid":{"rendered":"https:\/\/noticiasal.com.mx\/?p=18914"},"modified":"2026-01-26T21:53:48","modified_gmt":"2026-01-26T21:53:48","slug":"implementan-patrulla-escolar-en-la-escuela-primaria-21-de-marzo-para-reforzar-la-seguridad-estudiantil","status":"publish","type":"post","link":"https:\/\/noticiasal.com.mx\/index.php\/2026\/01\/26\/implementan-patrulla-escolar-en-la-escuela-primaria-21-de-marzo-para-reforzar-la-seguridad-estudiantil\/","title":{"rendered":"Implementan patrulla escolar en la Escuela Primaria 21 de Marzo para reforzar la seguridad estudiantil"},"content":{"rendered":"<p data-start=\"231\" data-end=\"528\">Con el objetivo de <strong data-start=\"250\" data-end=\"302\">garantizar la seguridad de las ni\u00f1as y los ni\u00f1os<\/strong> y mantener el orden vial durante los horarios de mayor afluencia, <strong data-start=\"369\" data-end=\"457\">a partir de hoy se implement\u00f3 la patrulla escolar en la Escuela Primaria 21 de Marzo<\/strong>, en Puerto Vallarta, espec\u00edficamente durante el <strong data-start=\"506\" data-end=\"527\">horario de salida<\/strong>.<\/p>\n<p data-start=\"530\" data-end=\"827\">Esta acci\u00f3n se lleva a cabo mediante la <strong data-start=\"570\" data-end=\"669\">coordinaci\u00f3n del Consejo de Padres de Familia, docentes, directivos, madres y padres de familia<\/strong>, en conjunto con <strong data-start=\"687\" data-end=\"728\">Tr\u00e1nsito Municipal de Puerto Vallarta<\/strong>, quienes trabajan de manera coordinada para salvaguardar la integridad de los alumnos del plantel.<\/p>\n<p data-start=\"829\" data-end=\"1133\">La <strong data-start=\"832\" data-end=\"864\">Escuela Primaria 21 de Marzo<\/strong> cuenta con una matr\u00edcula de <strong data-start=\"893\" data-end=\"915\">m\u00e1s de 600 alumnos<\/strong>, distribuidos en <strong data-start=\"933\" data-end=\"964\">20 grupos de nivel primaria<\/strong>, lo que la posiciona como la escuela con <strong data-start=\"1006\" data-end=\"1044\">mayor poblaci\u00f3n escolar de la zona<\/strong>, raz\u00f3n por la cual se consider\u00f3 prioritaria la implementaci\u00f3n de esta medida preventiva.<\/p>\n<p data-start=\"1135\" data-end=\"1511\">Se inform\u00f3 que la <strong data-start=\"1153\" data-end=\"1182\">nueva reglamentaci\u00f3n vial<\/strong> aplicada en el per\u00edmetro escolar <strong data-start=\"1216\" data-end=\"1294\">no fue determinada por la instituci\u00f3n educativa ni por el personal docente<\/strong>, sino que corresponde a una <strong data-start=\"1323\" data-end=\"1369\">disposici\u00f3n oficial del Tr\u00e1nsito Municipal<\/strong>, cuyo prop\u00f3sito es <strong data-start=\"1389\" data-end=\"1461\">proteger a la comunidad estudiantil y garantizar la movilidad segura<\/strong> en los horarios de mayor concentraci\u00f3n vehicular.<\/p>\n<p data-start=\"1513\" data-end=\"1728\">Las autoridades escolares destacaron la importancia de la <strong data-start=\"1571\" data-end=\"1648\">colaboraci\u00f3n y responsabilidad de madres, padres de familia y conductores<\/strong>, reiterando que <strong data-start=\"1665\" data-end=\"1727\">la seguridad de la ni\u00f1ez es una responsabilidad compartida<\/strong>.<\/p>\n<p data-start=\"1513\" data-end=\"1728\"><img loading=\"lazy\" decoding=\"async\" class=\"blazy size-medium wp-image-18918 alignleft\" src=\"https:\/\/noticiasal.com.mx\/wp-content\/themes\/news\/assets\/images\/picture_placeholder_list.jpg\" data-src=\"https:\/\/noticiasal.com.mx\/wp-content\/uploads\/2026\/01\/WhatsApp-Image-2026-01-26-at-3.39.57-PM-300x225.jpeg\" alt=\"\" width=\"300\" height=\"225\" \/><noscript><img loading=\"lazy\" decoding=\"async\" class=\"size-medium wp-image-18918 alignleft\" src=\"https:\/\/noticiasal.com.mx\/wp-content\/uploads\/2026\/01\/WhatsApp-Image-2026-01-26-at-3.39.57-PM-300x225.jpeg\" alt=\"\" width=\"300\" height=\"225\" srcset=\"https:\/\/noticiasal.com.mx\/wp-content\/uploads\/2026\/01\/WhatsApp-Image-2026-01-26-at-3.39.57-PM-300x225.jpeg 300w, https:\/\/noticiasal.com.mx\/wp-content\/uploads\/2026\/01\/WhatsApp-Image-2026-01-26-at-3.39.57-PM-1024x768.jpeg 1024w, https:\/\/noticiasal.com.mx\/wp-content\/uploads\/2026\/01\/WhatsApp-Image-2026-01-26-at-3.39.57-PM-768x576.jpeg 768w, https:\/\/noticiasal.com.mx\/wp-content\/uploads\/2026\/01\/WhatsApp-Image-2026-01-26-at-3.39.57-PM-1536x1152.jpeg 1536w, https:\/\/noticiasal.com.mx\/wp-content\/uploads\/2026\/01\/WhatsApp-Image-2026-01-26-at-3.39.57-PM-360x270.jpeg 360w, https:\/\/noticiasal.com.mx\/wp-content\/uploads\/2026\/01\/WhatsApp-Image-2026-01-26-at-3.39.57-PM.jpeg 1600w\" sizes=\"(max-width: 300px) 100vw, 300px\" \/><\/noscript> <img loading=\"lazy\" decoding=\"async\" class=\"blazy size-medium wp-image-18919 alignleft\" src=\"https:\/\/noticiasal.com.mx\/wp-content\/themes\/news\/assets\/images\/picture_placeholder_list.jpg\" data-src=\"https:\/\/noticiasal.com.mx\/wp-content\/uploads\/2026\/01\/5144c828-76e8-47f8-87ca-384c8d679504-300x225.jpg\" alt=\"\" width=\"300\" height=\"225\" \/><noscript><img loading=\"lazy\" decoding=\"async\" class=\"size-medium wp-image-18919 alignleft\" src=\"https:\/\/noticiasal.com.mx\/wp-content\/uploads\/2026\/01\/5144c828-76e8-47f8-87ca-384c8d679504-300x225.jpg\" alt=\"\" width=\"300\" height=\"225\" srcset=\"https:\/\/noticiasal.com.mx\/wp-content\/uploads\/2026\/01\/5144c828-76e8-47f8-87ca-384c8d679504-300x225.jpg 300w, https:\/\/noticiasal.com.mx\/wp-content\/uploads\/2026\/01\/5144c828-76e8-47f8-87ca-384c8d679504-1024x768.jpg 1024w, https:\/\/noticiasal.com.mx\/wp-content\/uploads\/2026\/01\/5144c828-76e8-47f8-87ca-384c8d679504-768x576.jpg 768w, https:\/\/noticiasal.com.mx\/wp-content\/uploads\/2026\/01\/5144c828-76e8-47f8-87ca-384c8d679504-1536x1152.jpg 1536w, https:\/\/noticiasal.com.mx\/wp-content\/uploads\/2026\/01\/5144c828-76e8-47f8-87ca-384c8d679504-360x270.jpg 360w, https:\/\/noticiasal.com.mx\/wp-content\/uploads\/2026\/01\/5144c828-76e8-47f8-87ca-384c8d679504.jpg 1600w\" sizes=\"(max-width: 300px) 100vw, 300px\" \/><\/noscript><\/p>\n","protected":false},"excerpt":{"rendered":"<p>Con el objetivo de garantizar la seguridad de las ni\u00f1as y los ni\u00f1os y mantener el orden vial durante los horarios de mayor afluencia, a partir de hoy se implement\u00f3 la patrulla escolar en la Escuela Primaria 21 de Marzo, en Puerto Vallarta, espec\u00edficamente durante el horario de salida. Esta acci\u00f3n se lleva a cabo [&hellip;]<\/p>\n","protected":false},"author":25,"featured_media":18915,"comment_status":"open","ping_status":"closed","sticky":false,"template":"","format":"standard","meta":{"footnotes":""},"categories":[159],"tags":[834,1268,187,1269],"class_list":["post-18914","post","type-post","status-publish","format-standard","has-post-thumbnail","hentry","category-puerto-vallarta","tag-coapinole","tag-patrulla-escolar","tag-puerto-vallarta","tag-trasnito"],"_links":{"self":[{"href":"https:\/\/noticiasal.com.mx\/index.php\/wp-json\/wp\/v2\/posts\/18914"}],"collection":[{"href":"https:\/\/noticiasal.com.mx\/index.php\/wp-json\/wp\/v2\/posts"}],"about":[{"href":"https:\/\/noticiasal.com.mx\/index.php\/wp-json\/wp\/v2\/types\/post"}],"author":[{"embeddable":true,"href":"https:\/\/noticiasal.com.mx\/index.php\/wp-json\/wp\/v2\/users\/25"}],"replies":[{"embeddable":true,"href":"https:\/\/noticiasal.com.mx\/index.php\/wp-json\/wp\/v2\/comments?post=18914"}],"version-history":[{"count":3,"href":"https:\/\/noticiasal.com.mx\/index.php\/wp-json\/wp\/v2\/posts\/18914\/revisions"}],"predecessor-version":[{"id":18920,"href":"https:\/\/noticiasal.com.mx\/index.php\/wp-json\/wp\/v2\/posts\/18914\/revisions\/18920"}],"wp:featuredmedia":[{"embeddable":true,"href":"https:\/\/noticiasal.com.mx\/index.php\/wp-json\/wp\/v2\/media\/18915"}],"wp:attachment":[{"href":"https:\/\/noticiasal.com.mx\/index.php\/wp-json\/wp\/v2\/media?parent=18914"}],"wp:term":[{"taxonomy":"category","embeddable":true,"href":"https:\/\/noticiasal.com.mx\/index.php\/wp-json\/wp\/v2\/categories?post=18914"},{"taxonomy":"post_tag","embeddable":true,"href":"https:\/\/noticiasal.com.mx\/index.php\/wp-json\/wp\/v2\/tags?post=18914"}],"curies":[{"name":"wp","href":"https:\/\/api.w.org\/{rel}","templated":true}]}}