{"id":18922,"date":"2026-01-27T00:59:55","date_gmt":"2026-01-27T00:59:55","guid":{"rendered":"https:\/\/noticiasal.com.mx\/?p=18922"},"modified":"2026-01-27T00:59:55","modified_gmt":"2026-01-27T00:59:55","slug":"puerto-vallarta-se-vestira-de-gala-con-el-campeonato-internacional-charro","status":"publish","type":"post","link":"https:\/\/noticiasal.com.mx\/index.php\/2026\/01\/27\/puerto-vallarta-se-vestira-de-gala-con-el-campeonato-internacional-charro\/","title":{"rendered":"Puerto Vallarta se vestir\u00e1 de gala con el Campeonato Internacional Charro"},"content":{"rendered":"<p>El Lienzo Charro Miguel \u201cPrieto\u201d Ibarr\u00eda, ser\u00e1 el escenario donde, del 29 de enero al 1 de febrero, se conjugar\u00e1n la tradici\u00f3n, la destreza y la cultura mexicana, ofreciendo al p\u00fablico un espect\u00e1culo de alto nivel deportivo y cultural.<\/p>\n<blockquote><p>Puerto Vallarta se convertir\u00e1 en el epicentro de la charrer\u00eda al albergar al Campeonato Internacional Charro, uno de los encuentros m\u00e1s importantes del deporte nacional por excelencia.<\/p><\/blockquote>\n<p>En esta edici\u00f3n, el certamen se fortalece con una bolsa a repartir de casi un mill\u00f3n de pesos, consolidando su prestigio, competitividad y proyecci\u00f3n a nivel nacional e internacional.<\/p>\n<p>Durante la rueda de prensa ofrecida a los medios de comunicaci\u00f3n, se destac\u00f3 la s\u00f3lida organizaci\u00f3n del evento, encabezada por un Comit\u00e9 Organizador con amplia experiencia, integrado por Daniel Ibarr\u00eda L\u00f3pez, presidente del Comit\u00e9 Organizador; Mauricio Ibarr\u00eda Nolasco, secretario de Organizaci\u00f3n; Armando Ibarr\u00eda Urrutia, responsable de Relaciones P\u00fablicas; Naomi Ibarr\u00eda Segura, coordinadora de Escaramuzas; Isaac Garc\u00eda Yerena, encargado de Log\u00edstica de Equipos, y Samuel Torres, responsable de Caballos Bailadores.<\/p>\n<p><strong> <img loading=\"lazy\" decoding=\"async\" class=\"blazy aligncenter wp-image-18923 \" src=\"https:\/\/noticiasal.com.mx\/wp-content\/themes\/news\/assets\/images\/picture_placeholder_list.jpg\" data-src=\"https:\/\/noticiasal.com.mx\/wp-content\/uploads\/2026\/01\/WhatsApp-Image-2026-01-26-at-4.48.15-PM.jpeg\" alt=\"\" width=\"876\" height=\"532\" \/><noscript><img loading=\"lazy\" decoding=\"async\" class=\"aligncenter wp-image-18923 \" src=\"https:\/\/noticiasal.com.mx\/wp-content\/uploads\/2026\/01\/WhatsApp-Image-2026-01-26-at-4.48.15-PM.jpeg\" alt=\"\" width=\"876\" height=\"532\" srcset=\"https:\/\/noticiasal.com.mx\/wp-content\/uploads\/2026\/01\/WhatsApp-Image-2026-01-26-at-4.48.15-PM.jpeg 1600w, https:\/\/noticiasal.com.mx\/wp-content\/uploads\/2026\/01\/WhatsApp-Image-2026-01-26-at-4.48.15-PM-300x182.jpeg 300w, https:\/\/noticiasal.com.mx\/wp-content\/uploads\/2026\/01\/WhatsApp-Image-2026-01-26-at-4.48.15-PM-1024x621.jpeg 1024w, https:\/\/noticiasal.com.mx\/wp-content\/uploads\/2026\/01\/WhatsApp-Image-2026-01-26-at-4.48.15-PM-768x466.jpeg 768w, https:\/\/noticiasal.com.mx\/wp-content\/uploads\/2026\/01\/WhatsApp-Image-2026-01-26-at-4.48.15-PM-1536x932.jpeg 1536w\" sizes=\"(max-width: 876px) 100vw, 876px\" \/><\/noscript><\/strong><\/p>\n<p><strong>Proyecci\u00f3n internacional y respaldo institucional<\/strong><\/p>\n<p>En representaci\u00f3n del alcalde Luis Ernesto Mungu\u00eda, la regidora Erika Yesenia Garc\u00eda Rubio destac\u00f3 que este campeonato no solo impulsa la charrer\u00eda a nivel internacional, sino que tambi\u00e9n proyecta a Puerto Vallarta como un destino que promueve el deporte, la cultura y el turismo, fomentando eventos de car\u00e1cter familiar y de profunda identidad nacional.<\/p>\n<p>&nbsp;<\/p>\n<p><strong>Evento con causa<\/strong><\/p>\n<p>Adem\u00e1s de promover el deporte y la tradici\u00f3n, el campeonato se consolida como un evento con causa, ya que este a\u00f1o, una vez m\u00e1s, brindar\u00e1 apoyo a la Fundaci\u00f3n Andr\u00e9 3.21, as\u00ed como a diversas instituciones educativas, a las cuales se les otorg\u00f3 boletaje para respaldar graduaciones y obras de mantenimiento, incluyendo el CONALEP Puerto Vallarta.<\/p>\n<p><img loading=\"lazy\" decoding=\"async\" class=\"blazy aligncenter wp-image-18925 \" src=\"https:\/\/noticiasal.com.mx\/wp-content\/themes\/news\/assets\/images\/picture_placeholder_list.jpg\" data-src=\"https:\/\/noticiasal.com.mx\/wp-content\/uploads\/2026\/01\/623387247_122194851290561286_6121030481025187926_n.jpg\" alt=\"\" width=\"383\" height=\"510\" \/><noscript><img loading=\"lazy\" decoding=\"async\" class=\"aligncenter wp-image-18925 \" src=\"https:\/\/noticiasal.com.mx\/wp-content\/uploads\/2026\/01\/623387247_122194851290561286_6121030481025187926_n.jpg\" alt=\"\" width=\"383\" height=\"510\" srcset=\"https:\/\/noticiasal.com.mx\/wp-content\/uploads\/2026\/01\/623387247_122194851290561286_6121030481025187926_n.jpg 1536w, https:\/\/noticiasal.com.mx\/wp-content\/uploads\/2026\/01\/623387247_122194851290561286_6121030481025187926_n-225x300.jpg 225w, https:\/\/noticiasal.com.mx\/wp-content\/uploads\/2026\/01\/623387247_122194851290561286_6121030481025187926_n-768x1024.jpg 768w, https:\/\/noticiasal.com.mx\/wp-content\/uploads\/2026\/01\/623387247_122194851290561286_6121030481025187926_n-1152x1536.jpg 1152w\" sizes=\"(max-width: 383px) 100vw, 383px\" \/><\/noscript><\/p>\n<p><strong>Competencias de alto nivel<\/strong><\/p>\n<p>El campeonato reunir\u00e1 a 24 escaramuzas y 30 equipos charros provenientes de diversas regiones de M\u00e9xico y Estados Unidos, que iniciar\u00e1n el jueves 29 de enero a las 16:00 horas, con los equipos participantes: Hierro Santo, Jal. Rancho Rivera, Jal. Grupo Violante, Gto. y Rancho El Diamante, Jal. con la Escaramuza: Rancho La Quinta, Nay.<\/p>\n<p>A las 20:00 horas: estar\u00e1n Compadres de Polotitl\u00e1n, M\u00e9x. Watermelon, Nay. Regionales de Texcoco B, M\u00e9x. y Rancho El Picacho, Ags. con la Escaramuza Hippocampus, y Hacienda Lagunillas, ambas de Nayarit.<\/p>\n<p><img loading=\"lazy\" decoding=\"async\" class=\"blazy aligncenter wp-image-18926 \" src=\"https:\/\/noticiasal.com.mx\/wp-content\/themes\/news\/assets\/images\/picture_placeholder_list.jpg\" data-src=\"https:\/\/noticiasal.com.mx\/wp-content\/uploads\/2026\/01\/Rueda-PrensaCCV26-4.jpg\" alt=\"\" width=\"826\" height=\"492\" \/><noscript><img loading=\"lazy\" decoding=\"async\" class=\"aligncenter wp-image-18926 \" src=\"https:\/\/noticiasal.com.mx\/wp-content\/uploads\/2026\/01\/Rueda-PrensaCCV26-4.jpg\" alt=\"\" width=\"826\" height=\"492\" srcset=\"https:\/\/noticiasal.com.mx\/wp-content\/uploads\/2026\/01\/Rueda-PrensaCCV26-4.jpg 1280w, https:\/\/noticiasal.com.mx\/wp-content\/uploads\/2026\/01\/Rueda-PrensaCCV26-4-300x179.jpg 300w, https:\/\/noticiasal.com.mx\/wp-content\/uploads\/2026\/01\/Rueda-PrensaCCV26-4-1024x610.jpg 1024w, https:\/\/noticiasal.com.mx\/wp-content\/uploads\/2026\/01\/Rueda-PrensaCCV26-4-768x457.jpg 768w\" sizes=\"(max-width: 826px) 100vw, 826px\" \/><\/noscript><\/p>\n<p><strong>Eventos especiales y tradici\u00f3n viva<\/strong><\/p>\n<p>Uno de los grandes atractivos del campeonato ser\u00e1 la participaci\u00f3n de caballos bailadores, donde esperan la participaci\u00f3n de 50 a 60 ejemplares, organizados en distintas escuadras, que mostrar\u00e1n en el ruedo la elegancia, disciplina y alto nivel de entrenamiento, ofreciendo un espect\u00e1culo de gala para el p\u00fablico asistente.<\/p>\n<p>&nbsp;<\/p>\n<p>Con m\u00e1s de dos d\u00e9cadas de historia, el Campeonato Internacional Charro se consolida como una plataforma que enaltece la charrer\u00eda, fortalece la identidad cultural y posiciona a Puerto Vallarta como un punto de encuentro del deporte, la tradici\u00f3n y el turismo a nivel nacional e internacional.<\/p>\n<p><strong> <img loading=\"lazy\" decoding=\"async\" class=\"blazy aligncenter wp-image-18927 \" src=\"https:\/\/noticiasal.com.mx\/wp-content\/themes\/news\/assets\/images\/picture_placeholder_list.jpg\" data-src=\"https:\/\/noticiasal.com.mx\/wp-content\/uploads\/2026\/01\/Rueda-PrensaCCV26-8.jpg\" alt=\"\" width=\"572\" height=\"515\" \/><noscript><img loading=\"lazy\" decoding=\"async\" class=\"aligncenter wp-image-18927 \" src=\"https:\/\/noticiasal.com.mx\/wp-content\/uploads\/2026\/01\/Rueda-PrensaCCV26-8.jpg\" alt=\"\" width=\"572\" height=\"515\" srcset=\"https:\/\/noticiasal.com.mx\/wp-content\/uploads\/2026\/01\/Rueda-PrensaCCV26-8.jpg 1280w, https:\/\/noticiasal.com.mx\/wp-content\/uploads\/2026\/01\/Rueda-PrensaCCV26-8-300x270.jpg 300w, https:\/\/noticiasal.com.mx\/wp-content\/uploads\/2026\/01\/Rueda-PrensaCCV26-8-1024x922.jpg 1024w, https:\/\/noticiasal.com.mx\/wp-content\/uploads\/2026\/01\/Rueda-PrensaCCV26-8-768x691.jpg 768w\" sizes=\"(max-width: 572px) 100vw, 572px\" \/><\/noscript><\/strong><\/p>\n<p><strong>La familia Ibarr\u00eda y una nueva aportaci\u00f3n a la tradici\u00f3n<\/strong><\/p>\n<p>Dentro de las actividades especiales, se present\u00f3 el Tequila \u201cLeyendas Charras Miguel \u201cPrieto\u201d Ibarr\u00eda Gonz\u00e1lez, de conocida destiler\u00eda, en un proyecto que representa una significativa incursi\u00f3n de la familia Ibarr\u00eda, fusionando la tradici\u00f3n charra con la cultura del tequila, dos s\u00edmbolos profundamente arraigados en la identidad mexicana.<\/p>\n<p>&nbsp;<\/p>\n","protected":false},"excerpt":{"rendered":"<p>El Lienzo Charro Miguel \u201cPrieto\u201d Ibarr\u00eda, ser\u00e1 el escenario donde, del 29 de enero al 1 de febrero, se conjugar\u00e1n la tradici\u00f3n, la destreza y la cultura mexicana, ofreciendo al p\u00fablico un espect\u00e1culo de alto nivel deportivo y cultural. Puerto Vallarta se convertir\u00e1 en el epicentro de la charrer\u00eda al albergar al Campeonato Internacional Charro, [&hellip;]<\/p>\n","protected":false},"author":9,"featured_media":18924,"comment_status":"open","ping_status":"closed","sticky":false,"template":"","format":"standard","meta":{"footnotes":""},"categories":[159],"tags":[1192,187],"class_list":["post-18922","post","type-post","status-publish","format-standard","has-post-thumbnail","hentry","category-puerto-vallarta","tag-campeonato-internacional-charro","tag-puerto-vallarta"],"_links":{"self":[{"href":"https:\/\/noticiasal.com.mx\/index.php\/wp-json\/wp\/v2\/posts\/18922"}],"collection":[{"href":"https:\/\/noticiasal.com.mx\/index.php\/wp-json\/wp\/v2\/posts"}],"about":[{"href":"https:\/\/noticiasal.com.mx\/index.php\/wp-json\/wp\/v2\/types\/post"}],"author":[{"embeddable":true,"href":"https:\/\/noticiasal.com.mx\/index.php\/wp-json\/wp\/v2\/users\/9"}],"replies":[{"embeddable":true,"href":"https:\/\/noticiasal.com.mx\/index.php\/wp-json\/wp\/v2\/comments?post=18922"}],"version-history":[{"count":1,"href":"https:\/\/noticiasal.com.mx\/index.php\/wp-json\/wp\/v2\/posts\/18922\/revisions"}],"predecessor-version":[{"id":18928,"href":"https:\/\/noticiasal.com.mx\/index.php\/wp-json\/wp\/v2\/posts\/18922\/revisions\/18928"}],"wp:featuredmedia":[{"embeddable":true,"href":"https:\/\/noticiasal.com.mx\/index.php\/wp-json\/wp\/v2\/media\/18924"}],"wp:attachment":[{"href":"https:\/\/noticiasal.com.mx\/index.php\/wp-json\/wp\/v2\/media?parent=18922"}],"wp:term":[{"taxonomy":"category","embeddable":true,"href":"https:\/\/noticiasal.com.mx\/index.php\/wp-json\/wp\/v2\/categories?post=18922"},{"taxonomy":"post_tag","embeddable":true,"href":"https:\/\/noticiasal.com.mx\/index.php\/wp-json\/wp\/v2\/tags?post=18922"}],"curies":[{"name":"wp","href":"https:\/\/api.w.org\/{rel}","templated":true}]}}