{"id":19054,"date":"2026-02-04T23:57:54","date_gmt":"2026-02-04T23:57:54","guid":{"rendered":"https:\/\/noticiasal.com.mx\/?p=19054"},"modified":"2026-02-05T14:02:56","modified_gmt":"2026-02-05T14:02:56","slug":"coordinan-esfuerzos-para-fortalecer-la-vacunacion-contra-el-sarampion","status":"publish","type":"post","link":"https:\/\/noticiasal.com.mx\/index.php\/2026\/02\/04\/coordinan-esfuerzos-para-fortalecer-la-vacunacion-contra-el-sarampion\/","title":{"rendered":"Coordinan esfuerzos para fortalecer la vacunaci\u00f3n contra el sarampi\u00f3n"},"content":{"rendered":"<p data-start=\"221\" data-end=\"463\">Con el objetivo de fortalecer las acciones de prevenci\u00f3n en materia de salud p\u00fablica, se reforz\u00f3 la estrategia municipal de vacunaci\u00f3n contra el sarampi\u00f3n, a partir de la instalaci\u00f3n y trabajo del Comit\u00e9 Municipal de Salud de Puerto Vallarta.<\/p>\n<p data-start=\"465\" data-end=\"800\">Como parte de estas acciones, se acord\u00f3 impulsar una campa\u00f1a de difusi\u00f3n y vacunaci\u00f3n contra el sarampi\u00f3n, luego de la presentaci\u00f3n del diagn\u00f3stico sobre el comportamiento de esta enfermedad, realizada en la sala de Cabildo, donde se destac\u00f3 la importancia de atender el contexto epidemiol\u00f3gico que se presenta en el estado de Jalisco.<\/p>\n<p data-start=\"802\" data-end=\"1069\">Durante la sesi\u00f3n, la rectora del Centro Universitario de la Costa, Dra. Mar\u00eda Esther Avelar \u00c1lvarez, tom\u00f3 protesta como integrante del Comit\u00e9 Municipal de Salud, desde donde se sumar\u00e1 a las acciones orientadas a la prevenci\u00f3n y promoci\u00f3n de la salud en el municipio.<\/p>\n<p data-start=\"1071\" data-end=\"1328\">En su intervenci\u00f3n, la Dra. Avelar \u00c1lvarez subray\u00f3 la relevancia de la coordinaci\u00f3n interinstitucional para atender temas prioritarios de salud p\u00fablica y refrend\u00f3 su disposici\u00f3n para colaborar en las acciones que contribuyan a reducir el riesgo de contagio.<\/p>\n<p data-start=\"1330\" data-end=\"1570\">Asimismo, se reconoci\u00f3 el trabajo realizado por distintas instituciones del sector salud, que han llevado a cabo jornadas de vacunaci\u00f3n dirigidas a diversos sectores de la poblaci\u00f3n, las cuales continuar\u00e1n en distintos puntos del municipio.<\/p>\n<p data-start=\"1572\" data-end=\"1790\">Como parte de los acuerdos, se inform\u00f3 que se apoyar\u00e1n jornadas de vacunaci\u00f3n en escuelas primarias, as\u00ed como en colonias del municipio, con el objetivo de ampliar la cobertura y fortalecer la prevenci\u00f3n del sarampi\u00f3n.<\/p>\n<p data-start=\"1792\" data-end=\"2023\">Finalmente, se dio a conocer que el pr\u00f3ximo lunes se realizar\u00e1 una reuni\u00f3n de trabajo para definir la estrategia de vacunaci\u00f3n en diversas colonias, con la participaci\u00f3n de dependencias municipales e instituciones del sector salud.<\/p>\n<p data-start=\"2025\" data-end=\"2269\">El Comit\u00e9 Municipal de Salud est\u00e1 integrado por instituciones del sector salud, dependencias municipales, representantes del \u00e1mbito acad\u00e9mico y c\u00e1maras empresariales, quienes trabajan de manera coordinada para proteger la salud de la poblaci\u00f3n.<\/p>\n","protected":false},"excerpt":{"rendered":"<p>Con el objetivo de fortalecer las acciones de prevenci\u00f3n en materia de salud p\u00fablica, se reforz\u00f3 la estrategia municipal de vacunaci\u00f3n contra el sarampi\u00f3n, a partir de la instalaci\u00f3n y trabajo del Comit\u00e9 Municipal de Salud de Puerto Vallarta. Como parte de estas acciones, se acord\u00f3 impulsar una campa\u00f1a de difusi\u00f3n y vacunaci\u00f3n contra el [&hellip;]<\/p>\n","protected":false},"author":9,"featured_media":19055,"comment_status":"open","ping_status":"closed","sticky":false,"template":"","format":"standard","meta":{"footnotes":""},"categories":[159],"tags":[337,187,280,427],"class_list":["post-19054","post","type-post","status-publish","format-standard","has-post-thumbnail","hentry","category-puerto-vallarta","tag-cucosta","tag-puerto-vallarta","tag-salud","tag-udeg"],"_links":{"self":[{"href":"https:\/\/noticiasal.com.mx\/index.php\/wp-json\/wp\/v2\/posts\/19054"}],"collection":[{"href":"https:\/\/noticiasal.com.mx\/index.php\/wp-json\/wp\/v2\/posts"}],"about":[{"href":"https:\/\/noticiasal.com.mx\/index.php\/wp-json\/wp\/v2\/types\/post"}],"author":[{"embeddable":true,"href":"https:\/\/noticiasal.com.mx\/index.php\/wp-json\/wp\/v2\/users\/9"}],"replies":[{"embeddable":true,"href":"https:\/\/noticiasal.com.mx\/index.php\/wp-json\/wp\/v2\/comments?post=19054"}],"version-history":[{"count":1,"href":"https:\/\/noticiasal.com.mx\/index.php\/wp-json\/wp\/v2\/posts\/19054\/revisions"}],"predecessor-version":[{"id":19056,"href":"https:\/\/noticiasal.com.mx\/index.php\/wp-json\/wp\/v2\/posts\/19054\/revisions\/19056"}],"wp:featuredmedia":[{"embeddable":true,"href":"https:\/\/noticiasal.com.mx\/index.php\/wp-json\/wp\/v2\/media\/19055"}],"wp:attachment":[{"href":"https:\/\/noticiasal.com.mx\/index.php\/wp-json\/wp\/v2\/media?parent=19054"}],"wp:term":[{"taxonomy":"category","embeddable":true,"href":"https:\/\/noticiasal.com.mx\/index.php\/wp-json\/wp\/v2\/categories?post=19054"},{"taxonomy":"post_tag","embeddable":true,"href":"https:\/\/noticiasal.com.mx\/index.php\/wp-json\/wp\/v2\/tags?post=19054"}],"curies":[{"name":"wp","href":"https:\/\/api.w.org\/{rel}","templated":true}]}}