{"id":19267,"date":"2026-02-18T15:16:58","date_gmt":"2026-02-18T15:16:58","guid":{"rendered":"https:\/\/noticiasal.com.mx\/?p=19267"},"modified":"2026-02-18T15:16:58","modified_gmt":"2026-02-18T15:16:58","slug":"amplia-jalisco-conectividad-aerea-con-canada-y-se-fortalece-como-hub-internacional-rumbo-al-mundial-2026","status":"publish","type":"post","link":"https:\/\/noticiasal.com.mx\/index.php\/2026\/02\/18\/amplia-jalisco-conectividad-aerea-con-canada-y-se-fortalece-como-hub-internacional-rumbo-al-mundial-2026\/","title":{"rendered":"Ampl\u00eda Jalisco conectividad a\u00e9rea con Canad\u00e1 y se fortalece como hub internacional rumbo al Mundial 2026"},"content":{"rendered":"<ul>\n<li>Air Canada abrir\u00e1 una nueva ruta directa Montreal\u2013 Guadalajara y aumentar\u00e1 frecuencias Vancouver\u2013 Puerto Vallarta para el verano<\/li>\n<li>La expansi\u00f3n a\u00e9rea refuerza la conectividad estrat\u00e9gica de Jalisco con Am\u00e9rica del Norte en turismo, negocios y carga<\/li>\n<\/ul>\n<p>Con liderazgo firme en conectividad a\u00e9rea internacional, Jalisco confirm\u00f3 una nueva ruta directa entre Montreal y Guadalajara por parte de Air Canada, as\u00ed como el incremento de frecuencias entre Vancouver y Puerto Vallarta para la temporada de verano.<\/p>\n<p>En el contexto del fortalecimiento sostenido de la red a\u00e9rea del estado rumbo al Mundial 2026, la expansi\u00f3n con el mercado canadiense refuerza la posici\u00f3n de Jalisco como uno de los principales hubs de M\u00e9xico, no s\u00f3lo para el turismo, sino tambi\u00e9n para el intercambio comercial y la log\u00edstica de carga.<\/p>\n<p>La nueva conexi\u00f3n Montreal\u2013 Guadalajara iniciar\u00e1 operaciones en junio de 2026 con tres frecuencias semanales y servicio durante todo el a\u00f1o, ampliando las alternativas de conexi\u00f3n directa entre Jalisco y el este de Canad\u00e1, adem\u00e1s de facilitar enlaces hacia otros destinos internacionales v\u00eda el hub de Montreal.<\/p>\n<p>La ruta Vancouver\u2013 Puerto Vallarta duplicar\u00e1 su operaci\u00f3n al pasar de una a dos frecuencias semanales durante la temporada de verano, para fortalecer el flujo de visitantes hacia uno de los destinos de playa m\u00e1s importantes del pa\u00eds.<\/p>\n<p>Michelle Fridman Hirsch, Secretaria de Turismo del Gobierno de Jalisco, destac\u00f3 que la expansi\u00f3n es resultado de una agenda permanente de promoci\u00f3n y gesti\u00f3n con aerol\u00edneas y mercados estrat\u00e9gicos.<\/p>\n<blockquote><p>\u201cSeguimos trabajando para que Jalisco est\u00e9 mejor conectado con el mundo. Esta nueva ruta con Montreal y el incremento de frecuencias desde Vancouver fortalecen nuestro posicionamiento en un mercado prioritario como Canad\u00e1, tanto en turismo como en negocios\u201d, se\u00f1al\u00f3.<\/p><\/blockquote>\n<p>Las acciones forman parte del plan de crecimiento de Air Canada en M\u00e9xico, que contempla un incremento de 18 por ciento en su capacidad de asientos para el verano 2026, respecto al mismo periodo del a\u00f1o anterior.<\/p>\n<p>Lo anterior permitir\u00e1 fortalecer los flujos tur\u00edsticos, comerciales y de inversi\u00f3n entre Canad\u00e1 y el pa\u00eds.<\/p>\n<p>Adem\u00e1s del transporte de pasajeros, la nueva conexi\u00f3n abre oportunidades para el movimiento de carga a\u00e9rea, lo que impulsa el comercio bilateral y facilita la vinculaci\u00f3n de empresas jaliscienses con mercados internacionales.<\/p>\n<p><img loading=\"lazy\" decoding=\"async\" class=\"blazy aligncenter wp-image-19269 size-full\" src=\"https:\/\/noticiasal.com.mx\/wp-content\/themes\/news\/assets\/images\/picture_placeholder_list.jpg\" data-src=\"https:\/\/noticiasal.com.mx\/wp-content\/uploads\/2026\/02\/55101917110_a27263bd3e_c.jpg\" alt=\"\" width=\"799\" height=\"533\" \/><noscript><img loading=\"lazy\" decoding=\"async\" class=\"aligncenter wp-image-19269 size-full\" src=\"https:\/\/noticiasal.com.mx\/wp-content\/uploads\/2026\/02\/55101917110_a27263bd3e_c.jpg\" alt=\"\" width=\"799\" height=\"533\" srcset=\"https:\/\/noticiasal.com.mx\/wp-content\/uploads\/2026\/02\/55101917110_a27263bd3e_c.jpg 799w, https:\/\/noticiasal.com.mx\/wp-content\/uploads\/2026\/02\/55101917110_a27263bd3e_c-300x200.jpg 300w, https:\/\/noticiasal.com.mx\/wp-content\/uploads\/2026\/02\/55101917110_a27263bd3e_c-768x512.jpg 768w\" sizes=\"(max-width: 799px) 100vw, 799px\" \/><\/noscript><\/p>\n<p>Canad\u00e1 se mantiene como uno de los principales mercados emisores para Jalisco, particularmente Puerto Vallarta, mientras que Guadalajara contin\u00faa consolid\u00e1ndose como puerta de entrada estrat\u00e9gica para el turismo, la industria y los negocios en el occidente del pa\u00eds.<\/p>\n<p>Con el fortalecimiento de rutas internacionales, el Gobierno de Jalisco reafirma su compromiso de impulsar la conectividad a\u00e9rea como eje clave para el desarrollo econ\u00f3mico, la atracci\u00f3n de inversiones y la proyecci\u00f3n global del estado, especialmente en el contexto de los grandes eventos internacionales que se avecinan.<\/p>\n<p>Para saber m\u00e1s:<\/p>\n<p>\u25cf El anuncio se suma a la incorporaci\u00f3n de 11 nuevas rutas operadas por Volaris, con lo que Jalisco ampliar\u00e1 de forma significativa su conectividad a\u00e9rea desde Guadalajara y Puerto Vallarta hacia destinos estrat\u00e9gicos del pa\u00eds y dos mercados de Estados Unidos.<\/p>\n<p>\u25cf La expansi\u00f3n refuerza el papel como nodo clave del Pac\u00edfico mexicano y plataforma de enlace internacional rumbo al Mundial 2026.<\/p>\n<p>\u25cf Entre las nuevas conexiones destaca el vuelo Guadalajara\u2013Medell\u00edn, que impulsar\u00e1 la llegada de visitantes internacionales vinculados a la preparaci\u00f3n de la Selecci\u00f3n Colombiana en la ciudad.<\/p>\n","protected":false},"excerpt":{"rendered":"<p>Air Canada abrir\u00e1 una nueva ruta directa Montreal\u2013 Guadalajara y aumentar\u00e1 frecuencias Vancouver\u2013 Puerto Vallarta para el verano La expansi\u00f3n a\u00e9rea refuerza la conectividad estrat\u00e9gica de Jalisco con Am\u00e9rica del Norte en turismo, negocios y carga Con liderazgo firme en conectividad a\u00e9rea internacional, Jalisco confirm\u00f3 una nueva ruta directa entre Montreal y Guadalajara por parte [&hellip;]<\/p>\n","protected":false},"author":9,"featured_media":19268,"comment_status":"open","ping_status":"closed","sticky":false,"template":"","format":"standard","meta":{"footnotes":""},"categories":[164],"tags":[576,178,180,189],"class_list":["post-19267","post","type-post","status-publish","format-standard","has-post-thumbnail","hentry","category-turismo","tag-canada","tag-jalisco","tag-mundial-2026","tag-turismo"],"_links":{"self":[{"href":"https:\/\/noticiasal.com.mx\/index.php\/wp-json\/wp\/v2\/posts\/19267"}],"collection":[{"href":"https:\/\/noticiasal.com.mx\/index.php\/wp-json\/wp\/v2\/posts"}],"about":[{"href":"https:\/\/noticiasal.com.mx\/index.php\/wp-json\/wp\/v2\/types\/post"}],"author":[{"embeddable":true,"href":"https:\/\/noticiasal.com.mx\/index.php\/wp-json\/wp\/v2\/users\/9"}],"replies":[{"embeddable":true,"href":"https:\/\/noticiasal.com.mx\/index.php\/wp-json\/wp\/v2\/comments?post=19267"}],"version-history":[{"count":1,"href":"https:\/\/noticiasal.com.mx\/index.php\/wp-json\/wp\/v2\/posts\/19267\/revisions"}],"predecessor-version":[{"id":19270,"href":"https:\/\/noticiasal.com.mx\/index.php\/wp-json\/wp\/v2\/posts\/19267\/revisions\/19270"}],"wp:featuredmedia":[{"embeddable":true,"href":"https:\/\/noticiasal.com.mx\/index.php\/wp-json\/wp\/v2\/media\/19268"}],"wp:attachment":[{"href":"https:\/\/noticiasal.com.mx\/index.php\/wp-json\/wp\/v2\/media?parent=19267"}],"wp:term":[{"taxonomy":"category","embeddable":true,"href":"https:\/\/noticiasal.com.mx\/index.php\/wp-json\/wp\/v2\/categories?post=19267"},{"taxonomy":"post_tag","embeddable":true,"href":"https:\/\/noticiasal.com.mx\/index.php\/wp-json\/wp\/v2\/tags?post=19267"}],"curies":[{"name":"wp","href":"https:\/\/api.w.org\/{rel}","templated":true}]}}