{"id":19271,"date":"2026-02-18T15:51:16","date_gmt":"2026-02-18T15:51:16","guid":{"rendered":"https:\/\/noticiasal.com.mx\/?p=19271"},"modified":"2026-02-18T15:51:16","modified_gmt":"2026-02-18T15:51:16","slug":"investigaciones-detectan-mas-de-100-sustancias-peligrosas-en-extensiones-de-cabello","status":"publish","type":"post","link":"https:\/\/noticiasal.com.mx\/index.php\/2026\/02\/18\/investigaciones-detectan-mas-de-100-sustancias-peligrosas-en-extensiones-de-cabello\/","title":{"rendered":"Investigaciones detectan m\u00e1s de 100 sustancias peligrosas en extensiones de cabello"},"content":{"rendered":"<p>Actualmente, se han vuelto cada vez m\u00e1s comunes algunos elementos que ayudan a resaltar la belleza de las personas. Como lo son las extensiones de pesta\u00f1as y de cabello, sumamente populares. Sin embargo, es necesario tomar en cuenta que pueden presentarse a la hora de utilizarlas, tal y como lo han demostrado algunos estudios recientes.<\/p>\n<p>Si bien se dice que la belleza cuesta, es importante considerar que esta no debe poner en peligro la salud ni la vida de las personas que utilizan ciertos art\u00edculos. Como las populares extensiones para cabello, las cuales podr\u00edan contener sustancias peligrosas. Mismas que podr\u00edan poner en riesgo la salud de quienes las usan.<\/p>\n<h2>Las extensiones para cabello podr\u00edan poner en riesgo la salud, seg\u00fan nuevos estudios<\/h2>\n<p>Un estudio realizado por el Silent Spring Institute descubri\u00f3 que las extensiones de cabello contienen decenas de sustancias qu\u00edmicas potencialmente peligrosas. Pero no solo all\u00ed, sino tambi\u00e9n en productos elaborados con cabello humano. La investigaci\u00f3n se public\u00f3 en la revista\u00a0<em><strong><a href=\"https:\/\/pubs.acs.org\/doi\/10.1021\/envhealth.5c00549\">Environment &amp; Health<\/a>.<\/strong><\/em><\/p>\n<p>En ella, se menciona que el mayor uso se da entre mujeres afrodescendientes, llegando a reportarse hasta un 70%. Comparado con el 10% utilizado en personas de otros grupos \u00e9tnicos, debido a razones culturales, personales y pr\u00e1cticas.<\/p>\n<p>\u00abSab\u00edamos por investigaciones previas que exist\u00edan compuestos preocupantes, pero faltaba una visi\u00f3n completa de su composici\u00f3n qu\u00edmica\u00bb. Dio a conocer la investigadora principal del estudio, Elissia Franklin. Especialmente, porque no se ha puesto la atenci\u00f3n suficiente en elaborar productos que no comprometan la salud de las consumidoras.<\/p>\n<p>Las extensiones de cabello est\u00e1n hechas de fibras sint\u00e9ticas, principalmente, pl\u00e1sticos como poli\u00e9ster, acr\u00edlico, nailon, cloruro de polivinilo (PVC) o poliamida. Tambi\u00e9n pueden estar\u00a0<a href=\"https:\/\/ensedeciencia.com\/2026\/02\/14\/la-bebida-que-ayuda-a-revertir-los-efectos-del-higado-graso-segun-expertos\/\">elaboradas<\/a>\u00a0a partir de materiales de origen biol\u00f3gico, como el cabello humano, fibras de pl\u00e1tano o hasta seda.<\/p>\n<p>Pero, para que se vuelvan m\u00e1s resistentes y en especial al fuego, se tratan con diversos compuestos qu\u00edmicos. Sin embargo, las sustancias utilizadas para este fin pocas veces suelen ser dadas a conocer por los fabricantes, lo que deriva en desconocimiento para los consumidores acerca de los posibles riesgos.<\/p>\n<blockquote><p>Sobre todo, porque las fibras tratadas con qu\u00edmicos se encuentran cerca del cuero cabelludo y el cuello y podr\u00edan liberar sustancias da\u00f1inas al aplicarse calor. O simplemente, con solo usarlas.<\/p><\/blockquote>\n<p>Durante el estudio, los investigadores analizaron 43 productos, adquiridos tanto en tiendas especializadas como en internet. Mediante an\u00e1lisis qu\u00edmico y el uso de aprendizaje autom\u00e1tico, detectaron m\u00e1s de 900 firmas qu\u00edmicas. As\u00ed como 169 sustancias pertenecientes a nueve grandes familias estructurales.<\/p>\n<p><img loading=\"lazy\" decoding=\"async\" class=\"blazy wp-image-19272 \" src=\"https:\/\/noticiasal.com.mx\/wp-content\/themes\/news\/assets\/images\/picture_placeholder_list.jpg\" data-src=\"https:\/\/noticiasal.com.mx\/wp-content\/uploads\/2026\/02\/81zhOHr13cL.jpg\" alt=\"\" width=\"825\" height=\"825\" \/><noscript><img loading=\"lazy\" decoding=\"async\" class=\"wp-image-19272 \" src=\"https:\/\/noticiasal.com.mx\/wp-content\/uploads\/2026\/02\/81zhOHr13cL.jpg\" alt=\"\" width=\"825\" height=\"825\" srcset=\"https:\/\/noticiasal.com.mx\/wp-content\/uploads\/2026\/02\/81zhOHr13cL.jpg 1500w, https:\/\/noticiasal.com.mx\/wp-content\/uploads\/2026\/02\/81zhOHr13cL-300x300.jpg 300w, https:\/\/noticiasal.com.mx\/wp-content\/uploads\/2026\/02\/81zhOHr13cL-1024x1024.jpg 1024w, https:\/\/noticiasal.com.mx\/wp-content\/uploads\/2026\/02\/81zhOHr13cL-150x150.jpg 150w, https:\/\/noticiasal.com.mx\/wp-content\/uploads\/2026\/02\/81zhOHr13cL-768x768.jpg 768w, https:\/\/noticiasal.com.mx\/wp-content\/uploads\/2026\/02\/81zhOHr13cL-65x65.jpg 65w\" sizes=\"(max-width: 825px) 100vw, 825px\" \/><\/noscript><\/p>\n<p>Entre las sustancias halladas, se encuentran retardantes de llama, ftalatos, pesticidas, estireno, tetracloroetano y compuestos organoest\u00e1nnicos. Muchos de ellos se han asociados con c\u00e1ncer, alteraciones hormonales, problemas de desarrollo y diversos efectos negativos en el organismo.<\/p>\n<p>La investigadora Franklin menciona: \u00abNos sorprendi\u00f3 especialmente encontrar organoest\u00e1nnicos. Estos se usan com\u00fanmente como estabilizadores t\u00e9rmicos en PVC y se han relacionado con la irritaci\u00f3n de la piel, una queja com\u00fan entre los usuarios de extensiones de cabello\u00bb.<\/p>\n<p>Los inquietantes hallazgos apuntan a una urgencia para que los fabricantes regulen de maneras m\u00e1s estrictas las populares extensiones de cabello. Tomando en cuenta que se trata de un art\u00edculo ampliamente usado por millones de personas en el mundo, por lo que es importante que se conviertan en un producto seguro para los usuarios.<\/p>\n<p><a href=\"https:\/\/ensedeciencia.com\/2026\/02\/16\/investigaciones-detectan-mas-de-100-sustancias-peligrosas-en-extensiones-de-cabello\/\" target=\"_blank\" rel=\"noopener\">Ciencia<\/a><\/p>\n","protected":false},"excerpt":{"rendered":"<p>Actualmente, se han vuelto cada vez m\u00e1s comunes algunos elementos que ayudan a resaltar la belleza de las personas. Como lo son las extensiones de pesta\u00f1as y de cabello, sumamente populares. Sin embargo, es necesario tomar en cuenta que pueden presentarse a la hora de utilizarlas, tal y como lo han demostrado algunos estudios recientes. [&hellip;]<\/p>\n","protected":false},"author":9,"featured_media":19273,"comment_status":"open","ping_status":"closed","sticky":false,"template":"","format":"standard","meta":{"footnotes":""},"categories":[160],"tags":[669,1328,280],"class_list":["post-19271","post","type-post","status-publish","format-standard","has-post-thumbnail","hentry","category-salud","tag-ciencia","tag-extensiones","tag-salud"],"_links":{"self":[{"href":"https:\/\/noticiasal.com.mx\/index.php\/wp-json\/wp\/v2\/posts\/19271"}],"collection":[{"href":"https:\/\/noticiasal.com.mx\/index.php\/wp-json\/wp\/v2\/posts"}],"about":[{"href":"https:\/\/noticiasal.com.mx\/index.php\/wp-json\/wp\/v2\/types\/post"}],"author":[{"embeddable":true,"href":"https:\/\/noticiasal.com.mx\/index.php\/wp-json\/wp\/v2\/users\/9"}],"replies":[{"embeddable":true,"href":"https:\/\/noticiasal.com.mx\/index.php\/wp-json\/wp\/v2\/comments?post=19271"}],"version-history":[{"count":1,"href":"https:\/\/noticiasal.com.mx\/index.php\/wp-json\/wp\/v2\/posts\/19271\/revisions"}],"predecessor-version":[{"id":19274,"href":"https:\/\/noticiasal.com.mx\/index.php\/wp-json\/wp\/v2\/posts\/19271\/revisions\/19274"}],"wp:featuredmedia":[{"embeddable":true,"href":"https:\/\/noticiasal.com.mx\/index.php\/wp-json\/wp\/v2\/media\/19273"}],"wp:attachment":[{"href":"https:\/\/noticiasal.com.mx\/index.php\/wp-json\/wp\/v2\/media?parent=19271"}],"wp:term":[{"taxonomy":"category","embeddable":true,"href":"https:\/\/noticiasal.com.mx\/index.php\/wp-json\/wp\/v2\/categories?post=19271"},{"taxonomy":"post_tag","embeddable":true,"href":"https:\/\/noticiasal.com.mx\/index.php\/wp-json\/wp\/v2\/tags?post=19271"}],"curies":[{"name":"wp","href":"https:\/\/api.w.org\/{rel}","templated":true}]}}