{"id":19275,"date":"2026-02-18T16:55:25","date_gmt":"2026-02-18T16:55:25","guid":{"rendered":"https:\/\/noticiasal.com.mx\/?p=19275"},"modified":"2026-02-18T16:55:25","modified_gmt":"2026-02-18T16:55:25","slug":"miercoles-de-ceniza-inicia-el-tiempo-de-reflexion-y-preparacion-rumbo-a-la-semana-santa","status":"publish","type":"post","link":"https:\/\/noticiasal.com.mx\/index.php\/2026\/02\/18\/miercoles-de-ceniza-inicia-el-tiempo-de-reflexion-y-preparacion-rumbo-a-la-semana-santa\/","title":{"rendered":"Mi\u00e9rcoles de Ceniza: inicia el tiempo de reflexi\u00f3n y preparaci\u00f3n rumbo a la Semana Santa"},"content":{"rendered":"<p data-start=\"82\" data-end=\"324\">Hoy mi\u00e9rcoles 18 de febrero se celebra el <strong data-start=\"125\" data-end=\"148\">Mi\u00e9rcoles de Ceniza<\/strong>, fecha con la que la Iglesia cat\u00f3lica da inicio al tiempo lit\u00fargico de la Cuaresma, un periodo de 40 d\u00edas de reflexi\u00f3n, ayuno y preparaci\u00f3n espiritual rumbo a la Semana Santa.<\/p>\n<p data-start=\"326\" data-end=\"650\">Durante esta jornada, miles de fieles acuden a templos para participar en la imposici\u00f3n de ceniza, un signo que simboliza la fragilidad humana y el llamado a la conversi\u00f3n. La tradici\u00f3n recuerda la frase \u201cPolvo eres y en polvo te convertir\u00e1s\u201d o \u201cConvi\u00e9rtete y cree en el Evangelio\u201d, como invitaci\u00f3n a la renovaci\u00f3n interior.<\/p>\n<p data-start=\"326\" data-end=\"650\"><img loading=\"lazy\" decoding=\"async\" class=\"blazy size-full wp-image-19277 aligncenter\" src=\"https:\/\/noticiasal.com.mx\/wp-content\/themes\/news\/assets\/images\/picture_placeholder_list.jpg\" data-src=\"https:\/\/noticiasal.com.mx\/wp-content\/uploads\/2026\/02\/H27AUWPPOFAVPEH5REXWBPWMKU.avif\" alt=\"\" width=\"999\" height=\"666\" \/><noscript><img loading=\"lazy\" decoding=\"async\" class=\"size-full wp-image-19277 aligncenter\" src=\"https:\/\/noticiasal.com.mx\/wp-content\/uploads\/2026\/02\/H27AUWPPOFAVPEH5REXWBPWMKU.avif\" alt=\"\" width=\"999\" height=\"666\" \/><\/noscript><\/p>\n<p data-start=\"652\" data-end=\"939\">El Mi\u00e9rcoles de Ceniza no es d\u00eda de descanso obligatorio, pero s\u00ed representa una de las fechas m\u00e1s significativas del calendario religioso. De acuerdo con la pr\u00e1ctica cat\u00f3lica, se recomienda el ayuno y la abstinencia de carne a los mayores de edad, como acto de penitencia y solidaridad.<\/p>\n<p data-start=\"941\" data-end=\"1221\" data-is-last-node=\"\" data-is-only-node=\"\">En distintas parroquias del pa\u00eds se programaron celebraciones lit\u00fargicas a lo largo del d\u00eda para facilitar la participaci\u00f3n de la comunidad. Con ello, inicia formalmente la cuenta regresiva hacia la Semana Santa 2026, uno de los periodos de mayor significado para la fe cristiana.<\/p>\n","protected":false},"excerpt":{"rendered":"<p>Hoy mi\u00e9rcoles 18 de febrero se celebra el Mi\u00e9rcoles de Ceniza, fecha con la que la Iglesia cat\u00f3lica da inicio al tiempo lit\u00fargico de la Cuaresma, un periodo de 40 d\u00edas de reflexi\u00f3n, ayuno y preparaci\u00f3n espiritual rumbo a la Semana Santa. Durante esta jornada, miles de fieles acuden a templos para participar en la [&hellip;]<\/p>\n","protected":false},"author":25,"featured_media":19276,"comment_status":"open","ping_status":"closed","sticky":false,"template":"","format":"standard","meta":{"footnotes":""},"categories":[148],"tags":[1140,1298,1299,244],"class_list":["post-19275","post","type-post","status-publish","format-standard","has-post-thumbnail","hentry","category-mexico","tag-1140","tag-cuaresma","tag-miercoles-de-ceniza","tag-semana-santa"],"_links":{"self":[{"href":"https:\/\/noticiasal.com.mx\/index.php\/wp-json\/wp\/v2\/posts\/19275"}],"collection":[{"href":"https:\/\/noticiasal.com.mx\/index.php\/wp-json\/wp\/v2\/posts"}],"about":[{"href":"https:\/\/noticiasal.com.mx\/index.php\/wp-json\/wp\/v2\/types\/post"}],"author":[{"embeddable":true,"href":"https:\/\/noticiasal.com.mx\/index.php\/wp-json\/wp\/v2\/users\/25"}],"replies":[{"embeddable":true,"href":"https:\/\/noticiasal.com.mx\/index.php\/wp-json\/wp\/v2\/comments?post=19275"}],"version-history":[{"count":1,"href":"https:\/\/noticiasal.com.mx\/index.php\/wp-json\/wp\/v2\/posts\/19275\/revisions"}],"predecessor-version":[{"id":19278,"href":"https:\/\/noticiasal.com.mx\/index.php\/wp-json\/wp\/v2\/posts\/19275\/revisions\/19278"}],"wp:featuredmedia":[{"embeddable":true,"href":"https:\/\/noticiasal.com.mx\/index.php\/wp-json\/wp\/v2\/media\/19276"}],"wp:attachment":[{"href":"https:\/\/noticiasal.com.mx\/index.php\/wp-json\/wp\/v2\/media?parent=19275"}],"wp:term":[{"taxonomy":"category","embeddable":true,"href":"https:\/\/noticiasal.com.mx\/index.php\/wp-json\/wp\/v2\/categories?post=19275"},{"taxonomy":"post_tag","embeddable":true,"href":"https:\/\/noticiasal.com.mx\/index.php\/wp-json\/wp\/v2\/tags?post=19275"}],"curies":[{"name":"wp","href":"https:\/\/api.w.org\/{rel}","templated":true}]}}