{"id":19767,"date":"2026-03-24T20:10:19","date_gmt":"2026-03-24T20:10:19","guid":{"rendered":"https:\/\/noticiasal.com.mx\/?p=19767"},"modified":"2026-03-24T20:13:16","modified_gmt":"2026-03-24T20:13:16","slug":"tiroteo-en-michoacan-la-tragedia-que-las-autoridades-se-negaron-a-prevenir","status":"publish","type":"post","link":"https:\/\/noticiasal.com.mx\/index.php\/2026\/03\/24\/tiroteo-en-michoacan-la-tragedia-que-las-autoridades-se-negaron-a-prevenir\/","title":{"rendered":"Tiroteo En Michoac\u00e1n: La Tragedia Que Las Autoridades Se Negaron A Prevenir"},"content":{"rendered":"<div dir=\"ltr\">\n<ul>\n<li>La Asociaci\u00f3n Mexicana de Psicolog\u00eda y Desarrollo Comunitario exige una pol\u00edtica real de salud mental ante la escalada de violencia en entornos escolares<br \/>\nHoy, en la preparatoria privada \u00abAnton Makarenko\u00bb de L\u00e1zaro C\u00e1rdenas, Michoac\u00e1n, un adolescente de 15 a\u00f1os asesin\u00f3 a dos maestras con un rifle AR-15. Desde la comunidad de psic\u00f3logos y psiquiatras no podemos m\u00e1s que se\u00f1alar lo que llevamos a\u00f1os advirtiendo de la incapacidad y omisi\u00f3n de las autoridades: esto era previsible, y la inacci\u00f3n tiene responsables.<\/li>\n<li>Hemos insistido hasta el cansancio \u2014en foros, en medios, en propuestas t\u00e9cnicas que nadie escucha\u2014 que M\u00e9xico necesita con urgencia una pol\u00edtica p\u00fablica de salud mental seria, estructurada, con presupuesto y con profesionales capacitados al frente. Lo que tenemos en cambio es improvisaci\u00f3n, funcionarios sin perfil ni formaci\u00f3n en el \u00e1rea, y programas que confunden intervenci\u00f3n comunitaria con pintar bardas o repartir folletos para beneficio de unas cuantas.<\/li>\n<li>Los hechos de hoy en Michoac\u00e1n no son un accidente. Son la consecuencia directa de a\u00f1os de negligencia institucional frente a las se\u00f1ales de alerta que los j\u00f3venes emiten y que nadie atiende. Un adolescente en crisis, en un entorno escolar sin contenci\u00f3n emocional, sin protocolos de detecci\u00f3n temprana, sin redes de apoyo psicol\u00f3gico reales, es una bomba de tiempo que el Estado mexicano y de Michoac\u00e1n ha decidido ignorar.<\/li>\n<li>Las estrategias implementadas hasta hoy han demostrado ser insuficientes. Colocar en puestos clave a personas sin conocimiento en salud mental no solo es irresponsable: es peligroso. La salud mental no se atiende con buenas intenciones, compadrazgos ni con acciones cosm\u00e9ticas. Se atiende con pol\u00edtica p\u00fablica, con inversi\u00f3n, con psic\u00f3logos cl\u00ednicos, con trabajo comunitario serio y con voluntad pol\u00edtica real.<br \/>\nExigimos:<br \/>\n1. La creaci\u00f3n de una pol\u00edtica local y nacional de salud mental escolar con enfoque cl\u00ednico y comunitario, que incluya diagn\u00f3sticos reales, detecci\u00f3n temprana, atenci\u00f3n individual y grupal en planteles educativos.<br \/>\n2. Que los cargos relacionados con salud mental en instituciones p\u00fablicas sean ocupados por profesionales con formaci\u00f3n acreditada en el \u00e1rea, con concursos de oposici\u00f3n y no por dedazo de los que dicen gobiernan.<br \/>\n3. Presupuesto espec\u00edfico y etiquetado para programas de salud mental en el sistema educativo p\u00fablico y privado.<br \/>\n4. Un protocolo de intervenci\u00f3n en crisis aplicable en todos los niveles escolares del pa\u00eds.Lamentamos profundamente el asesinato de las dos docentes y expresamos nuestra solidaridad con sus familias, sus colegas y la comunidad de L\u00e1zaro C\u00e1rdenas. Su muerte no puede quedar solo como una nota de ocho columnas que se olvida en tres d\u00edas. Debe ser el punto de quiebre que obligue a las autoridades a actuar, con la presi\u00f3n que la comunidad educativa y docente tiene que emplear.<br \/>\nSi esto sigue sin atenderse, seguir\u00e1 ocurriendo. Y la responsabilidad ser\u00e1, una vez m\u00e1s, de quienes pudieron hacer algo y eligieron no hacerlo.La Asociaci\u00f3n Mexicana de Psicolog\u00eda y Desarrollo Comunitario es una organizaci\u00f3n dedicada a la promoci\u00f3n de la salud mental, el bienestar psicosocial y el desarrollo humano en comunidades mexicanas.<br \/>\n<a href=\"http:\/\/www.psicologiaydesarrollocomunitario.com\/\" target=\"_blank\" rel=\"noopener\" data-saferedirecturl=\"https:\/\/www.google.com\/url?q=http:\/\/www.psicologiaydesarrollocomunitario.com&amp;source=gmail&amp;ust=1774468807888000&amp;usg=AOvVaw1_HUh2sShKCxzdLQWgi-tB\">www.<wbr \/>psicologiaydesarrollocomunitar<wbr \/>io.com<\/a><br \/>\nContacto de prensa:\u00a0<a href=\"mailto:info@psicologiaydesarrollocomunitario.com\" target=\"_blank\" rel=\"noopener\">info@<wbr \/>psicologiaydesarrollocomunitar<wbr \/>io.com<\/a><\/li>\n<li><\/li>\n<\/ul>\n<\/div>\n<blockquote class=\"twitter-tweet\" data-media-max-width=\"560\">\n<p dir=\"ltr\" lang=\"es\"><a href=\"https:\/\/twitter.com\/hashtag\/Michoac%C3%A1n?src=hash&amp;ref_src=twsrc%5Etfw\">#Michoac\u00e1n<\/a>  Difunden im\u00e1genes compartidas en historias de Instagram por alumno que mat\u00f3 a 2 maestras en L\u00e1zaro C\u00e1rdenas <a href=\"https:\/\/t.co\/TgnIrU6vOb\">pic.twitter.com\/TgnIrU6vOb<\/a><\/p>\n<p>\u2014 Changoonga.com (@michangoonga) <a href=\"https:\/\/twitter.com\/michangoonga\/status\/2036493627958894706?ref_src=twsrc%5Etfw\">March 24, 2026<\/a><\/p><\/blockquote>\n<p><script async src=\"https:\/\/platform.twitter.com\/widgets.js\" charset=\"utf-8\"><\/script><\/p>\n","protected":false},"excerpt":{"rendered":"<p>La Asociaci\u00f3n Mexicana de Psicolog\u00eda y Desarrollo Comunitario exige una pol\u00edtica real de salud mental ante la escalada de violencia en entornos escolares Hoy, en la preparatoria privada \u00abAnton Makarenko\u00bb de L\u00e1zaro C\u00e1rdenas, Michoac\u00e1n, un adolescente de 15 a\u00f1os asesin\u00f3 a dos maestras con un rifle AR-15. Desde la comunidad de psic\u00f3logos y psiquiatras no [&hellip;]<\/p>\n","protected":false},"author":22,"featured_media":19768,"comment_status":"open","ping_status":"closed","sticky":false,"template":"","format":"standard","meta":{"footnotes":""},"categories":[148],"tags":[185,340,658,1344],"class_list":["post-19767","post","type-post","status-publish","format-standard","has-post-thumbnail","hentry","category-mexico","tag-mexico","tag-psicologia","tag-tiroteo","tag-violencia"],"_links":{"self":[{"href":"https:\/\/noticiasal.com.mx\/index.php\/wp-json\/wp\/v2\/posts\/19767"}],"collection":[{"href":"https:\/\/noticiasal.com.mx\/index.php\/wp-json\/wp\/v2\/posts"}],"about":[{"href":"https:\/\/noticiasal.com.mx\/index.php\/wp-json\/wp\/v2\/types\/post"}],"author":[{"embeddable":true,"href":"https:\/\/noticiasal.com.mx\/index.php\/wp-json\/wp\/v2\/users\/22"}],"replies":[{"embeddable":true,"href":"https:\/\/noticiasal.com.mx\/index.php\/wp-json\/wp\/v2\/comments?post=19767"}],"version-history":[{"count":2,"href":"https:\/\/noticiasal.com.mx\/index.php\/wp-json\/wp\/v2\/posts\/19767\/revisions"}],"predecessor-version":[{"id":19771,"href":"https:\/\/noticiasal.com.mx\/index.php\/wp-json\/wp\/v2\/posts\/19767\/revisions\/19771"}],"wp:featuredmedia":[{"embeddable":true,"href":"https:\/\/noticiasal.com.mx\/index.php\/wp-json\/wp\/v2\/media\/19768"}],"wp:attachment":[{"href":"https:\/\/noticiasal.com.mx\/index.php\/wp-json\/wp\/v2\/media?parent=19767"}],"wp:term":[{"taxonomy":"category","embeddable":true,"href":"https:\/\/noticiasal.com.mx\/index.php\/wp-json\/wp\/v2\/categories?post=19767"},{"taxonomy":"post_tag","embeddable":true,"href":"https:\/\/noticiasal.com.mx\/index.php\/wp-json\/wp\/v2\/tags?post=19767"}],"curies":[{"name":"wp","href":"https:\/\/api.w.org\/{rel}","templated":true}]}}