{"id":19855,"date":"2026-03-31T14:33:18","date_gmt":"2026-03-31T14:33:18","guid":{"rendered":"https:\/\/noticiasal.com.mx\/?p=19855"},"modified":"2026-03-31T14:33:18","modified_gmt":"2026-03-31T14:33:18","slug":"jalisco-despliega-contingente-usar-hacia-sinaloa-para-apoyar-labores-de-rescate-en-mina-santa-fe","status":"publish","type":"post","link":"https:\/\/noticiasal.com.mx\/index.php\/2026\/03\/31\/jalisco-despliega-contingente-usar-hacia-sinaloa-para-apoyar-labores-de-rescate-en-mina-santa-fe\/","title":{"rendered":"Jalisco despliega contingente USAR hacia Sinaloa para apoyar labores de rescate en mina Santa Fe"},"content":{"rendered":"<p>Gobierno de Jalisco, a trav\u00e9s de la Unidad Estatal de Protecci\u00f3n Civil y Bomberos de Jalisco, despleg\u00f3 un contingente especializado del Grupo USAR (B\u00fasqueda y Rescate Urbano) con destino al estado de Sinaloa, para apoyar las labores de b\u00fasqueda y rescate en la mina Santa Fe, ubicada en el municipio de El Rosario, donde permanecen tres trabajadores atrapados.<\/p>\n<p>La movilizaci\u00f3n responde a una solicitud directa del Gobierno Federal y forma parte de la coordinaci\u00f3n interinstitucional para atender esta emergencia. Se prev\u00e9 que el contingente arribe a la zona durante la ma\u00f1ana de este martes para integrarse de inmediato a la operaci\u00f3n.<\/p>\n<p>El contingente est\u00e1 integrado por 40 oficiales de Protecci\u00f3n Civil y Bomberos de Jalisco, Guadalajara, Zapopan y El Grullo, con capacidades en ingenier\u00eda estructural, rescate t\u00e9cnico, binomios caninos, gesti\u00f3n de emergencias y comunicaciones operativas, adem\u00e1s de equipo y herramienta especializada.<\/p>\n<p>Previo a su salida, se realiz\u00f3 una reuni\u00f3n informativa encabezada por el Comandante Sergio Ram\u00edrez L\u00f3pez, junto con la Comandante Jenny de la Torre, Coordinadora Municipal de Gesti\u00f3n Integral de Riesgos y Protecci\u00f3n Civil y Bomberos Guadalajara y el Comandante Mario Espinosa Ceballos, Coordinador Municipal de Protecci\u00f3n Civil y Bomberos Zapopan, quienes dirigieron un mensaje a las y los rescatistas, dese\u00e1ndoles \u00e9xito y reconociendo su compromiso, entrega y vocaci\u00f3n de servicio en esta misi\u00f3n.<\/p>\n<p>La Fuerza de Tarea cuenta con autonom\u00eda log\u00edstica para operar entre una y dos semanas, lo que permitir\u00e1 sostener labores continuas conforme lo requiera la operaci\u00f3n.<\/p>\n<blockquote><p>Con esta acci\u00f3n, Jalisco refrenda su compromiso con la solidaridad, la coordinaci\u00f3n institucional y el apoyo a la poblaci\u00f3n, incluso m\u00e1s all\u00e1 de sus fronteras.<\/p><\/blockquote>\n<p><img loading=\"lazy\" decoding=\"async\" class=\"blazy aligncenter wp-image-19857 size-full\" src=\"https:\/\/noticiasal.com.mx\/wp-content\/themes\/news\/assets\/images\/picture_placeholder_list.jpg\" data-src=\"https:\/\/noticiasal.com.mx\/wp-content\/uploads\/2026\/03\/WhatsApp-Image-2026-03-31-at-7.41.43-AM-1.jpeg\" alt=\"\" width=\"1280\" height=\"720\" \/><noscript><img loading=\"lazy\" decoding=\"async\" class=\"aligncenter wp-image-19857 size-full\" src=\"https:\/\/noticiasal.com.mx\/wp-content\/uploads\/2026\/03\/WhatsApp-Image-2026-03-31-at-7.41.43-AM-1.jpeg\" alt=\"\" width=\"1280\" height=\"720\" srcset=\"https:\/\/noticiasal.com.mx\/wp-content\/uploads\/2026\/03\/WhatsApp-Image-2026-03-31-at-7.41.43-AM-1.jpeg 1280w, https:\/\/noticiasal.com.mx\/wp-content\/uploads\/2026\/03\/WhatsApp-Image-2026-03-31-at-7.41.43-AM-1-300x169.jpeg 300w, https:\/\/noticiasal.com.mx\/wp-content\/uploads\/2026\/03\/WhatsApp-Image-2026-03-31-at-7.41.43-AM-1-1024x576.jpeg 1024w, https:\/\/noticiasal.com.mx\/wp-content\/uploads\/2026\/03\/WhatsApp-Image-2026-03-31-at-7.41.43-AM-1-768x432.jpeg 768w\" sizes=\"(max-width: 1280px) 100vw, 1280px\" \/><\/noscript><\/p>\n","protected":false},"excerpt":{"rendered":"<p>Gobierno de Jalisco, a trav\u00e9s de la Unidad Estatal de Protecci\u00f3n Civil y Bomberos de Jalisco, despleg\u00f3 un contingente especializado del Grupo USAR (B\u00fasqueda y Rescate Urbano) con destino al estado de Sinaloa, para apoyar las labores de b\u00fasqueda y rescate en la mina Santa Fe, ubicada en el municipio de El Rosario, donde permanecen [&hellip;]<\/p>\n","protected":false},"author":9,"featured_media":19856,"comment_status":"open","ping_status":"closed","sticky":false,"template":"","format":"standard","meta":{"footnotes":""},"categories":[154],"tags":[1471,1472,207],"class_list":["post-19855","post","type-post","status-publish","format-standard","has-post-thumbnail","hentry","category-jalisco","tag-mina","tag-mineria-sinaloa","tag-pcjalisco"],"_links":{"self":[{"href":"https:\/\/noticiasal.com.mx\/index.php\/wp-json\/wp\/v2\/posts\/19855"}],"collection":[{"href":"https:\/\/noticiasal.com.mx\/index.php\/wp-json\/wp\/v2\/posts"}],"about":[{"href":"https:\/\/noticiasal.com.mx\/index.php\/wp-json\/wp\/v2\/types\/post"}],"author":[{"embeddable":true,"href":"https:\/\/noticiasal.com.mx\/index.php\/wp-json\/wp\/v2\/users\/9"}],"replies":[{"embeddable":true,"href":"https:\/\/noticiasal.com.mx\/index.php\/wp-json\/wp\/v2\/comments?post=19855"}],"version-history":[{"count":1,"href":"https:\/\/noticiasal.com.mx\/index.php\/wp-json\/wp\/v2\/posts\/19855\/revisions"}],"predecessor-version":[{"id":19858,"href":"https:\/\/noticiasal.com.mx\/index.php\/wp-json\/wp\/v2\/posts\/19855\/revisions\/19858"}],"wp:featuredmedia":[{"embeddable":true,"href":"https:\/\/noticiasal.com.mx\/index.php\/wp-json\/wp\/v2\/media\/19856"}],"wp:attachment":[{"href":"https:\/\/noticiasal.com.mx\/index.php\/wp-json\/wp\/v2\/media?parent=19855"}],"wp:term":[{"taxonomy":"category","embeddable":true,"href":"https:\/\/noticiasal.com.mx\/index.php\/wp-json\/wp\/v2\/categories?post=19855"},{"taxonomy":"post_tag","embeddable":true,"href":"https:\/\/noticiasal.com.mx\/index.php\/wp-json\/wp\/v2\/tags?post=19855"}],"curies":[{"name":"wp","href":"https:\/\/api.w.org\/{rel}","templated":true}]}}