{"id":19900,"date":"2026-04-03T19:08:21","date_gmt":"2026-04-03T19:08:21","guid":{"rendered":"https:\/\/noticiasal.com.mx\/?p=19900"},"modified":"2026-04-03T19:08:21","modified_gmt":"2026-04-03T19:08:21","slug":"fe-y-tradicion-unen-a-puerto-vallarta-en-la-representacion-de-la-pasion-de-cristo","status":"publish","type":"post","link":"https:\/\/noticiasal.com.mx\/index.php\/2026\/04\/03\/fe-y-tradicion-unen-a-puerto-vallarta-en-la-representacion-de-la-pasion-de-cristo\/","title":{"rendered":"Fe y tradici\u00f3n unen a Puerto Vallarta en la representaci\u00f3n de la Pasi\u00f3n de Cristo"},"content":{"rendered":"<ul>\n<li data-start=\"0\" data-end=\"243\">La fe y la tradici\u00f3n volvieron a tomar las calles de <span class=\"hover:entity-accent entity-underline inline cursor-pointer align-baseline\"><span class=\"whitespace-normal\">Puerto Vallarta<\/span><\/span> con la emotiva representaci\u00f3n de la Muerte y Pasi\u00f3n de Cristo, un evento que reuni\u00f3 a numerosos grupos parroquiales, j\u00f3venes y familias de la comunidad.<\/li>\n<\/ul>\n<p data-start=\"245\" data-end=\"639\">Desde temprana hora, participantes y asistentes se congregaron para ser parte de esta significativa escenificaci\u00f3n, que a\u00f1o con a\u00f1o fortalece el sentido de uni\u00f3n y espiritualidad entre los vallartenses. Con vestuarios caracter\u00edsticos y una destacada entrega actoral, los integrantes recrearon los momentos m\u00e1s representativos de la pasi\u00f3n de Jes\u00fas, generando un ambiente de reflexi\u00f3n y respeto.<\/p>\n<p data-start=\"641\" data-end=\"1023\">Grupos parroquiales se sumaron a la organizaci\u00f3n, mientras que j\u00f3venes voluntarios dieron vida a los personajes principales, mostrando su compromiso con las tradiciones religiosas. Familias completas tambi\u00e9n acudieron, ya sea como espectadores o formando parte del recorrido, consolidando esta actividad como una de las m\u00e1s importantes durante la Semana Santa.<\/p>\n<p data-start=\"1025\" data-end=\"1254\" data-is-last-node=\"\" data-is-only-node=\"\">La representaci\u00f3n no solo reafirma la fe cat\u00f3lica en la regi\u00f3n, sino que tambi\u00e9n fomenta la convivencia comunitaria y la preservaci\u00f3n de las tradiciones, convirti\u00e9ndose en un evento que trasciende generaciones en Puerto Vallarta, importante nuero de extranjeros se vieron sorprendidos de la representaci\u00f3n de Cristo, tomaron fotos y videos conmovidos.<\/p>\n<p data-start=\"1025\" data-end=\"1254\" data-is-last-node=\"\" data-is-only-node=\"\"><img loading=\"lazy\" decoding=\"async\" class=\"blazy wp-image-19902  aligncenter\" src=\"https:\/\/noticiasal.com.mx\/wp-content\/themes\/news\/assets\/images\/picture_placeholder_list.jpg\" data-src=\"https:\/\/noticiasal.com.mx\/wp-content\/uploads\/2026\/04\/666249414_2340292169811368_8052853804211331183_n.jpg\" alt=\"\" width=\"460\" height=\"613\" \/><noscript><img loading=\"lazy\" decoding=\"async\" class=\"wp-image-19902  aligncenter\" src=\"https:\/\/noticiasal.com.mx\/wp-content\/uploads\/2026\/04\/666249414_2340292169811368_8052853804211331183_n.jpg\" alt=\"\" width=\"460\" height=\"613\" srcset=\"https:\/\/noticiasal.com.mx\/wp-content\/uploads\/2026\/04\/666249414_2340292169811368_8052853804211331183_n.jpg 1200w, https:\/\/noticiasal.com.mx\/wp-content\/uploads\/2026\/04\/666249414_2340292169811368_8052853804211331183_n-225x300.jpg 225w, https:\/\/noticiasal.com.mx\/wp-content\/uploads\/2026\/04\/666249414_2340292169811368_8052853804211331183_n-768x1024.jpg 768w, https:\/\/noticiasal.com.mx\/wp-content\/uploads\/2026\/04\/666249414_2340292169811368_8052853804211331183_n-1152x1536.jpg 1152w\" sizes=\"(max-width: 460px) 100vw, 460px\" \/><\/noscript><\/p>\n<p data-start=\"0\" data-end=\"89\"><strong>\u271d\ufe0f Antorchistas de GASMA recorren El Pitillal en representaci\u00f3n de la Pasi\u00f3n de Cristo<\/strong> <\/p>\n<p data-start=\"91\" data-end=\"316\">En <span class=\"hover:entity-accent entity-underline inline cursor-pointer align-baseline\"><span class=\"whitespace-normal\">El Pitillal<\/span><\/span>, el grupo antorchista GASMA de la <span class=\"hover:entity-accent entity-underline inline cursor-pointer align-baseline\"><span class=\"whitespace-normal\">Parroquia de San Miguel Arc\u00e1ngel<\/span><\/span> realiz\u00f3 el tradicional recorrido por el centro, como parte de la representaci\u00f3n de la Muerte y Pasi\u00f3n de Cristo.<\/p>\n<p data-start=\"318\" data-end=\"593\" data-is-last-node=\"\" data-is-only-node=\"\">Con profunda devoci\u00f3n, integrantes del grupo, acompa\u00f1ados por familias y fieles de la comunidad, caminaron por las principales calles escenificando los momentos m\u00e1s significativos, en un ambiente de respeto, fe y reflexi\u00f3n que caracteriza estas celebraciones de Semana Santa.<\/p>\n<p><iframe loading=\"lazy\" style=\"border: none; overflow: hidden;\" src=\"https:\/\/www.facebook.com\/plugins\/post.php?href=https%3A%2F%2Fwww.facebook.com%2Fantorchasanmiguelarcangelpitillal%2Fposts%2Fpfbid0oBaPKTCfCsDyP1svjEZEY4uh6TrnhCcKjyT8Nk6ZErFVp2VsZia71LVwPCyKwwuMl&amp;show_text=true&amp;width=500\" width=\"500\" height=\"953\" frameborder=\"0\" scrolling=\"no\" allowfullscreen=\"allowfullscreen\"><\/iframe><\/p>\n","protected":false},"excerpt":{"rendered":"<p>La fe y la tradici\u00f3n volvieron a tomar las calles de Puerto Vallarta con la emotiva representaci\u00f3n de la Muerte y Pasi\u00f3n de Cristo, un evento que reuni\u00f3 a numerosos grupos parroquiales, j\u00f3venes y familias de la comunidad. Desde temprana hora, participantes y asistentes se congregaron para ser parte de esta significativa escenificaci\u00f3n, que a\u00f1o [&hellip;]<\/p>\n","protected":false},"author":25,"featured_media":19901,"comment_status":"open","ping_status":"closed","sticky":false,"template":"","format":"standard","meta":{"footnotes":""},"categories":[159],"tags":[1479,187,244],"class_list":["post-19900","post","type-post","status-publish","format-standard","has-post-thumbnail","hentry","category-puerto-vallarta","tag-pasion-de-cristo","tag-puerto-vallarta","tag-semana-santa"],"_links":{"self":[{"href":"https:\/\/noticiasal.com.mx\/index.php\/wp-json\/wp\/v2\/posts\/19900"}],"collection":[{"href":"https:\/\/noticiasal.com.mx\/index.php\/wp-json\/wp\/v2\/posts"}],"about":[{"href":"https:\/\/noticiasal.com.mx\/index.php\/wp-json\/wp\/v2\/types\/post"}],"author":[{"embeddable":true,"href":"https:\/\/noticiasal.com.mx\/index.php\/wp-json\/wp\/v2\/users\/25"}],"replies":[{"embeddable":true,"href":"https:\/\/noticiasal.com.mx\/index.php\/wp-json\/wp\/v2\/comments?post=19900"}],"version-history":[{"count":1,"href":"https:\/\/noticiasal.com.mx\/index.php\/wp-json\/wp\/v2\/posts\/19900\/revisions"}],"predecessor-version":[{"id":19903,"href":"https:\/\/noticiasal.com.mx\/index.php\/wp-json\/wp\/v2\/posts\/19900\/revisions\/19903"}],"wp:featuredmedia":[{"embeddable":true,"href":"https:\/\/noticiasal.com.mx\/index.php\/wp-json\/wp\/v2\/media\/19901"}],"wp:attachment":[{"href":"https:\/\/noticiasal.com.mx\/index.php\/wp-json\/wp\/v2\/media?parent=19900"}],"wp:term":[{"taxonomy":"category","embeddable":true,"href":"https:\/\/noticiasal.com.mx\/index.php\/wp-json\/wp\/v2\/categories?post=19900"},{"taxonomy":"post_tag","embeddable":true,"href":"https:\/\/noticiasal.com.mx\/index.php\/wp-json\/wp\/v2\/tags?post=19900"}],"curies":[{"name":"wp","href":"https:\/\/api.w.org\/{rel}","templated":true}]}}