{"id":19919,"date":"2026-04-06T18:24:56","date_gmt":"2026-04-06T18:24:56","guid":{"rendered":"https:\/\/noticiasal.com.mx\/?p=19919"},"modified":"2026-04-06T18:24:56","modified_gmt":"2026-04-06T18:24:56","slug":"anuncia-gobierno-de-jalisco-llegada-de-siete-nuevas-unidades-para-consolidar-sistema-de-electromovilidad-en-puerto-vallarta","status":"publish","type":"post","link":"https:\/\/noticiasal.com.mx\/index.php\/2026\/04\/06\/anuncia-gobierno-de-jalisco-llegada-de-siete-nuevas-unidades-para-consolidar-sistema-de-electromovilidad-en-puerto-vallarta\/","title":{"rendered":"Anuncia Gobierno de Jalisco llegada de siete nuevas unidades para consolidar sistema de electromovilidad en Puerto Vallarta"},"content":{"rendered":"<ul>\n<li>El corredor Medina Ascencio, en Puerto Vallarta, contar\u00e1 con siete nuevas unidades 100 por ciento el\u00e9ctricas, equipadas con aire acondicionado, accesibilidad universal y capacidad de hasta 130 pasajeros\n<p>Las unidades empezar\u00e1n a circular a partir de la primera semana de mayo en puntos como corredor Medina Ascencio, Camino hacia Ixtapa, la Marina y el CUCosta de UdeG<\/p>\n<p>Las y los estudiantes en Jalisco cuenta con una tarifa preferencial de 5 pesos para sus traslados en el estado<\/p>\n<p>Con el objetivo de consolidar un sistema de electromovilidad digno, seguro y de calidad en Puerto Vallarta, el Gobierno de Jalisco anunci\u00f3 la llegada de las primeras siete unidades 100 por ciento el\u00e9ctricas, que prestar\u00e1n el servicio de transporte p\u00fablico en este importante destino de la entidad.<\/p>\n<p>Las unidades empezar\u00e1n a circular a partir de la primera semana de mayo en puntos como corredor Medina Ascencio, Camino hacia Ixtapa, la Marina y el Centro Universitario de la Costa (CUCosta), de la Universidad de Guadalajara (UdeG).<\/p>\n<p>Pablo Lemus Navarro, Gobernador de Jalisco, afirm\u00f3 que con el objetivo de cumplir la promesa de impulsar el mejor sistema de transporte p\u00fablico de la Rep\u00fablica Mexicana, se realizan acciones importantes para mejorar el servicio, no solo en el \u00c1rea Metropolitana de Guadalajara (AMG), sino en todo el estado.<\/p>\n<p>\u201cOtra buena noticia para los sistemas de transporte p\u00fablico del estado de Jalisco. Ahora queremos presentarles las nuevas unidades el\u00e9ctricas, este es el nuevo sistema de electromovilidad que va a funcionar en Puerto Vallarta, en (Boulevard) Medina Ascencio, en todo el corredor hotelero, tur\u00edstico de nuestra querid\u00edsima Puerto Vallarta\u201d, se\u00f1al\u00f3 el Gobernador.<\/p>\n<p>Amilcar L\u00f3pez Zepeda, Director General del Sistema de Tren El\u00e9ctrico Urbano (SITEUR), detall\u00f3 que estas primeras siete unidades el\u00e9ctricas son de la marca Yutong, con piso bajo, 18 metros de longitud y una capacidad de transportar hasta 130 pasajeros.<\/p>\n<p>\u201cEstas unidades contar\u00e1n con aire acondicionado, con sistemas para electrificar celulares, tambi\u00e9n 100 por ciento accesibles, con un sistema de c\u00e1maras especializado para que el conductor vaya monitoreando la operaci\u00f3n en tiempo real. Son las primeras unidades en M\u00e9xico, con estas especificaciones, que circular\u00e1n en Puerto Vallarta\u201d, abund\u00f3 L\u00f3pez Zepeda.<\/p>\n<p>Cabe destacar que las y los estudiantes en Jalisco cuenta con una tarifa preferencial de 5 pesos para sus traslados en el estado.<\/p>\n<p>Fernanda Romero Delgado, Presidenta de la Federaci\u00f3n Estudiantil Universitaria (FEU), indic\u00f3 que al igual que en el AMG, celebr\u00f3 la llegada de estas unidades el\u00e9ctricas a Puerto Vallarta, y se\u00f1al\u00f3 que se adhieren al dec\u00e1logo de compromisos que la FEU hizo con el Gobierno del Estado.<\/p>\n<blockquote><p>\u201cCelebramos este acuerdo cumplido de este dec\u00e1logo que hicimos llegar, que platicamos, porque la comunidad de Puerto Vallarta nos comentaba que las unidades no son suficientes, que no tienen aire acondicionado o simplemente est\u00e1n en malas condiciones (&#8230;) Es un gran avance hacia la movilidad\u201d, expres\u00f3 Romero Delgado.<\/p><\/blockquote>\n<p>La Presidenta de la FEU hizo hincapi\u00e9 en que este sistema de electromovilidad beneficiar\u00e1 a miles de estudiantes, como los que acuden al CuCosta.<\/li>\n<\/ul>\n<p><img loading=\"lazy\" decoding=\"async\" class=\"blazy aligncenter wp-image-19921 size-full\" src=\"https:\/\/noticiasal.com.mx\/wp-content\/themes\/news\/assets\/images\/picture_placeholder_list.jpg\" data-src=\"https:\/\/noticiasal.com.mx\/wp-content\/uploads\/2026\/04\/55191578560_b6d1e91b69_c.jpg\" alt=\"\" width=\"799\" height=\"533\" \/><noscript><img loading=\"lazy\" decoding=\"async\" class=\"aligncenter wp-image-19921 size-full\" src=\"https:\/\/noticiasal.com.mx\/wp-content\/uploads\/2026\/04\/55191578560_b6d1e91b69_c.jpg\" alt=\"\" width=\"799\" height=\"533\" srcset=\"https:\/\/noticiasal.com.mx\/wp-content\/uploads\/2026\/04\/55191578560_b6d1e91b69_c.jpg 799w, https:\/\/noticiasal.com.mx\/wp-content\/uploads\/2026\/04\/55191578560_b6d1e91b69_c-300x200.jpg 300w, https:\/\/noticiasal.com.mx\/wp-content\/uploads\/2026\/04\/55191578560_b6d1e91b69_c-768x512.jpg 768w\" sizes=\"(max-width: 799px) 100vw, 799px\" \/><\/noscript><\/p>\n<p>Con estas acciones, se consolida la apuesta del Gobierno de Jalisco por un modelo de transporte masivo moderno, sustentable y eficiente, alineado con los est\u00e1ndares internacionales de electromovilidad.<\/p>\n<p>Lo anterior es parte del anuncio de inversi\u00f3n de 2 mil 305 millones de pesos que realiz\u00f3 el Gobernador de Jalisco, Pablo Lemus Navarro, en octubre de 2025, para la adquisici\u00f3n de 203 unidades, entre autobuses y trenes, para fortalecer la movilidad de millones de personas que anualmente se mueven en los diferentes sistemas de SITEUR.<\/p>\n<p>En la presentaci\u00f3n de las unidades el\u00e9ctricas para Puerto Vallarta estuvieron presentes Karina Hermosillo Ram\u00edrez, Coordinadora General de Gesti\u00f3n Integral del Territorio, y Diego Monraz Villase\u00f1or, Secretario de Transporte del Gobierno de Jalisco.<\/p>\n<p>Para saber m\u00e1s:<\/p>\n<p>Las primeras siete unidades forman parte de un total de 19 nuevas unidades, 100 el\u00e9ctricas, que operar\u00e1n en Puerto Vallarta.<\/p>\n<p>\u25cf Movilizar\u00e1n a 20 mil usuarios al d\u00eda.<\/p>\n<p>\u25cf Cuatro rutas troncales y una ruta complementaria.<\/p>\n<p>\u25cf Se contar\u00e1 con 11 estaciones principales, entre las que se encuentran tres estaciones de transferencia y un hub de conexi\u00f3n en el Aeropuerto Internacional de Puerto Vallarta.<\/p>\n<p>\u25cf Incluir\u00e1 110 paraderos y cinco minutos de frecuencia de paso.<\/p>\n<p>\u25cf Contar\u00e1 con pago unificado con cualquiera de estas tarjetas: Mi Movilidad, Tarjeta \u00danica, Yo Jalisco Apoyo para el Transporte.<\/p>\n","protected":false},"excerpt":{"rendered":"<p>El corredor Medina Ascencio, en Puerto Vallarta, contar\u00e1 con siete nuevas unidades 100 por ciento el\u00e9ctricas, equipadas con aire acondicionado, accesibilidad universal y capacidad de hasta 130 pasajeros Las unidades empezar\u00e1n a circular a partir de la primera semana de mayo en puntos como corredor Medina Ascencio, Camino hacia Ixtapa, la Marina y el CUCosta [&hellip;]<\/p>\n","protected":false},"author":9,"featured_media":19920,"comment_status":"open","ping_status":"closed","sticky":false,"template":"","format":"standard","meta":{"footnotes":""},"categories":[159],"tags":[178,182,187,1480],"class_list":["post-19919","post","type-post","status-publish","format-standard","has-post-thumbnail","hentry","category-puerto-vallarta","tag-jalisco","tag-pablo-lemus","tag-puerto-vallarta","tag-trasnporte-publico"],"_links":{"self":[{"href":"https:\/\/noticiasal.com.mx\/index.php\/wp-json\/wp\/v2\/posts\/19919"}],"collection":[{"href":"https:\/\/noticiasal.com.mx\/index.php\/wp-json\/wp\/v2\/posts"}],"about":[{"href":"https:\/\/noticiasal.com.mx\/index.php\/wp-json\/wp\/v2\/types\/post"}],"author":[{"embeddable":true,"href":"https:\/\/noticiasal.com.mx\/index.php\/wp-json\/wp\/v2\/users\/9"}],"replies":[{"embeddable":true,"href":"https:\/\/noticiasal.com.mx\/index.php\/wp-json\/wp\/v2\/comments?post=19919"}],"version-history":[{"count":1,"href":"https:\/\/noticiasal.com.mx\/index.php\/wp-json\/wp\/v2\/posts\/19919\/revisions"}],"predecessor-version":[{"id":19922,"href":"https:\/\/noticiasal.com.mx\/index.php\/wp-json\/wp\/v2\/posts\/19919\/revisions\/19922"}],"wp:featuredmedia":[{"embeddable":true,"href":"https:\/\/noticiasal.com.mx\/index.php\/wp-json\/wp\/v2\/media\/19920"}],"wp:attachment":[{"href":"https:\/\/noticiasal.com.mx\/index.php\/wp-json\/wp\/v2\/media?parent=19919"}],"wp:term":[{"taxonomy":"category","embeddable":true,"href":"https:\/\/noticiasal.com.mx\/index.php\/wp-json\/wp\/v2\/categories?post=19919"},{"taxonomy":"post_tag","embeddable":true,"href":"https:\/\/noticiasal.com.mx\/index.php\/wp-json\/wp\/v2\/tags?post=19919"}],"curies":[{"name":"wp","href":"https:\/\/api.w.org\/{rel}","templated":true}]}}