{"id":19939,"date":"2026-04-08T00:24:10","date_gmt":"2026-04-08T00:24:10","guid":{"rendered":"https:\/\/noticiasal.com.mx\/?p=19939"},"modified":"2026-04-08T00:24:10","modified_gmt":"2026-04-08T00:24:10","slug":"los-microbios-constructores-y-recicladores-de-ecosistemas","status":"publish","type":"post","link":"https:\/\/noticiasal.com.mx\/index.php\/2026\/04\/08\/los-microbios-constructores-y-recicladores-de-ecosistemas\/","title":{"rendered":"Los microbios, constructores y recicladores de ecosistemas"},"content":{"rendered":"<ul>\n<li data-leveltext=\"\uf0b7\" data-font=\"Symbol\" data-listid=\"2\" data-list-defn-props=\"{&quot;335552541&quot;:1,&quot;335559685&quot;:720,&quot;335559991&quot;:360,&quot;469769226&quot;:&quot;Symbol&quot;,&quot;469769242&quot;:[8226],&quot;469777803&quot;:&quot;left&quot;,&quot;469777804&quot;:&quot;\uf0b7&quot;,&quot;469777815&quot;:&quot;hybridMultilevel&quot;}\" data-aria-posinset=\"1\" data-aria-level=\"1\"><i><span data-contrast=\"auto\">No necesariamente son da\u00f1inos, afirm\u00f3 el acad\u00e9mico Mauricio\u00a0Andrade Marcial<\/span><\/i><span data-ccp-props=\"{&quot;201341983&quot;:0,&quot;335559739&quot;:0,&quot;335559740&quot;:240}\">\u00a0<\/span><\/li>\n<li data-leveltext=\"\uf0b7\" data-font=\"Symbol\" data-listid=\"2\" data-list-defn-props=\"{&quot;335552541&quot;:1,&quot;335559685&quot;:720,&quot;335559991&quot;:360,&quot;469769226&quot;:&quot;Symbol&quot;,&quot;469769242&quot;:[8226],&quot;469777803&quot;:&quot;left&quot;,&quot;469777804&quot;:&quot;\uf0b7&quot;,&quot;469777815&quot;:&quot;hybridMultilevel&quot;}\" data-aria-posinset=\"1\" data-aria-level=\"1\"><i><span data-contrast=\"auto\">Particip\u00f3 en\u00a0S\u00e1bados\u00a0en la Ciencia, programa de la\u00a0Universidad Veracruzana\u00a0que\u00a0acerca el conocimiento a\u00a0las familias y\u00a0a la\u00a0sociedad en general<\/span><\/i><span data-ccp-props=\"{&quot;201341983&quot;:0,&quot;335559739&quot;:0,&quot;335559740&quot;:240}\">\u00a0<\/span><\/li>\n<\/ul>\n<p><span data-contrast=\"auto\">\u201cLos seres humanos habitamos en un ambiente\u00a0dominado por los microbios, los cuales\u00a0no necesariamente son da\u00f1inos,\u00a0sino que\u00a0tambi\u00e9n\u00a0aportan\u00a0beneficios al\u00a0actuar como aut\u00e9nticos\u00a0dise\u00f1adores, constructores y recicladores de ecosistemas\u201d,\u00a0expres\u00f3\u00a0Mauricio\u00a0Andrade Marcial, docente de las facultades de Biolog\u00eda y Ciencias Agr\u00edcolas de\u00a0la Universidad Veracruzana (UV).<\/span><span data-ccp-props=\"{&quot;201341983&quot;:0,&quot;335559739&quot;:0,&quot;335559740&quot;:240}\">\u00a0<\/span><\/p>\n<p><span data-contrast=\"auto\">Ante un nutrido grupo de asistentes que se dieron cita en el auditorio del Museo de Antropolog\u00eda de Xalapa (MAX), el acad\u00e9mico imparti\u00f3 el\u00a0taller \u201cTerr\u00edcolas microsc\u00f3picos: los ingenieros invisibles\u201d, como parte de las actividades del programa\u00a0S\u00e1bados\u00a0en la Ciencia.<\/span><span data-ccp-props=\"{&quot;201341983&quot;:0,&quot;335559731&quot;:708,&quot;335559739&quot;:0,&quot;335559740&quot;:240}\">\u00a0<\/span><\/p>\n<p><span data-contrast=\"auto\">En el marco de la estrategia impulsada por la Direcci\u00f3n General de Investigaciones\u00a0(DGI)\u00a0de esta casa de estudios,\u00a0se\u00f1al\u00f3 que por sus aportaciones\u00a0les asign\u00f3\u00a0a los microbios\u00a0el mote de \u201cingenieros invisibles\u201d, dada\u00a0su funci\u00f3n vital para sostener el equilibrio ambiental y la vida cotidiana.<\/span><span data-ccp-props=\"{&quot;201341983&quot;:0,&quot;335559731&quot;:708,&quot;335559739&quot;:0,&quot;335559740&quot;:240}\">\u00a0<\/span><\/p>\n<p>N<span data-contrast=\"auto\">i\u00f1as, ni\u00f1os, adolescentes y padres de familia\u00a0fueron guiados\u00a0por Andrade Marcial,\u00a0a trav\u00e9s de\u00a0una experiencia din\u00e1mica que inici\u00f3 con una\u00a0charla introductoria y concluy\u00f3 con ejercicios pr\u00e1cticos y l\u00fadicos para\u00a0comprender mejor el entorno celular que nos rodea.<\/span><span data-ccp-props=\"{&quot;201341983&quot;:0,&quot;335559731&quot;:708,&quot;335559739&quot;:0,&quot;335559740&quot;:240}\">\u00a0<\/span><\/p>\n<p><span data-contrast=\"auto\">Explic\u00f3 que la propuesta interactiva surgi\u00f3 como\u00a0una iniciativa de sus alumnos, motivados por la idea de\u00a0acercar a las infancias y a sus familias a un mundo fascinante que\u00a0suele permanecer oculto al ojo humano.<\/span><span data-ccp-props=\"{&quot;201341983&quot;:0,&quot;335559731&quot;:708,&quot;335559739&quot;:0,&quot;335559740&quot;:240}\">\u00a0<\/span><\/p>\n<p><img loading=\"lazy\" decoding=\"async\" class=\"blazy aligncenter wp-image-19940 size-full\" src=\"https:\/\/noticiasal.com.mx\/wp-content\/themes\/news\/assets\/images\/picture_placeholder_list.jpg\" data-src=\"https:\/\/noticiasal.com.mx\/wp-content\/uploads\/2026\/04\/images-1.jpg\" alt=\"\" width=\"300\" height=\"168\" \/><noscript><img loading=\"lazy\" decoding=\"async\" class=\"aligncenter wp-image-19940 size-full\" src=\"https:\/\/noticiasal.com.mx\/wp-content\/uploads\/2026\/04\/images-1.jpg\" alt=\"\" width=\"300\" height=\"168\" \/><\/noscript><\/p>\n<p><span data-contrast=\"auto\">Mencion\u00f3 que,\u00a0aunque los microorganismos se encuentran\u00a0presentes en pr\u00e1cticamente cualquier superficie, alimento u objeto\u00a0com\u00fan, el taller decidi\u00f3 enfocarse espec\u00edficamente en el ecosistema\u00a0del suelo, con la intenci\u00f3n de despertar la curiosidad de los\u00a0infantes\u00a0mediante materiales sencillos como plastilina o\u00a0fomi,\u00a0para moldear las\u00a0figuras de las bacterias, complementado con juegos que involucraron\u00a0la participaci\u00f3n activa de los adultos.<\/span><span data-ccp-props=\"{&quot;201341983&quot;:0,&quot;335559731&quot;:708,&quot;335559739&quot;:0,&quot;335559740&quot;:240}\">\u00a0<\/span><\/p>\n<p><span data-contrast=\"auto\">Mauricio Andrade destac\u00f3 que estas jornadas son cruciales porque incentivan las\u00a0vocaciones cient\u00edficas desde edades muy tempranas en infancias que\u00a0muchas veces desconocen por completo el tema.<\/span><span data-ccp-props=\"{&quot;201341983&quot;:0,&quot;335559731&quot;:708,&quot;335559739&quot;:0,&quot;335559740&quot;:240}\">\u00a0<\/span><\/p>\n<p><span data-contrast=\"auto\">El acad\u00e9mico comparti\u00f3 que tras acudir a escuelas de Xalapa y\u00a0sus alrededores, docentes suelen reportar el asombro de los alumnos\u00a0al adentrarse de manera interactiva en la ciencia.<\/span><span data-ccp-props=\"{&quot;201341983&quot;:0,&quot;335559731&quot;:708,&quot;335559739&quot;:0,&quot;335559740&quot;:240}\">\u00a0<\/span><\/p>\n<p><span data-contrast=\"auto\">Subray\u00f3 que este tipo de esfuerzos no se limitan de manera\u00a0exclusiva a la agenda del\u00a0programa de divulgaci\u00f3n, ya que\u00a0cada\u00a0semestre vincula sus experiencias educativas con\u00a0salidas a comunidades.<\/span><span data-ccp-props=\"{&quot;201341983&quot;:0,&quot;335559731&quot;:708,&quot;335559739&quot;:0,&quot;335559740&quot;:240}\">\u00a0<\/span><\/p>\n<p><span data-contrast=\"auto\">Como parte de las materias que imparte en Biolog\u00eda y Ciencias\u00a0Agr\u00edcolas, se organiza con sus alumnos para visitar\u00a0escuelas de educaci\u00f3n b\u00e1sica de la regi\u00f3n, y de manera l\u00fadica y\u00a0sencilla\u00a0explican\u00a0la importancia de las plantas,\u00a0el cuidado del agua y la trascendencia de los microorganismos en la\u00a0vida humana.<\/span><span data-ccp-props=\"{&quot;201341983&quot;:0,&quot;335559731&quot;:708,&quot;335559739&quot;:0,&quot;335559740&quot;:240}\">\u00a0<\/span><\/p>\n<p><span data-contrast=\"auto\">S\u00e1bados en la Ciencia,\u00a0estrategia de promoci\u00f3n y difusi\u00f3n de la ciencia\u00a0que desde hace poco m\u00e1s de 40\u00a0a\u00f1os imparte la\u00a0DGI,\u00a0mantiene una respuesta de p\u00fablico bastante nutrida que oscila entre los 30 y 40 ni\u00f1os y ni\u00f1as\u00a0acompa\u00f1ados de sus padres, quienes interact\u00faan\u00a0en todo momento\u00a0resolviendo dudas y participando en las din\u00e1micas.<\/span><\/p>\n<p><a href=\"https:\/\/www.uv.mx\/prensa\/general\/los-microbios-constructores-y-recicladores-de-ecosistemas\/\" target=\"_blank\" rel=\"noopener\">UV.mx<\/a><\/p>\n","protected":false},"excerpt":{"rendered":"<p>No necesariamente son da\u00f1inos, afirm\u00f3 el acad\u00e9mico Mauricio\u00a0Andrade Marcial\u00a0 Particip\u00f3 en\u00a0S\u00e1bados\u00a0en la Ciencia, programa de la\u00a0Universidad Veracruzana\u00a0que\u00a0acerca el conocimiento a\u00a0las familias y\u00a0a la\u00a0sociedad en general\u00a0 \u201cLos seres humanos habitamos en un ambiente\u00a0dominado por los microbios, los cuales\u00a0no necesariamente son da\u00f1inos,\u00a0sino que\u00a0tambi\u00e9n\u00a0aportan\u00a0beneficios al\u00a0actuar como aut\u00e9nticos\u00a0dise\u00f1adores, constructores y recicladores de ecosistemas\u201d,\u00a0expres\u00f3\u00a0Mauricio\u00a0Andrade Marcial, docente de las facultades de [&hellip;]<\/p>\n","protected":false},"author":9,"featured_media":19941,"comment_status":"open","ping_status":"closed","sticky":false,"template":"","format":"standard","meta":{"footnotes":""},"categories":[148],"tags":[591,1485,1486],"class_list":["post-19939","post","type-post","status-publish","format-standard","has-post-thumbnail","hentry","category-mexico","tag-investigacion","tag-microbios","tag-universidad-veracruzana"],"_links":{"self":[{"href":"https:\/\/noticiasal.com.mx\/index.php\/wp-json\/wp\/v2\/posts\/19939"}],"collection":[{"href":"https:\/\/noticiasal.com.mx\/index.php\/wp-json\/wp\/v2\/posts"}],"about":[{"href":"https:\/\/noticiasal.com.mx\/index.php\/wp-json\/wp\/v2\/types\/post"}],"author":[{"embeddable":true,"href":"https:\/\/noticiasal.com.mx\/index.php\/wp-json\/wp\/v2\/users\/9"}],"replies":[{"embeddable":true,"href":"https:\/\/noticiasal.com.mx\/index.php\/wp-json\/wp\/v2\/comments?post=19939"}],"version-history":[{"count":1,"href":"https:\/\/noticiasal.com.mx\/index.php\/wp-json\/wp\/v2\/posts\/19939\/revisions"}],"predecessor-version":[{"id":19942,"href":"https:\/\/noticiasal.com.mx\/index.php\/wp-json\/wp\/v2\/posts\/19939\/revisions\/19942"}],"wp:featuredmedia":[{"embeddable":true,"href":"https:\/\/noticiasal.com.mx\/index.php\/wp-json\/wp\/v2\/media\/19941"}],"wp:attachment":[{"href":"https:\/\/noticiasal.com.mx\/index.php\/wp-json\/wp\/v2\/media?parent=19939"}],"wp:term":[{"taxonomy":"category","embeddable":true,"href":"https:\/\/noticiasal.com.mx\/index.php\/wp-json\/wp\/v2\/categories?post=19939"},{"taxonomy":"post_tag","embeddable":true,"href":"https:\/\/noticiasal.com.mx\/index.php\/wp-json\/wp\/v2\/tags?post=19939"}],"curies":[{"name":"wp","href":"https:\/\/api.w.org\/{rel}","templated":true}]}}