{"id":19943,"date":"2026-04-08T20:02:48","date_gmt":"2026-04-08T20:02:48","guid":{"rendered":"https:\/\/noticiasal.com.mx\/?p=19943"},"modified":"2026-04-08T20:02:48","modified_gmt":"2026-04-08T20:02:48","slug":"ezequiel-pena-llama-a-respetar-el-traje-de-charro-como-simbolo-de-identidad-mexicana","status":"publish","type":"post","link":"https:\/\/noticiasal.com.mx\/index.php\/2026\/04\/08\/ezequiel-pena-llama-a-respetar-el-traje-de-charro-como-simbolo-de-identidad-mexicana\/","title":{"rendered":"Ezequiel Pe\u00f1a llama a respetar el traje de charro como s\u00edmbolo de identidad mexicana"},"content":{"rendered":"<ul>\n<li data-start=\"250\" data-end=\"469\">El cantante <span class=\"hover:entity-accent entity-underline inline cursor-pointer align-baseline\"><span class=\"whitespace-normal\">Ezequiel Pe\u00f1a<\/span><\/span> aprovech\u00f3 un reciente encuentro con medios para hacer un llamado a preservar y respetar uno de los \u00edconos m\u00e1s representativos de la cultura mexicana: el traje de charro.<\/li>\n<\/ul>\n<p data-start=\"471\" data-end=\"719\">Durante una entrevista en el programa <span class=\"hover:entity-accent entity-underline inline cursor-pointer align-baseline\"><span class=\"whitespace-normal\">Hoy D\u00eda<\/span><\/span>, retomada por <span class=\"hover:entity-accent entity-underline inline cursor-pointer align-baseline\"><span class=\"whitespace-normal\">Telemundo<\/span><\/span>, el int\u00e9rprete expres\u00f3 su preocupaci\u00f3n por el uso inadecuado de esta vestimenta tradicional dentro del \u00e1mbito art\u00edstico.<\/p>\n<blockquote>\n<p data-start=\"721\" data-end=\"918\">\u201cVestirse de charro es vestirse de M\u00e9xico\u201d, se\u00f1al\u00f3 el cantante, subrayando que no se trata \u00fanicamente de una elecci\u00f3n est\u00e9tica, sino de un s\u00edmbolo cargado de historia, identidad y orgullo nacional.<\/p>\n<\/blockquote>\n<p data-start=\"920\" data-end=\"1166\">Pe\u00f1a destac\u00f3 que el traje de charro representa valores profundamente arraigados en la cultura mexicana, por lo que consider\u00f3 fundamental que quienes lo porten \u2014especialmente figuras p\u00fablicas\u2014 lo hagan con respeto y conocimiento de su significado.<\/p>\n<p data-start=\"1168\" data-end=\"1455\">El artista tambi\u00e9n extendi\u00f3 su mensaje a las nuevas generaciones de m\u00fasicos, a quienes invit\u00f3 a honrar las tradiciones que han dado forma a la m\u00fasica regional mexicana, sin perder de vista la responsabilidad cultural que implica representarlas en escenarios nacionales e internacionales.<\/p>\n<p data-start=\"1457\" data-end=\"1665\">Esta postura se suma a una conversaci\u00f3n m\u00e1s amplia sobre la apropiaci\u00f3n y preservaci\u00f3n de los s\u00edmbolos tradicionales, en un contexto donde la m\u00fasica regional contin\u00faa evolucionando y ganando presencia global.<\/p>\n","protected":false},"excerpt":{"rendered":"<p>El cantante Ezequiel Pe\u00f1a aprovech\u00f3 un reciente encuentro con medios para hacer un llamado a preservar y respetar uno de los \u00edconos m\u00e1s representativos de la cultura mexicana: el traje de charro. Durante una entrevista en el programa Hoy D\u00eda, retomada por Telemundo, el int\u00e9rprete expres\u00f3 su preocupaci\u00f3n por el uso inadecuado de esta vestimenta [&hellip;]<\/p>\n","protected":false},"author":25,"featured_media":19944,"comment_status":"open","ping_status":"closed","sticky":false,"template":"","format":"standard","meta":{"footnotes":""},"categories":[148],"tags":[1488,1487],"class_list":["post-19943","post","type-post","status-publish","format-standard","has-post-thumbnail","hentry","category-mexico","tag-ezequiel-pena","tag-traje-de-charro"],"_links":{"self":[{"href":"https:\/\/noticiasal.com.mx\/index.php\/wp-json\/wp\/v2\/posts\/19943"}],"collection":[{"href":"https:\/\/noticiasal.com.mx\/index.php\/wp-json\/wp\/v2\/posts"}],"about":[{"href":"https:\/\/noticiasal.com.mx\/index.php\/wp-json\/wp\/v2\/types\/post"}],"author":[{"embeddable":true,"href":"https:\/\/noticiasal.com.mx\/index.php\/wp-json\/wp\/v2\/users\/25"}],"replies":[{"embeddable":true,"href":"https:\/\/noticiasal.com.mx\/index.php\/wp-json\/wp\/v2\/comments?post=19943"}],"version-history":[{"count":1,"href":"https:\/\/noticiasal.com.mx\/index.php\/wp-json\/wp\/v2\/posts\/19943\/revisions"}],"predecessor-version":[{"id":19945,"href":"https:\/\/noticiasal.com.mx\/index.php\/wp-json\/wp\/v2\/posts\/19943\/revisions\/19945"}],"wp:featuredmedia":[{"embeddable":true,"href":"https:\/\/noticiasal.com.mx\/index.php\/wp-json\/wp\/v2\/media\/19944"}],"wp:attachment":[{"href":"https:\/\/noticiasal.com.mx\/index.php\/wp-json\/wp\/v2\/media?parent=19943"}],"wp:term":[{"taxonomy":"category","embeddable":true,"href":"https:\/\/noticiasal.com.mx\/index.php\/wp-json\/wp\/v2\/categories?post=19943"},{"taxonomy":"post_tag","embeddable":true,"href":"https:\/\/noticiasal.com.mx\/index.php\/wp-json\/wp\/v2\/tags?post=19943"}],"curies":[{"name":"wp","href":"https:\/\/api.w.org\/{rel}","templated":true}]}}