{"id":19946,"date":"2026-04-08T18:57:49","date_gmt":"2026-04-08T18:57:49","guid":{"rendered":"https:\/\/noticiasal.com.mx\/?p=19946"},"modified":"2026-04-08T18:57:49","modified_gmt":"2026-04-08T18:57:49","slug":"entre-piales-y-manganas-hay-2-palabras-que-te-abriran-muchas-puertas-tire-y-empuje","status":"publish","type":"post","link":"https:\/\/noticiasal.com.mx\/index.php\/2026\/04\/08\/entre-piales-y-manganas-hay-2-palabras-que-te-abriran-muchas-puertas-tire-y-empuje\/","title":{"rendered":"Entre Piales y Manganas: Hay 2 palabras que te abrir\u00e1n muchas puertas: \u201cTire y Empuje\u00bb"},"content":{"rendered":"<ul>\n<li><strong>La historia del Abuelo Charro<\/strong><\/li>\n<\/ul>\n<p><strong>Don Rom\u00e1rico Castro Ram\u00edrez<\/strong>, tuvo a bien escribir este relato, el cual se me hizo muy interesante y como tal se los transmito. &#8211; Un ni\u00f1o charro a caballo, a su abuelo preguntaba \u201cAbuelo, \u00bfc\u00f3mo empezaron los charros y la charreada? El abuelo que era un sabio y al nieto daba consejos, le dijo, viene de herencia y nos llega de muy lejos. Los espa\u00f1oles trajeron a estas tierras los caballos, y los trajeron retintos, colorados, alazanes y los bayos.<\/p>\n<p>A Puebla lleg\u00f3 un gallego, que el transporte fue su oficio, un amansador experto, Don Sebasti\u00e1n de Aparicio. Por la dignidad humana, en vez de abusar de esclavos a los toros y a caballos, les ense\u00f1aba a amansarlos.<\/p>\n<p>Empresario y hacendado, dio origen a la arrier\u00eda, antecedente importante de lo que hoy es charrer\u00eda. Desde iniciar la Colonia, trabajaban los arrieros, luego fueron los rancheros, los cuerudos y los payos.<\/p>\n<p>Por cuerudo fue \u201cchinaco\u201d, por usar gamuza y cuero, despu\u00e9s le llamaron charro, por su traje y su sombrero. A los de Salamanca en Espa\u00f1a, charros le dec\u00edan en vasco, quer\u00eda decir recargado, no era un t\u00e9rmino en tarasco.<\/p>\n<p>La vestimenta y arreos, cubr\u00edan sus necesidades, todo ten\u00eda una raz\u00f3n, no eran solo necedades. Silla c\u00f3moda y segura, de elementos naturales, el cueraje de vaqueta y el fuste, horqueta de \u00e1rboles.<\/p>\n<p>Lo comentaba un se\u00f1or y lo repet\u00eda un chamaco, con la lanza y con el lazo, era un experto el chinaco. El chinaco de gamuza y cuero viste, por ser ropa de trabajo y ser tela que resiste.<\/p>\n<blockquote><p>El sombrero de ala ancha, proteg\u00eda del sol y la lluvia, y en caso de un accidente, tambi\u00e9n pod\u00eda prevenir que una esposa fuera viuda.<\/p><\/blockquote>\n<p><img loading=\"lazy\" decoding=\"async\" class=\"blazy aligncenter wp-image-19947 \" src=\"https:\/\/noticiasal.com.mx\/wp-content\/themes\/news\/assets\/images\/picture_placeholder_list.jpg\" data-src=\"https:\/\/noticiasal.com.mx\/wp-content\/uploads\/2026\/04\/ChatGPT-Image-7-abr-2026-06_49_08-p.m.png\" alt=\"\" width=\"713\" height=\"713\" \/><noscript><img loading=\"lazy\" decoding=\"async\" class=\"aligncenter wp-image-19947 \" src=\"https:\/\/noticiasal.com.mx\/wp-content\/uploads\/2026\/04\/ChatGPT-Image-7-abr-2026-06_49_08-p.m.png\" alt=\"\" width=\"713\" height=\"713\" srcset=\"https:\/\/noticiasal.com.mx\/wp-content\/uploads\/2026\/04\/ChatGPT-Image-7-abr-2026-06_49_08-p.m.png 1024w, https:\/\/noticiasal.com.mx\/wp-content\/uploads\/2026\/04\/ChatGPT-Image-7-abr-2026-06_49_08-p.m-300x300.png 300w, https:\/\/noticiasal.com.mx\/wp-content\/uploads\/2026\/04\/ChatGPT-Image-7-abr-2026-06_49_08-p.m-150x150.png 150w, https:\/\/noticiasal.com.mx\/wp-content\/uploads\/2026\/04\/ChatGPT-Image-7-abr-2026-06_49_08-p.m-768x768.png 768w, https:\/\/noticiasal.com.mx\/wp-content\/uploads\/2026\/04\/ChatGPT-Image-7-abr-2026-06_49_08-p.m-65x65.png 65w\" sizes=\"(max-width: 713px) 100vw, 713px\" \/><\/noscript><\/p>\n<p>La vestimenta y arreos, eran para trabajar y andar entre los bre\u00f1ales, pero artesanos hicieron de utensilios de trabajo, verdaderas obras de arte.<\/p>\n<p>El jinete en el trabajo, requer\u00eda de protecci\u00f3n, por eso las chaparreras, se hicieron obligaci\u00f3n. Para comunicarle al caballo, cualquier orden necesaria, se usaban freno y espuelas, por tradici\u00f3n legendaria.<\/p>\n<p>Tambi\u00e9n para comunicarse, como por escrito carta, en la montura el cuartero, siempre deb\u00eda llevar cuarta. As\u00ed mismo sol\u00edan poner, j\u00e1quima y ronderillo, por si llegaba a tronarse, la rienda o el cabrestillo.<\/p>\n<p>De mal gusto y poco charro, se ve\u00eda al pecho pretal, aunque siempre hab\u00eda evitado, azotar como costal. Los machetes y las reatas, siempre estaban en monturas, facilitaban labores y evitaban sepulturas.<\/p>\n<p>Pistolas y carabinas proteg\u00edan el pundonor, no se usaban sin raz\u00f3n, ni guardaban sin honor. Era bonito cuidar, que el ajuar hiciera juego, se hizo regla y tradici\u00f3n, no era capricho de viejo. Al inicio era trabajo, solo por obligaci\u00f3n, despu\u00e9s se hizo convivencia, competencia y diversi\u00f3n.<\/p>\n<p>Despu\u00e9s de escucharlo todo, el nieto quedaba absorto, imagin\u00e1ndose escenas, como cuando le contaba un cuento. Luego de la explicaci\u00f3n, guard\u00f3 silencio el abuelo, contemplando al nieto charro, mir\u00e1ndolo con consuelo, pensando para s\u00ed mismo, \u201cque bueno verte a caballo y bien vestido de charro antes que me llame el cielo\u201d.<\/p>\n<p>El nieto muy abusado, pronto comprendi\u00f3 el mensaje, y al abuelo le exclam\u00f3: \u201cque honor seguir tu linaje,\u201d Ahora que ya me has contado, todo el origen del charro, siento que m\u00e1s me encari\u00f1o, de este arte tan bizarro.<\/p>\n<p>Hoy puedo comprender que haber sido mexicano, es un honor recibido, pero ser familia de un charro privilegio inmerecido.<\/p>\n<p>Quiero calar gara\u00f1\u00f3n, puesto en mano en partidero, metiendo patas en punta, como arrendaba un arriero.<\/p>\n<p>Quiero aprender a lazar, y como t\u00fa lo hac\u00edas antes, con reata chorrear los piales, quemando el fuste y los guantes.<\/p>\n<p>Quiero colear a los toros, como el Marqu\u00e9s en la hacienda, saludando, remachando y derribando de redonda.<\/p>\n<p>Quiero jinetear a un toro, con tentemozo y cencerro, para que repare fuerte, lo mismo en lienzo que en cerro.<\/p>\n<p>A un toro quiero lazarlo, floreando lazos modernos, con un lazo pescuecero y si puedo, puros cuernos.<\/p>\n<p>Quiero tirar buenos piales, floreando de estribo a estribo, con remates verijeros, pial del loro, gavilanes o del viento.<\/p>\n<p>Jinetear a un potro bruto, como lo hac\u00edan los chinacos con el gusto y el valor, que es propio de los muchachos.<\/p>\n<p>Y tambi\u00e9n quiero lazar, muchas yeguas en manganas, haciendo giro en resortes, espejo y varias pasadas, con remates bigotones, de m\u00e1scaras y rodadas.<\/p>\n<p>Manganear bien a caballo, en un cuaco que est\u00e9 quieto, para lazar muy a gusto, al palomino y al prieto.<\/p>\n<p>En la puerta del caj\u00f3n, esperar la yegua en suerte, y solo en cuarto de vuelta, hacer paso de la muerte.<\/p>\n<p>Quiero ser charro completo y charrear en los congresos, aunque me queme la soga, las manos hasta los huesos. Pero tambi\u00e9n quiero ser, caballero con valores,<\/p>\n<p>respetando el traje charro, lo mismo dentro del lienzo, que estando en otros lugares.\u00a0 Ser charro que ve en su Dios, al Supremo Caporal, y en la Virgen ve a su Reina, Capitana Espiritual.<\/p>\n<p>Que a su patria y a familia, las respeta y sabe amar, no solo es bueno en manganas, o solo sabe colear.<\/p>\n<p>Gracias abuelo querido, por ense\u00f1arme a ser hombre, por ser caballero charro y a demostrarlo en la vida, no a serlo solo en el lienzo, o a s\u00f3lo serlo de nombre.<\/p>\n<p><img loading=\"lazy\" decoding=\"async\" class=\"blazy alignnone wp-image-19949 \" src=\"https:\/\/noticiasal.com.mx\/wp-content\/themes\/news\/assets\/images\/picture_placeholder_list.jpg\" data-src=\"https:\/\/noticiasal.com.mx\/wp-content\/uploads\/2026\/04\/Coleadero.jpg\" alt=\"\" width=\"658\" height=\"440\" \/><noscript><img loading=\"lazy\" decoding=\"async\" class=\"alignnone wp-image-19949 \" src=\"https:\/\/noticiasal.com.mx\/wp-content\/uploads\/2026\/04\/Coleadero.jpg\" alt=\"\" width=\"658\" height=\"440\" srcset=\"https:\/\/noticiasal.com.mx\/wp-content\/uploads\/2026\/04\/Coleadero.jpg 1200w, https:\/\/noticiasal.com.mx\/wp-content\/uploads\/2026\/04\/Coleadero-300x201.jpg 300w, https:\/\/noticiasal.com.mx\/wp-content\/uploads\/2026\/04\/Coleadero-1024x684.jpg 1024w, https:\/\/noticiasal.com.mx\/wp-content\/uploads\/2026\/04\/Coleadero-768x513.jpg 768w\" sizes=\"(max-width: 658px) 100vw, 658px\" \/><\/noscript> <img loading=\"lazy\" decoding=\"async\" class=\"blazy alignnone wp-image-19948 \" src=\"https:\/\/noticiasal.com.mx\/wp-content\/themes\/news\/assets\/images\/picture_placeholder_list.jpg\" data-src=\"https:\/\/noticiasal.com.mx\/wp-content\/uploads\/2026\/04\/YEGUA.jpg\" alt=\"\" width=\"368\" height=\"442\" \/><noscript><img loading=\"lazy\" decoding=\"async\" class=\"alignnone wp-image-19948 \" src=\"https:\/\/noticiasal.com.mx\/wp-content\/uploads\/2026\/04\/YEGUA.jpg\" alt=\"\" width=\"368\" height=\"442\" srcset=\"https:\/\/noticiasal.com.mx\/wp-content\/uploads\/2026\/04\/YEGUA.jpg 800w, https:\/\/noticiasal.com.mx\/wp-content\/uploads\/2026\/04\/YEGUA-249x300.jpg 249w, https:\/\/noticiasal.com.mx\/wp-content\/uploads\/2026\/04\/YEGUA-768x924.jpg 768w\" sizes=\"(max-width: 368px) 100vw, 368px\" \/><\/noscript><\/p>\n<p>&nbsp;<\/p>\n","protected":false},"excerpt":{"rendered":"<p>La historia del Abuelo Charro Don Rom\u00e1rico Castro Ram\u00edrez, tuvo a bien escribir este relato, el cual se me hizo muy interesante y como tal se los transmito. &#8211; Un ni\u00f1o charro a caballo, a su abuelo preguntaba \u201cAbuelo, \u00bfc\u00f3mo empezaron los charros y la charreada? El abuelo que era un sabio y al nieto [&hellip;]<\/p>\n","protected":false},"author":3,"featured_media":19947,"comment_status":"open","ping_status":"closed","sticky":false,"template":"","format":"standard","meta":{"footnotes":""},"categories":[157,153],"tags":[556,1489,228],"class_list":["post-19946","post","type-post","status-publish","format-standard","has-post-thumbnail","hentry","category-charreria","category-opinion","tag-adan-leyva-avalos","tag-don-romarico-castro-ramirez","tag-entre-piales-y-manganas"],"_links":{"self":[{"href":"https:\/\/noticiasal.com.mx\/index.php\/wp-json\/wp\/v2\/posts\/19946"}],"collection":[{"href":"https:\/\/noticiasal.com.mx\/index.php\/wp-json\/wp\/v2\/posts"}],"about":[{"href":"https:\/\/noticiasal.com.mx\/index.php\/wp-json\/wp\/v2\/types\/post"}],"author":[{"embeddable":true,"href":"https:\/\/noticiasal.com.mx\/index.php\/wp-json\/wp\/v2\/users\/3"}],"replies":[{"embeddable":true,"href":"https:\/\/noticiasal.com.mx\/index.php\/wp-json\/wp\/v2\/comments?post=19946"}],"version-history":[{"count":1,"href":"https:\/\/noticiasal.com.mx\/index.php\/wp-json\/wp\/v2\/posts\/19946\/revisions"}],"predecessor-version":[{"id":19950,"href":"https:\/\/noticiasal.com.mx\/index.php\/wp-json\/wp\/v2\/posts\/19946\/revisions\/19950"}],"wp:featuredmedia":[{"embeddable":true,"href":"https:\/\/noticiasal.com.mx\/index.php\/wp-json\/wp\/v2\/media\/19947"}],"wp:attachment":[{"href":"https:\/\/noticiasal.com.mx\/index.php\/wp-json\/wp\/v2\/media?parent=19946"}],"wp:term":[{"taxonomy":"category","embeddable":true,"href":"https:\/\/noticiasal.com.mx\/index.php\/wp-json\/wp\/v2\/categories?post=19946"},{"taxonomy":"post_tag","embeddable":true,"href":"https:\/\/noticiasal.com.mx\/index.php\/wp-json\/wp\/v2\/tags?post=19946"}],"curies":[{"name":"wp","href":"https:\/\/api.w.org\/{rel}","templated":true}]}}