{"id":19951,"date":"2026-04-08T01:09:48","date_gmt":"2026-04-08T01:09:48","guid":{"rendered":"https:\/\/noticiasal.com.mx\/?p=19951"},"modified":"2026-04-08T01:09:48","modified_gmt":"2026-04-08T01:09:48","slug":"localizan-con-vida-a-segundo-trabajador-de-la-mina-santa-fe-en-sinaloa","status":"publish","type":"post","link":"https:\/\/noticiasal.com.mx\/index.php\/2026\/04\/08\/localizan-con-vida-a-segundo-trabajador-de-la-mina-santa-fe-en-sinaloa\/","title":{"rendered":"Localizan Con Vida A Segundo Trabajador De La Mina Santa Fe, En Sinaloa"},"content":{"rendered":"<ul>\n<li>El Comando Unificado, encargado de coordinar las operaciones de b\u00fasqueda y rescate en la Mina Santa Fe, ubicada en el municipio El Rosario, Sinaloa, informa lo siguiente:<\/li>\n<\/ul>\n<p>A las 13:50 horas (local) de este martes 7 de abril tras m\u00e1s de 312 horas de trabajo ininterrumpido, las brigadas de rescate localizaron con vida a Francisco Zapata N\u00e1jera de 42 a\u00f1os, originario de Papasquiaro, Durango.<\/p>\n<blockquote><p>De inmediato se activaron los protocolos para la extracci\u00f3n segura del trabajador.<\/p><\/blockquote>\n<p><img loading=\"lazy\" decoding=\"async\" class=\"blazy alignnone size-medium wp-image-19953\" src=\"https:\/\/noticiasal.com.mx\/wp-content\/themes\/news\/assets\/images\/picture_placeholder_list.jpg\" data-src=\"https:\/\/noticiasal.com.mx\/wp-content\/uploads\/2026\/04\/HFT_YgGbIAAFjMP-300x225.jpg\" alt=\"\" width=\"300\" height=\"225\" \/><noscript><img loading=\"lazy\" decoding=\"async\" class=\"alignnone size-medium wp-image-19953\" src=\"https:\/\/noticiasal.com.mx\/wp-content\/uploads\/2026\/04\/HFT_YgGbIAAFjMP-300x225.jpg\" alt=\"\" width=\"300\" height=\"225\" srcset=\"https:\/\/noticiasal.com.mx\/wp-content\/uploads\/2026\/04\/HFT_YgGbIAAFjMP-300x225.jpg 300w, https:\/\/noticiasal.com.mx\/wp-content\/uploads\/2026\/04\/HFT_YgGbIAAFjMP-1024x768.jpg 1024w, https:\/\/noticiasal.com.mx\/wp-content\/uploads\/2026\/04\/HFT_YgGbIAAFjMP-768x576.jpg 768w, https:\/\/noticiasal.com.mx\/wp-content\/uploads\/2026\/04\/HFT_YgGbIAAFjMP-1536x1152.jpg 1536w, https:\/\/noticiasal.com.mx\/wp-content\/uploads\/2026\/04\/HFT_YgGbIAAFjMP-360x270.jpg 360w, https:\/\/noticiasal.com.mx\/wp-content\/uploads\/2026\/04\/HFT_YgGbIAAFjMP.jpg 1600w\" sizes=\"(max-width: 300px) 100vw, 300px\" \/><\/noscript><\/p>\n","protected":false},"excerpt":{"rendered":"<p>El Comando Unificado, encargado de coordinar las operaciones de b\u00fasqueda y rescate en la Mina Santa Fe, ubicada en el municipio El Rosario, Sinaloa, informa lo siguiente: A las 13:50 horas (local) de este martes 7 de abril tras m\u00e1s de 312 horas de trabajo ininterrumpido, las brigadas de rescate localizaron con vida a Francisco [&hellip;]<\/p>\n","protected":false},"author":9,"featured_media":19952,"comment_status":"open","ping_status":"closed","sticky":false,"template":"","format":"standard","meta":{"footnotes":""},"categories":[154],"tags":[1490,207,1492,1491],"class_list":["post-19951","post","type-post","status-publish","format-standard","has-post-thumbnail","hentry","category-jalisco","tag-mina-sinaloa","tag-pcjalisco","tag-rescte","tag-usar"],"_links":{"self":[{"href":"https:\/\/noticiasal.com.mx\/index.php\/wp-json\/wp\/v2\/posts\/19951"}],"collection":[{"href":"https:\/\/noticiasal.com.mx\/index.php\/wp-json\/wp\/v2\/posts"}],"about":[{"href":"https:\/\/noticiasal.com.mx\/index.php\/wp-json\/wp\/v2\/types\/post"}],"author":[{"embeddable":true,"href":"https:\/\/noticiasal.com.mx\/index.php\/wp-json\/wp\/v2\/users\/9"}],"replies":[{"embeddable":true,"href":"https:\/\/noticiasal.com.mx\/index.php\/wp-json\/wp\/v2\/comments?post=19951"}],"version-history":[{"count":1,"href":"https:\/\/noticiasal.com.mx\/index.php\/wp-json\/wp\/v2\/posts\/19951\/revisions"}],"predecessor-version":[{"id":19954,"href":"https:\/\/noticiasal.com.mx\/index.php\/wp-json\/wp\/v2\/posts\/19951\/revisions\/19954"}],"wp:featuredmedia":[{"embeddable":true,"href":"https:\/\/noticiasal.com.mx\/index.php\/wp-json\/wp\/v2\/media\/19952"}],"wp:attachment":[{"href":"https:\/\/noticiasal.com.mx\/index.php\/wp-json\/wp\/v2\/media?parent=19951"}],"wp:term":[{"taxonomy":"category","embeddable":true,"href":"https:\/\/noticiasal.com.mx\/index.php\/wp-json\/wp\/v2\/categories?post=19951"},{"taxonomy":"post_tag","embeddable":true,"href":"https:\/\/noticiasal.com.mx\/index.php\/wp-json\/wp\/v2\/tags?post=19951"}],"curies":[{"name":"wp","href":"https:\/\/api.w.org\/{rel}","templated":true}]}}