{"id":19960,"date":"2026-04-08T21:13:50","date_gmt":"2026-04-08T21:13:50","guid":{"rendered":"https:\/\/noticiasal.com.mx\/?p=19960"},"modified":"2026-04-09T16:25:04","modified_gmt":"2026-04-09T16:25:04","slug":"puerto-vallarta-recibira-por-primera-vez-a-tres-majestuosos-cruceros-en-abril","status":"publish","type":"post","link":"https:\/\/noticiasal.com.mx\/index.php\/2026\/04\/08\/puerto-vallarta-recibira-por-primera-vez-a-tres-majestuosos-cruceros-en-abril\/","title":{"rendered":"Puerto Vallarta recibir\u00e1 por primera vez a tres majestuosos cruceros, en viaje inaugural"},"content":{"rendered":"<p data-start=\"83\" data-end=\"324\">Puerto Vallarta reafirma su posicionamiento como uno de los destinos tur\u00edsticos m\u00e1s importantes del Pac\u00edfico mexicano con la llegada de destacadas embarcaciones internacionales que tocar\u00e1n por primera vez este puerto durante el mes de abril.<\/p>\n<p data-start=\"326\" data-end=\"664\">De acuerdo con el calendario oficial de arribos, se tienen programadas un total de 26 escalas, luego de que el crucero Disney Magic cancelara su visita debido a problemas t\u00e9cnicos. A pesar de ello, la agenda portuaria mantiene una intensa actividad que contribuir\u00e1 a fortalecer la econom\u00eda local y la proyecci\u00f3n internacional del destino.<\/p>\n<p data-start=\"666\" data-end=\"1054\">Entre los acontecimientos m\u00e1s relevantes destaca la llegada inaugural de tres imponentes buques: el <span class=\"hover:entity-accent entity-underline inline cursor-pointer align-baseline\"><span class=\"whitespace-normal\">Brilliant Lady<\/span><\/span>, el elegante <span class=\"hover:entity-accent entity-underline inline cursor-pointer align-baseline\"><span class=\"whitespace-normal\">Queen Elizabeth<\/span><\/span> y el moderno <span class=\"hover:entity-accent entity-underline inline cursor-pointer align-baseline\"><span class=\"whitespace-normal\">Star Seeker<\/span><\/span>. Estas embarcaciones tocar\u00e1n por primera vez tierras vallartenses, marcando un hecho hist\u00f3rico para el puerto y la industria tur\u00edstica de la regi\u00f3n.<\/p>\n<p data-start=\"1056\" data-end=\"1431\">La visita de estos cruceros representa una oportunidad significativa para mostrar al mundo la riqueza cultural, gastron\u00f3mica y natural de la regi\u00f3n, as\u00ed como la calidad de los servicios que distinguen a este destino jalisciense. Comerciantes, prestadores de servicios y autoridades locales se preparan para brindar una c\u00e1lida bienvenida a miles de visitantes internacionales.<\/p>\n<p data-start=\"1433\" data-end=\"1670\">Con entusiasmo y hospitalidad, la ciudad se alista para hacer de su estancia una experiencia inolvidable. Puerto Vallarta se unir\u00e1 para convertir su visita en un encuentro memorable, consolid\u00e1ndose como un referente del turismo mar\u00edtimo.<\/p>\n<p data-start=\"1433\" data-end=\"1670\"><img loading=\"lazy\" decoding=\"async\" class=\"blazy aligncenter wp-image-19961 size-full\" src=\"https:\/\/noticiasal.com.mx\/wp-content\/themes\/news\/assets\/images\/picture_placeholder_list.jpg\" data-src=\"https:\/\/noticiasal.com.mx\/wp-content\/uploads\/2026\/04\/659213547_5237318856500685_8598702406037577630_n.jpg\" alt=\"\" width=\"1280\" height=\"720\" \/><noscript><img loading=\"lazy\" decoding=\"async\" class=\"aligncenter wp-image-19961 size-full\" src=\"https:\/\/noticiasal.com.mx\/wp-content\/uploads\/2026\/04\/659213547_5237318856500685_8598702406037577630_n.jpg\" alt=\"\" width=\"1280\" height=\"720\" srcset=\"https:\/\/noticiasal.com.mx\/wp-content\/uploads\/2026\/04\/659213547_5237318856500685_8598702406037577630_n.jpg 1280w, https:\/\/noticiasal.com.mx\/wp-content\/uploads\/2026\/04\/659213547_5237318856500685_8598702406037577630_n-300x169.jpg 300w, https:\/\/noticiasal.com.mx\/wp-content\/uploads\/2026\/04\/659213547_5237318856500685_8598702406037577630_n-1024x576.jpg 1024w, https:\/\/noticiasal.com.mx\/wp-content\/uploads\/2026\/04\/659213547_5237318856500685_8598702406037577630_n-768x432.jpg 768w\" sizes=\"(max-width: 1280px) 100vw, 1280px\" \/><\/noscript><\/p>\n","protected":false},"excerpt":{"rendered":"<p>Puerto Vallarta reafirma su posicionamiento como uno de los destinos tur\u00edsticos m\u00e1s importantes del Pac\u00edfico mexicano con la llegada de destacadas embarcaciones internacionales que tocar\u00e1n por primera vez este puerto durante el mes de abril. De acuerdo con el calendario oficial de arribos, se tienen programadas un total de 26 escalas, luego de que el [&hellip;]<\/p>\n","protected":false},"author":25,"featured_media":19962,"comment_status":"open","ping_status":"closed","sticky":false,"template":"","format":"standard","meta":{"footnotes":""},"categories":[158,164],"tags":[1216,1171,1494,189],"class_list":["post-19960","post","type-post","status-publish","format-standard","has-post-thumbnail","hentry","category-region","category-turismo","tag-asipona-pv","tag-navios","tag-puerto-vallart","tag-turismo"],"_links":{"self":[{"href":"https:\/\/noticiasal.com.mx\/index.php\/wp-json\/wp\/v2\/posts\/19960"}],"collection":[{"href":"https:\/\/noticiasal.com.mx\/index.php\/wp-json\/wp\/v2\/posts"}],"about":[{"href":"https:\/\/noticiasal.com.mx\/index.php\/wp-json\/wp\/v2\/types\/post"}],"author":[{"embeddable":true,"href":"https:\/\/noticiasal.com.mx\/index.php\/wp-json\/wp\/v2\/users\/25"}],"replies":[{"embeddable":true,"href":"https:\/\/noticiasal.com.mx\/index.php\/wp-json\/wp\/v2\/comments?post=19960"}],"version-history":[{"count":4,"href":"https:\/\/noticiasal.com.mx\/index.php\/wp-json\/wp\/v2\/posts\/19960\/revisions"}],"predecessor-version":[{"id":19966,"href":"https:\/\/noticiasal.com.mx\/index.php\/wp-json\/wp\/v2\/posts\/19960\/revisions\/19966"}],"wp:featuredmedia":[{"embeddable":true,"href":"https:\/\/noticiasal.com.mx\/index.php\/wp-json\/wp\/v2\/media\/19962"}],"wp:attachment":[{"href":"https:\/\/noticiasal.com.mx\/index.php\/wp-json\/wp\/v2\/media?parent=19960"}],"wp:term":[{"taxonomy":"category","embeddable":true,"href":"https:\/\/noticiasal.com.mx\/index.php\/wp-json\/wp\/v2\/categories?post=19960"},{"taxonomy":"post_tag","embeddable":true,"href":"https:\/\/noticiasal.com.mx\/index.php\/wp-json\/wp\/v2\/tags?post=19960"}],"curies":[{"name":"wp","href":"https:\/\/api.w.org\/{rel}","templated":true}]}}