{"id":20083,"date":"2026-04-17T13:35:19","date_gmt":"2026-04-17T13:35:19","guid":{"rendered":"https:\/\/noticiasal.com.mx\/?p=20083"},"modified":"2026-04-17T13:35:19","modified_gmt":"2026-04-17T13:35:19","slug":"djokovic-confirmo-su-baja-del-madrid-open-no-podre-competir-estoy-continuando-con-mi-recuperacion","status":"publish","type":"post","link":"https:\/\/noticiasal.com.mx\/index.php\/2026\/04\/17\/djokovic-confirmo-su-baja-del-madrid-open-no-podre-competir-estoy-continuando-con-mi-recuperacion\/","title":{"rendered":"Djokovic confirm\u00f3 su baja del Madrid Open: \u00abNo podr\u00e9 competir, estoy continuando con mi recuperaci\u00f3n"},"content":{"rendered":"<ul>\n<li>\u00a1\u00daltima hora!\u00a0<strong>Novak Djokovic (4\u00b0 del ranking mundial) confirm\u00f3 en sus redes sociales que no jugar\u00e1 el Madrid Open<\/strong>.<\/li>\n<li>\u00a0Tras haber puesto en duda su presencia, finalmente el serbio decidi\u00f3 no decir presente en la Caja M\u00e1gica: \u00ab<em>Madrid, lamentablemente no podr\u00e9 competir en el Mutua Madrid Open este a\u00f1o. Estoy continuando mi recuperaci\u00f3n para volver pronto. \u00a1Hasta pronto!<\/em>\u00ab.<\/li>\n<\/ul>\n<p>As\u00ed lo hizo oficial el 24 veces camp\u00e9on de Grand Slam, que supo consagrarse en el certamen madrile\u00f1o en tres ocasiones: 2011, 2016 y 2019.\u00a0<strong>Djokovic buscar\u00e1 llegar en las mejores condiciones f\u00edsicas a Roland Garros<\/strong>, segundo Grand Slam de la temporada y donde deber\u00e1 defender lo hecho en 2025, cuando lleg\u00f3 a semifinales.<\/p>\n<p>En lo que va de 2026,\u00a0<strong>el oriundo de Belgrado lleva jugados un total de nueve partidos, repartidos en siete victorias y dos derrotas<\/strong>: finalista en el Australian Open (Carlos Alcaraz) y octavos de final en Indian Wells (Jack Draper).<\/p>\n<p>El certamen en la Caja M\u00e1gica espa\u00f1ola comenzar\u00e1 el pr\u00f3ximo lunes 21 de abril. Adem\u00e1s de la baja de Djokovic, no est\u00e1n confirmadas las presencias de Jannik Sinner (1\u00b0), quien se est\u00e1 recuperando f\u00edsicamente tras el t\u00edtulo en Montecarlo, y de Alcaraz (2\u00b0), que se lesion\u00f3 recientemente la mu\u00f1eca en Barcelona.<\/p>\n<p><a href=\"https:\/\/espndeportes.espn.com\/tenis\/nota\/_\/id\/16586065\/la-buena-noticia-que-recibio-el-tenis-argentino-luego-de-la-baja-de-djokovic-del-madrid-open-tirante-comesana\" target=\"_blank\" rel=\"noopener\">ESPN<\/a><\/p>\n","protected":false},"excerpt":{"rendered":"<p>\u00a1\u00daltima hora!\u00a0Novak Djokovic (4\u00b0 del ranking mundial) confirm\u00f3 en sus redes sociales que no jugar\u00e1 el Madrid Open. \u00a0Tras haber puesto en duda su presencia, finalmente el serbio decidi\u00f3 no decir presente en la Caja M\u00e1gica: \u00abMadrid, lamentablemente no podr\u00e9 competir en el Mutua Madrid Open este a\u00f1o. Estoy continuando mi recuperaci\u00f3n para volver pronto. [&hellip;]<\/p>\n","protected":false},"author":9,"featured_media":20084,"comment_status":"open","ping_status":"closed","sticky":false,"template":"","format":"standard","meta":{"footnotes":""},"categories":[1],"tags":[1516,441,440],"class_list":["post-20083","post","type-post","status-publish","format-standard","has-post-thumbnail","hentry","category-uncategorized","tag-mutua-madrid-open","tag-novak-djokovic","tag-tenis"],"_links":{"self":[{"href":"https:\/\/noticiasal.com.mx\/index.php\/wp-json\/wp\/v2\/posts\/20083"}],"collection":[{"href":"https:\/\/noticiasal.com.mx\/index.php\/wp-json\/wp\/v2\/posts"}],"about":[{"href":"https:\/\/noticiasal.com.mx\/index.php\/wp-json\/wp\/v2\/types\/post"}],"author":[{"embeddable":true,"href":"https:\/\/noticiasal.com.mx\/index.php\/wp-json\/wp\/v2\/users\/9"}],"replies":[{"embeddable":true,"href":"https:\/\/noticiasal.com.mx\/index.php\/wp-json\/wp\/v2\/comments?post=20083"}],"version-history":[{"count":1,"href":"https:\/\/noticiasal.com.mx\/index.php\/wp-json\/wp\/v2\/posts\/20083\/revisions"}],"predecessor-version":[{"id":20085,"href":"https:\/\/noticiasal.com.mx\/index.php\/wp-json\/wp\/v2\/posts\/20083\/revisions\/20085"}],"wp:featuredmedia":[{"embeddable":true,"href":"https:\/\/noticiasal.com.mx\/index.php\/wp-json\/wp\/v2\/media\/20084"}],"wp:attachment":[{"href":"https:\/\/noticiasal.com.mx\/index.php\/wp-json\/wp\/v2\/media?parent=20083"}],"wp:term":[{"taxonomy":"category","embeddable":true,"href":"https:\/\/noticiasal.com.mx\/index.php\/wp-json\/wp\/v2\/categories?post=20083"},{"taxonomy":"post_tag","embeddable":true,"href":"https:\/\/noticiasal.com.mx\/index.php\/wp-json\/wp\/v2\/tags?post=20083"}],"curies":[{"name":"wp","href":"https:\/\/api.w.org\/{rel}","templated":true}]}}