{"id":20095,"date":"2026-04-18T15:56:31","date_gmt":"2026-04-18T15:56:31","guid":{"rendered":"https:\/\/noticiasal.com.mx\/?p=20095"},"modified":"2026-04-18T16:00:47","modified_gmt":"2026-04-18T16:00:47","slug":"entre-piales-y-manganas-yo-siempre-traigo-lo-que-ocupo-y-para-mis-amigos-tambien","status":"publish","type":"post","link":"https:\/\/noticiasal.com.mx\/index.php\/2026\/04\/18\/entre-piales-y-manganas-yo-siempre-traigo-lo-que-ocupo-y-para-mis-amigos-tambien\/","title":{"rendered":"Entre Piales y Manganas: \u00a0 \u201cYo siempre traigo lo que ocupo y para mis amigos tambi\u00e9n\u00bb  \u00a0"},"content":{"rendered":"<ul>\n<li><strong>Falleci\u00f3 don Humberto \u201cEl G\u00fcero\u201d Anaya Seimandi<\/strong><\/li>\n<\/ul>\n<p>Esta semana pas\u00f3 a acompa\u00f1ar al Supremo Caporal, don Humberto \u201cEl G\u00fcero\u201d Anaya Seimandi, originario de Mascota, Jalisco, quien naci\u00f3 un 4 de octubre de 1944. Sus padres fueron Manuel S. Anaya S\u00e1nchez y Ana Mar\u00eda Seimandi Ram\u00edrez; tuvo 10 hermanos m\u00e1s, familia numerosa como en aquellos a\u00f1os.<\/p>\n<p>Nos platica su hija Arcelia, que termin\u00f3 su primaria y a partir de ah\u00ed, se dedic\u00f3 a trabajar las tierras de su padre, al igual que otros de sus hermanos. Tuvo una infancia dif\u00edcil, pero siempre fue un ni\u00f1o de coraz\u00f3n alegre y gran ser humano. Toda su vida ayud\u00f3 al pr\u00f3jimo y su familia fue su motor.<\/p>\n<p>Su pasi\u00f3n fueron siempre los caballos, desde peque\u00f1o fue un gran vaquero y vivi\u00f3 muchas aventuras con algunos de ellos, como con \u201cEl Chivo\u201d, uno de sus favoritos, que al igual que \u00e9l, era aventurero y arrojado.<\/p>\n<p>Lleg\u00f3 a Vallarta despu\u00e9s de haber trabajado en los Estados Unidos y de aqu\u00ed jam\u00e1s se fue. Adopt\u00f3 el puerto como suyo y aqu\u00ed inici\u00f3 una bella familia con su amad\u00edsima y bella esposa, la Sra. Arcelia Robles Villalvazo, quien es hija de Alejandro Robles y Mar\u00eda de la Luz Villalvazo. Procrearon tres bellas mujeres Arcelia, Erika y Wendy.<\/p>\n<figure id=\"attachment_20100\" aria-describedby=\"caption-attachment-20100\" style=\"width: 518px\" class=\"wp-caption aligncenter\"><img loading=\"lazy\" decoding=\"async\" class=\"blazy wp-image-20100 size-full\" src=\"https:\/\/noticiasal.com.mx\/wp-content\/themes\/news\/assets\/images\/picture_placeholder_list.jpg\" data-src=\"https:\/\/noticiasal.com.mx\/wp-content\/uploads\/2026\/04\/Buen-ganado.jpg\" alt=\"\" width=\"518\" height=\"346\" \/><figcaption id=\"caption-attachment-20100\" class=\"wp-caption-text\"><noscript><img loading=\"lazy\" decoding=\"async\" class=\"wp-image-20100 size-full\" src=\"https:\/\/noticiasal.com.mx\/wp-content\/uploads\/2026\/04\/Buen-ganado.jpg\" alt=\"\" width=\"518\" height=\"346\" srcset=\"https:\/\/noticiasal.com.mx\/wp-content\/uploads\/2026\/04\/Buen-ganado.jpg 518w, https:\/\/noticiasal.com.mx\/wp-content\/uploads\/2026\/04\/Buen-ganado-300x200.jpg 300w\" sizes=\"(max-width: 518px) 100vw, 518px\" \/><\/noscript> Buen ganado se debe de emplear en el Estatal Zona Costa de Nayarit para este domingo, hay que hacer puntos\u2026<\/figcaption><\/figure>\n<p><img loading=\"lazy\" decoding=\"async\" class=\"blazy alignnone wp-image-20097\" src=\"https:\/\/noticiasal.com.mx\/wp-content\/themes\/news\/assets\/images\/picture_placeholder_list.jpg\" data-src=\"https:\/\/noticiasal.com.mx\/wp-content\/uploads\/2026\/04\/Humberto-Anaya-S.-de-charro_page-0002-215x300.jpg\" alt=\"\" width=\"267\" height=\"373\" \/><noscript><img loading=\"lazy\" decoding=\"async\" class=\"alignnone wp-image-20097\" src=\"https:\/\/noticiasal.com.mx\/wp-content\/uploads\/2026\/04\/Humberto-Anaya-S.-de-charro_page-0002-215x300.jpg\" alt=\"\" width=\"267\" height=\"373\" srcset=\"https:\/\/noticiasal.com.mx\/wp-content\/uploads\/2026\/04\/Humberto-Anaya-S.-de-charro_page-0002-215x300.jpg 215w, https:\/\/noticiasal.com.mx\/wp-content\/uploads\/2026\/04\/Humberto-Anaya-S.-de-charro_page-0002-732x1024.jpg 732w, https:\/\/noticiasal.com.mx\/wp-content\/uploads\/2026\/04\/Humberto-Anaya-S.-de-charro_page-0002-768x1074.jpg 768w, https:\/\/noticiasal.com.mx\/wp-content\/uploads\/2026\/04\/Humberto-Anaya-S.-de-charro_page-0002-1098x1536.jpg 1098w, https:\/\/noticiasal.com.mx\/wp-content\/uploads\/2026\/04\/Humberto-Anaya-S.-de-charro_page-0002.jpg 1240w\" sizes=\"(max-width: 267px) 100vw, 267px\" \/><\/noscript> <img loading=\"lazy\" decoding=\"async\" class=\"blazy  wp-image-20098 alignleft\" src=\"https:\/\/noticiasal.com.mx\/wp-content\/themes\/news\/assets\/images\/picture_placeholder_list.jpg\" data-src=\"https:\/\/noticiasal.com.mx\/wp-content\/uploads\/2026\/04\/Humberto-Anaya-S.-de-charro_page-0003-229x300.jpg\" alt=\"\" width=\"287\" height=\"376\" \/><noscript><img loading=\"lazy\" decoding=\"async\" class=\" wp-image-20098 alignleft\" src=\"https:\/\/noticiasal.com.mx\/wp-content\/uploads\/2026\/04\/Humberto-Anaya-S.-de-charro_page-0003-229x300.jpg\" alt=\"\" width=\"287\" height=\"376\" srcset=\"https:\/\/noticiasal.com.mx\/wp-content\/uploads\/2026\/04\/Humberto-Anaya-S.-de-charro_page-0003-229x300.jpg 229w, https:\/\/noticiasal.com.mx\/wp-content\/uploads\/2026\/04\/Humberto-Anaya-S.-de-charro_page-0003-783x1024.jpg 783w, https:\/\/noticiasal.com.mx\/wp-content\/uploads\/2026\/04\/Humberto-Anaya-S.-de-charro_page-0003-768x1004.jpg 768w, https:\/\/noticiasal.com.mx\/wp-content\/uploads\/2026\/04\/Humberto-Anaya-S.-de-charro_page-0003-1175x1536.jpg 1175w, https:\/\/noticiasal.com.mx\/wp-content\/uploads\/2026\/04\/Humberto-Anaya-S.-de-charro_page-0003.jpg 1240w\" sizes=\"(max-width: 287px) 100vw, 287px\" \/><\/noscript> <img loading=\"lazy\" decoding=\"async\" class=\"blazy  wp-image-20099 alignleft\" src=\"https:\/\/noticiasal.com.mx\/wp-content\/themes\/news\/assets\/images\/picture_placeholder_list.jpg\" data-src=\"https:\/\/noticiasal.com.mx\/wp-content\/uploads\/2026\/04\/Humberto-Anaya-S.-de-charro_page-0004-215x300.jpg\" alt=\"\" width=\"262\" height=\"366\" \/><noscript><img loading=\"lazy\" decoding=\"async\" class=\" wp-image-20099 alignleft\" src=\"https:\/\/noticiasal.com.mx\/wp-content\/uploads\/2026\/04\/Humberto-Anaya-S.-de-charro_page-0004-215x300.jpg\" alt=\"\" width=\"262\" height=\"366\" srcset=\"https:\/\/noticiasal.com.mx\/wp-content\/uploads\/2026\/04\/Humberto-Anaya-S.-de-charro_page-0004-215x300.jpg 215w, https:\/\/noticiasal.com.mx\/wp-content\/uploads\/2026\/04\/Humberto-Anaya-S.-de-charro_page-0004-735x1024.jpg 735w, https:\/\/noticiasal.com.mx\/wp-content\/uploads\/2026\/04\/Humberto-Anaya-S.-de-charro_page-0004-768x1070.jpg 768w, https:\/\/noticiasal.com.mx\/wp-content\/uploads\/2026\/04\/Humberto-Anaya-S.-de-charro_page-0004-1102x1536.jpg 1102w, https:\/\/noticiasal.com.mx\/wp-content\/uploads\/2026\/04\/Humberto-Anaya-S.-de-charro_page-0004.jpg 1240w\" sizes=\"(max-width: 262px) 100vw, 262px\" \/><\/noscript><\/p>\n<p>&nbsp;<\/p>\n<p>&nbsp;<\/p>\n<p>Trabaj\u00f3 como gerente de una exportadora de mangos con Ben London, despu\u00e9s labor\u00f3 para la Secretar\u00eda de Salud, en el Seapal Vallarta con el Ingeniero Juan de Dios de la Torre, quien lo apreciaba mucho, pues era de su pueblo favorito. Trabaj\u00f3 en la fruter\u00eda \u201cEl Viejo Jorge\u201d y despu\u00e9s abri\u00f3 una fruter\u00eda en El Pitillal. El \u201cG\u00fcero\u201d Anaya siempre fue un hombre leal, de palabra, buen amigo, dicharachero y sobre todo amiguero.<\/p>\n<p>Siempre con una sonrisa en los labios, voz de trueno, pero con palabra sincera y de aprecio. Sus dichos eran acertados cada que los comentaba y a la gente le encantaban, al igual que sus \u00abcharritas\u00bb, an\u00e9cdotas propias o ajenas, pero que contaba con humor.<\/p>\n<blockquote><p>Le encantaba cantar y escuchar mariachi, siempre la m\u00fasica fue su compa\u00f1era de vida, y a sus nietos los motivaba a cantar con \u00e9l y lo acompa\u00f1aban gustosos.<\/p><\/blockquote>\n<p>Sus amigos charros don Guillermo de Anda, don Manuel Joya, \u201cPillo\u201d Palomera, \u201cMillo\u201d \u00c1valos, Crisanto Mora, Carlos \u201cChapetes\u201d Preciado, don Pancho L\u00f3pez, su compadre Picur\u00edn, Ezequiel \u201cCheque\u201d Covarrubias y tantos m\u00e1s. Fiel a m\u00e1s no poder, siempre estuvo en la asociaci\u00f3n La Vallartense de charros, aunque las circunstancias y sus hijas<\/p>\n<p>Sus suertes favoritas eran la cala charra y los piales, en \u00e9stos \u00faltimos era en donde \u00e9l participaba y con buena mano. Su caballo de m\u00e1s estima para esa suerte charra se llamaba \u00abEl Viejo\u00bb un caballo alaz\u00e1n de hermosa crin y cola, el cual luc\u00eda hermoso en todos los desfiles charros y que ten\u00eda una gran nobleza, pero cuando era montado por \u00e9l, el cuaco mostraba su lado m\u00e1s lucidor, pues \u00e9l sab\u00eda montarlo con gran porte. Siempre tom\u00f3 la charrer\u00eda con mucho cari\u00f1o e hizo grandes e inolvidables amigos. Respetuoso, de gran coraz\u00f3n, amigo leal y enamorado de su familia, as\u00ed lo recordaremos por siempre.<\/p>\n<p>&nbsp;<\/p>\n<p><strong>Estatal nayarita en San Jos\u00e9 del Valle<\/strong><\/p>\n<p>Pasando a lo terrenal, para este domingo tenemos ya en puerta, el Campeonato Estatal Oficial y anual de la Zona Costa de Nayarit. Nos comenta H\u00e9ctor \u201cPel\u00f3n\u201d Gonz\u00e1lez, que ser\u00e1n tres charreadas en el lienzo Riviera Nayarit de San Jos\u00e9 del Valle, iniciando a las 12 del d\u00eda con los equipos Rancho La Noria y Charros del Valle de Banderas, acompa\u00f1ados con la escaramuza Rancho La Palmira. A las 03:30 de la tarde, estar\u00e1n los equipos Alazanes de Bucer\u00edas, Hermanos Ram\u00edrez y Rancho La Quinta y por la tarde, entrar\u00e1n Charros de San Jos\u00e9 del Valle, el equipo Purrulum de Charros de Sayulita y la escaramuza del Rancho La Quinta y hay que aclarar que las escaramuzas estar\u00e1n s\u00f3lo de exhibici\u00f3n, luego les daremos la fecha de participaci\u00f3n de ellas.<\/p>\n<p>&nbsp;<\/p>\n<p><strong>Campeonato Nacional: del 8 de octubre al 1 de noviembre<\/strong><\/p>\n<p>Inform\u00f3 la Federaci\u00f3n Mexicana de Charrer\u00eda que el Campeonato Nacional ser\u00e1 del 8 de octubre al 1 de noviembre del presente, o sea casi un mes de piales y manganas en la ciudad de San Luis Potos\u00ed.<\/p>\n<p>Para esta edici\u00f3n se estableci\u00f3 una participaci\u00f3n total de 171 equipos, as\u00ed como la edici\u00f3n anterior y, cumpliendo con el mandato de las asociaciones charras consultadas, resultado de un modelo de clasificaci\u00f3n que integra 128 escuadras provenientes de M\u00e9xico, 29 de los Estados Unidos de Am\u00e9rica, siendo 19 los estados con charrer\u00eda organizada y 14 equipos con pase directo derivados de su desempe\u00f1o en campeonatos oficiales y los Regionales, que vuelven una vez m\u00e1s.<\/p>\n<p>Dentro de la distribuci\u00f3n nacional, destacan por su peso hist\u00f3rico y nivel competitivo entidades como Jalisco, que contar\u00e1 con 21 equipos, Hidalgo con 10, y Zacatecas con seis, consolid\u00e1ndose como referentes en el desarrollo de la charrer\u00eda. De igual forma, la UNAM participa como entidad deportiva con un lugar asignado dentro del esquema nacional.<\/p>\n<p>El proceso clasificatorio establece que los equipos deber\u00e1n alcanzar un promedio m\u00ednimo de 290 puntos en territorio nacional y de 280 puntos en los Estados Unidos, garantizando as\u00ed un est\u00e1ndar competitivo en todas las fases.<\/p>\n<figure id=\"attachment_20100\" aria-describedby=\"caption-attachment-20100\" style=\"width: 300px\" class=\"wp-caption aligncenter\"><img loading=\"lazy\" decoding=\"async\" class=\"blazy size-medium wp-image-20100\" src=\"https:\/\/noticiasal.com.mx\/wp-content\/themes\/news\/assets\/images\/picture_placeholder_list.jpg\" data-src=\"https:\/\/noticiasal.com.mx\/wp-content\/uploads\/2026\/04\/Buen-ganado-300x200.jpg\" alt=\"\" width=\"300\" height=\"200\" \/><figcaption id=\"caption-attachment-20100\" class=\"wp-caption-text\"><noscript><img loading=\"lazy\" decoding=\"async\" class=\"size-medium wp-image-20100\" src=\"https:\/\/noticiasal.com.mx\/wp-content\/uploads\/2026\/04\/Buen-ganado-300x200.jpg\" alt=\"\" width=\"300\" height=\"200\" srcset=\"https:\/\/noticiasal.com.mx\/wp-content\/uploads\/2026\/04\/Buen-ganado-300x200.jpg 300w, https:\/\/noticiasal.com.mx\/wp-content\/uploads\/2026\/04\/Buen-ganado.jpg 518w\" sizes=\"(max-width: 300px) 100vw, 300px\" \/><\/noscript> Buen ganado se debe de emplear en el Estatal Zona Costa de Nayarit para este domingo, hay que hacer puntos\u2026<\/figcaption><\/figure>\n<p>&nbsp;<\/p>\n<p>&nbsp;<\/p>\n<p>&nbsp;<\/p>\n<p>&nbsp;<\/p>\n","protected":false},"excerpt":{"rendered":"<p>Falleci\u00f3 don Humberto \u201cEl G\u00fcero\u201d Anaya Seimandi Esta semana pas\u00f3 a acompa\u00f1ar al Supremo Caporal, don Humberto \u201cEl G\u00fcero\u201d Anaya Seimandi, originario de Mascota, Jalisco, quien naci\u00f3 un 4 de octubre de 1944. Sus padres fueron Manuel S. Anaya S\u00e1nchez y Ana Mar\u00eda Seimandi Ram\u00edrez; tuvo 10 hermanos m\u00e1s, familia numerosa como en aquellos a\u00f1os. [&hellip;]<\/p>\n","protected":false},"author":3,"featured_media":20101,"comment_status":"open","ping_status":"closed","sticky":false,"template":"","format":"standard","meta":{"footnotes":""},"categories":[157,153],"tags":[556,228,1518],"class_list":["post-20095","post","type-post","status-publish","format-standard","has-post-thumbnail","hentry","category-charreria","category-opinion","tag-adan-leyva-avalos","tag-entre-piales-y-manganas","tag-humberto-el-guero-anaya-seimandi"],"_links":{"self":[{"href":"https:\/\/noticiasal.com.mx\/index.php\/wp-json\/wp\/v2\/posts\/20095"}],"collection":[{"href":"https:\/\/noticiasal.com.mx\/index.php\/wp-json\/wp\/v2\/posts"}],"about":[{"href":"https:\/\/noticiasal.com.mx\/index.php\/wp-json\/wp\/v2\/types\/post"}],"author":[{"embeddable":true,"href":"https:\/\/noticiasal.com.mx\/index.php\/wp-json\/wp\/v2\/users\/3"}],"replies":[{"embeddable":true,"href":"https:\/\/noticiasal.com.mx\/index.php\/wp-json\/wp\/v2\/comments?post=20095"}],"version-history":[{"count":1,"href":"https:\/\/noticiasal.com.mx\/index.php\/wp-json\/wp\/v2\/posts\/20095\/revisions"}],"predecessor-version":[{"id":20102,"href":"https:\/\/noticiasal.com.mx\/index.php\/wp-json\/wp\/v2\/posts\/20095\/revisions\/20102"}],"wp:featuredmedia":[{"embeddable":true,"href":"https:\/\/noticiasal.com.mx\/index.php\/wp-json\/wp\/v2\/media\/20101"}],"wp:attachment":[{"href":"https:\/\/noticiasal.com.mx\/index.php\/wp-json\/wp\/v2\/media?parent=20095"}],"wp:term":[{"taxonomy":"category","embeddable":true,"href":"https:\/\/noticiasal.com.mx\/index.php\/wp-json\/wp\/v2\/categories?post=20095"},{"taxonomy":"post_tag","embeddable":true,"href":"https:\/\/noticiasal.com.mx\/index.php\/wp-json\/wp\/v2\/tags?post=20095"}],"curies":[{"name":"wp","href":"https:\/\/api.w.org\/{rel}","templated":true}]}}