{"id":20103,"date":"2026-04-18T18:59:16","date_gmt":"2026-04-18T18:59:16","guid":{"rendered":"https:\/\/noticiasal.com.mx\/?p=20103"},"modified":"2026-04-18T18:59:40","modified_gmt":"2026-04-18T18:59:40","slug":"karla-planter-inauguro-nueva-sede-de-escuela-de-idiomas-en-puerto-vallarta","status":"publish","type":"post","link":"https:\/\/noticiasal.com.mx\/index.php\/2026\/04\/18\/karla-planter-inauguro-nueva-sede-de-escuela-de-idiomas-en-puerto-vallarta\/","title":{"rendered":"Karla Planter inaugur\u00f3 nueva sede de Escuela de Idiomas en Puerto Vallarta"},"content":{"rendered":"<ul>\n<li>En este nuevo y moderno espacio se impartir\u00e1n clases de franc\u00e9s, ingl\u00e9s y chino mandar\u00edn<\/li>\n<\/ul>\n<p>El Centro de Idiomas de la Universidad de Guadalajara (UdeG),\u00a0<b>Proulex, realiz\u00f3 la inauguraci\u00f3n de una nueva sede, ubicada en la colonia Las Juntas en el municipio de Puerto Vallarta<\/b>, Jalisco, segunda de la regi\u00f3n y la cual comenzar\u00e1 sus clases en este mes de abril.<\/p>\n<p>El nuevo m\u00f3dulo\u00a0<b>tiene una capacidad para mil 500 alumnos, desde ni\u00f1os hasta adultos y cuenta con 12 aulas completamente equipadas y una sala de estudio<\/b>, en las que se impartir\u00e1n los idiomas espa\u00f1ol para extranjeros, ingl\u00e9s, franc\u00e9s y chino mandar\u00edn. Sin embargo, se espera que en los pr\u00f3ximos meses se pueda impartir tambi\u00e9n alem\u00e1n.<\/p>\n<blockquote><p>Frente a autoridades universitarias y municipales, la Rectora General de la UdeG,<b>\u00a0Karla Planter P\u00e9rez, celebr\u00f3 la sede 21 del Proulex<\/b>\u00a0en el estado.<\/p><\/blockquote>\n<p>\u201cEstamos haciendo un esfuerzo para replicar lo que hacemos en la Red Universitaria, acercando la educaci\u00f3n a todos, cambiando y mejorando vidas.\u00a0<b>Respondemos estrat\u00e9gicamente a una realidad que estamos viviendo, abriendo puertas a la cultura<\/b>, permitiendo entender diferentes identidades. Celebro, porque aprender cualquier idioma siempre ser\u00e1 un acierto, porque ensancha el esp\u00edritu\u201d, mencion\u00f3.<\/p>\n<p>\u201cBuscamos consolidar al municipio como uno biling\u00fce e internacional desde una perspectiva incluyente y sustentable. Gracias por su trabajo, hago votos para que esta sede sea un semillero de oportunidades nuevas\u201d, agreg\u00f3 la Rectora General.<\/p>\n<p><img loading=\"lazy\" decoding=\"async\" class=\"blazy aligncenter wp-image-20104 \" src=\"https:\/\/noticiasal.com.mx\/wp-content\/themes\/news\/assets\/images\/picture_placeholder_list.jpg\" data-src=\"https:\/\/noticiasal.com.mx\/wp-content\/uploads\/2026\/04\/img_0061-1920x1452-1.jpg\" alt=\"\" width=\"917\" height=\"693\" \/><noscript><img loading=\"lazy\" decoding=\"async\" class=\"aligncenter wp-image-20104 \" src=\"https:\/\/noticiasal.com.mx\/wp-content\/uploads\/2026\/04\/img_0061-1920x1452-1.jpg\" alt=\"\" width=\"917\" height=\"693\" srcset=\"https:\/\/noticiasal.com.mx\/wp-content\/uploads\/2026\/04\/img_0061-1920x1452-1.jpg 1920w, https:\/\/noticiasal.com.mx\/wp-content\/uploads\/2026\/04\/img_0061-1920x1452-1-300x227.jpg 300w, https:\/\/noticiasal.com.mx\/wp-content\/uploads\/2026\/04\/img_0061-1920x1452-1-1024x774.jpg 1024w, https:\/\/noticiasal.com.mx\/wp-content\/uploads\/2026\/04\/img_0061-1920x1452-1-768x581.jpg 768w, https:\/\/noticiasal.com.mx\/wp-content\/uploads\/2026\/04\/img_0061-1920x1452-1-1536x1162.jpg 1536w\" sizes=\"(max-width: 917px) 100vw, 917px\" \/><\/noscript><\/p>\n<p>Edwin Alfredo Bello Ram\u00edrez, Director General del Sistema Corporativo Proulex Colmex, destac\u00f3 que<b>\u00a0con este acontecimiento se celebra el compromiso de la UdeG con la educaci\u00f3n y la internacionalizaci\u00f3n, lo cual ha repercutido en la educaci\u00f3n de m\u00e1s de 39 mil estudiantes al a\u00f1o<\/b>\u00a0dentro del sistema Proulex.<\/p>\n<p>\u201cCon una\u00a0<b>inversi\u00f3n de 8 millones de pesos<\/b>, este espacio generar\u00e1 el conocimiento necesario para que las alumnas y alumnos desarrollen y fortalezcan su conocimiento en idiomas\u201d, a\u00f1adi\u00f3.<\/p>\n<p>David Villanueva Lomel\u00ed, coordinador de Entidades Productivas de la UdeG, dijo que este centro es una manera de beneficiar a la poblaci\u00f3n del municipio y lugares aleda\u00f1os.<\/p>\n<p>\u201c<b>Un proyecto como este cambia vidas. Le da la oportunidad a la gente de cambiar su historia y esa es la esencia de esta universidad<\/b>. Lo importante siempre ser\u00e1 el beneficio social y aqu\u00ed estar\u00e1 reflejado\u201d.<\/p>\n<p>Tras la inauguraci\u00f3n, la Rectora General, el presidente municipal de Puerto Vallarta, Luis Mungu\u00eda Gonz\u00e1lez, y la Vicerrectora Adjunta Administrativa de la UdeG, Guadalupe Cid Escobedo, participaron en clases prueba introductorias de alem\u00e1n, ingl\u00e9s y chino, acerc\u00e1ndose as\u00ed a la manera de ense\u00f1ar de Proulex y tambi\u00e9n a algunos de sus profesores.<\/p>\n<p><a href=\"https:\/\/www.gaceta.udg.mx\/karla-planter-inauguro-nueva-sede-de-proulex-en-puerto-vallarta\/\" target=\"_blank\" rel=\"noopener\">Gaceta UdeG<\/a><\/p>\n","protected":false},"excerpt":{"rendered":"<p>En este nuevo y moderno espacio se impartir\u00e1n clases de franc\u00e9s, ingl\u00e9s y chino mandar\u00edn El Centro de Idiomas de la Universidad de Guadalajara (UdeG),\u00a0Proulex, realiz\u00f3 la inauguraci\u00f3n de una nueva sede, ubicada en la colonia Las Juntas en el municipio de Puerto Vallarta, Jalisco, segunda de la regi\u00f3n y la cual comenzar\u00e1 sus clases [&hellip;]<\/p>\n","protected":false},"author":9,"featured_media":20105,"comment_status":"open","ping_status":"closed","sticky":false,"template":"","format":"standard","meta":{"footnotes":""},"categories":[159],"tags":[1519,187,592],"class_list":["post-20103","post","type-post","status-publish","format-standard","has-post-thumbnail","hentry","category-puerto-vallarta","tag-proulex","tag-puerto-vallarta","tag-u-de-g"],"_links":{"self":[{"href":"https:\/\/noticiasal.com.mx\/index.php\/wp-json\/wp\/v2\/posts\/20103"}],"collection":[{"href":"https:\/\/noticiasal.com.mx\/index.php\/wp-json\/wp\/v2\/posts"}],"about":[{"href":"https:\/\/noticiasal.com.mx\/index.php\/wp-json\/wp\/v2\/types\/post"}],"author":[{"embeddable":true,"href":"https:\/\/noticiasal.com.mx\/index.php\/wp-json\/wp\/v2\/users\/9"}],"replies":[{"embeddable":true,"href":"https:\/\/noticiasal.com.mx\/index.php\/wp-json\/wp\/v2\/comments?post=20103"}],"version-history":[{"count":2,"href":"https:\/\/noticiasal.com.mx\/index.php\/wp-json\/wp\/v2\/posts\/20103\/revisions"}],"predecessor-version":[{"id":20107,"href":"https:\/\/noticiasal.com.mx\/index.php\/wp-json\/wp\/v2\/posts\/20103\/revisions\/20107"}],"wp:featuredmedia":[{"embeddable":true,"href":"https:\/\/noticiasal.com.mx\/index.php\/wp-json\/wp\/v2\/media\/20105"}],"wp:attachment":[{"href":"https:\/\/noticiasal.com.mx\/index.php\/wp-json\/wp\/v2\/media?parent=20103"}],"wp:term":[{"taxonomy":"category","embeddable":true,"href":"https:\/\/noticiasal.com.mx\/index.php\/wp-json\/wp\/v2\/categories?post=20103"},{"taxonomy":"post_tag","embeddable":true,"href":"https:\/\/noticiasal.com.mx\/index.php\/wp-json\/wp\/v2\/tags?post=20103"}],"curies":[{"name":"wp","href":"https:\/\/api.w.org\/{rel}","templated":true}]}}