{"id":20116,"date":"2026-04-20T04:02:03","date_gmt":"2026-04-20T04:02:03","guid":{"rendered":"https:\/\/noticiasal.com.mx\/?p=20116"},"modified":"2026-04-20T04:02:03","modified_gmt":"2026-04-20T04:02:03","slug":"puerto-vallarta-se-fortalece-como-destino-turistico-con-plan-de-movilidad-impulsado-por-jalisco-y-uber","status":"publish","type":"post","link":"https:\/\/noticiasal.com.mx\/index.php\/2026\/04\/20\/puerto-vallarta-se-fortalece-como-destino-turistico-con-plan-de-movilidad-impulsado-por-jalisco-y-uber\/","title":{"rendered":"Puerto Vallarta se fortalece como destino tur\u00edstico con plan de movilidad impulsado por Jalisco y Uber"},"content":{"rendered":"<p data-start=\"108\" data-end=\"437\"><em data-start=\"108\" data-end=\"135\">Puerto Vallarta, Jalisco.<\/em>\u2013 Con el objetivo de mejorar la experiencia de visitantes y reforzar la competitividad del destino, el Gobierno del Estado de Jalisco puso en marcha un plan de movilidad tur\u00edstica que incluye a Puerto Vallarta como eje clave, en alianza estrat\u00e9gica con la empresa <span class=\"hover:entity-accent entity-underline inline cursor-pointer align-baseline\"><span class=\"whitespace-normal\">Uber<\/span><\/span>.<\/p>\n<p data-start=\"439\" data-end=\"789\">A trav\u00e9s de la Secretar\u00eda de Turismo y la Secretar\u00eda de Transporte (SETRAN), se implementar\u00e1 el programa \u201cHoy te llevamos\u201d, mediante el cual se otorgar\u00e1n 2 mil viajes gratuitos destinados tanto a turistas como a brigadas de atenci\u00f3n y emergencia en zonas estrat\u00e9gicas como <span class=\"hover:entity-accent entity-underline inline cursor-pointer align-baseline\"><span class=\"whitespace-normal\">Puerto Vallarta<\/span><\/span> y el \u00c1rea Metropolitana de Guadalajara.<\/p>\n<p data-start=\"791\" data-end=\"1020\">Esta iniciativa busca facilitar el traslado de visitantes, al tiempo que respalda la labor de personal operativo en materia de seguridad, protecci\u00f3n civil y servicios m\u00e9dicos, fortaleciendo as\u00ed la atenci\u00f3n integral en el destino.<\/p>\n<p data-start=\"1022\" data-end=\"1429\">Como parte del esquema, se distribuir\u00e1n c\u00f3digos de viaje con un valor de hasta 200 pesos cada uno, limitados a un traslado por cuenta. En caso de exceder el monto, el usuario solo deber\u00e1 cubrir la diferencia. De estos, 500 c\u00f3digos ser\u00e1n asignados directamente a Puerto Vallarta para brigadas, mientras que otros 500 se canalizar\u00e1n a hoteles del destino, con el fin de beneficiar directamente a los turistas.<\/p>\n<p data-start=\"1431\" data-end=\"1716\">Adem\u00e1s de mejorar la movilidad, el acuerdo contempla una estrategia de promoci\u00f3n tur\u00edstica que aprovechar\u00e1 los canales digitales de Uber para difundir los atractivos de Jalisco en mercados nacionales e internacionales, posicionando a Puerto Vallarta como un referente de clase mundial.<\/p>\n<p data-start=\"1718\" data-end=\"1959\">El convenio tambi\u00e9n incluye la capacitaci\u00f3n de conductoras y conductores registrados en la plataforma, quienes participar\u00e1n en programas impartidos por autoridades estatales para fortalecer la calidad del servicio y la atenci\u00f3n al visitante.<\/p>\n<blockquote>\n<p data-start=\"1961\" data-end=\"2163\" data-is-last-node=\"\" data-is-only-node=\"\">Con estas acciones, Puerto Vallarta refuerza su papel como uno de los principales destinos tur\u00edsticos del pa\u00eds, apostando por la innovaci\u00f3n en movilidad y la colaboraci\u00f3n entre sector p\u00fablico y privado.<\/p>\n<\/blockquote>\n<p data-start=\"1961\" data-end=\"2163\" data-is-last-node=\"\" data-is-only-node=\"\"><img loading=\"lazy\" decoding=\"async\" class=\"blazy aligncenter wp-image-20118 \" src=\"https:\/\/noticiasal.com.mx\/wp-content\/themes\/news\/assets\/images\/picture_placeholder_list.jpg\" data-src=\"https:\/\/noticiasal.com.mx\/wp-content\/uploads\/2026\/04\/55218244904_a7ea169fdf_k.jpg\" alt=\"\" width=\"785\" height=\"523\" \/><noscript><img loading=\"lazy\" decoding=\"async\" class=\"aligncenter wp-image-20118 \" src=\"https:\/\/noticiasal.com.mx\/wp-content\/uploads\/2026\/04\/55218244904_a7ea169fdf_k.jpg\" alt=\"\" width=\"785\" height=\"523\" srcset=\"https:\/\/noticiasal.com.mx\/wp-content\/uploads\/2026\/04\/55218244904_a7ea169fdf_k.jpg 2048w, https:\/\/noticiasal.com.mx\/wp-content\/uploads\/2026\/04\/55218244904_a7ea169fdf_k-300x200.jpg 300w, https:\/\/noticiasal.com.mx\/wp-content\/uploads\/2026\/04\/55218244904_a7ea169fdf_k-1024x683.jpg 1024w, https:\/\/noticiasal.com.mx\/wp-content\/uploads\/2026\/04\/55218244904_a7ea169fdf_k-768x512.jpg 768w, https:\/\/noticiasal.com.mx\/wp-content\/uploads\/2026\/04\/55218244904_a7ea169fdf_k-1536x1024.jpg 1536w\" sizes=\"(max-width: 785px) 100vw, 785px\" \/><\/noscript><\/p>\n","protected":false},"excerpt":{"rendered":"<p>Puerto Vallarta, Jalisco.\u2013 Con el objetivo de mejorar la experiencia de visitantes y reforzar la competitividad del destino, el Gobierno del Estado de Jalisco puso en marcha un plan de movilidad tur\u00edstica que incluye a Puerto Vallarta como eje clave, en alianza estrat\u00e9gica con la empresa Uber. A trav\u00e9s de la Secretar\u00eda de Turismo y [&hellip;]<\/p>\n","protected":false},"author":9,"featured_media":20117,"comment_status":"open","ping_status":"closed","sticky":false,"template":"","format":"standard","meta":{"footnotes":""},"categories":[164],"tags":[187,189,1523,1524],"class_list":["post-20116","post","type-post","status-publish","format-standard","has-post-thumbnail","hentry","category-turismo","tag-puerto-vallarta","tag-turismo","tag-uber","tag-viajes-gratuitos"],"_links":{"self":[{"href":"https:\/\/noticiasal.com.mx\/index.php\/wp-json\/wp\/v2\/posts\/20116"}],"collection":[{"href":"https:\/\/noticiasal.com.mx\/index.php\/wp-json\/wp\/v2\/posts"}],"about":[{"href":"https:\/\/noticiasal.com.mx\/index.php\/wp-json\/wp\/v2\/types\/post"}],"author":[{"embeddable":true,"href":"https:\/\/noticiasal.com.mx\/index.php\/wp-json\/wp\/v2\/users\/9"}],"replies":[{"embeddable":true,"href":"https:\/\/noticiasal.com.mx\/index.php\/wp-json\/wp\/v2\/comments?post=20116"}],"version-history":[{"count":1,"href":"https:\/\/noticiasal.com.mx\/index.php\/wp-json\/wp\/v2\/posts\/20116\/revisions"}],"predecessor-version":[{"id":20119,"href":"https:\/\/noticiasal.com.mx\/index.php\/wp-json\/wp\/v2\/posts\/20116\/revisions\/20119"}],"wp:featuredmedia":[{"embeddable":true,"href":"https:\/\/noticiasal.com.mx\/index.php\/wp-json\/wp\/v2\/media\/20117"}],"wp:attachment":[{"href":"https:\/\/noticiasal.com.mx\/index.php\/wp-json\/wp\/v2\/media?parent=20116"}],"wp:term":[{"taxonomy":"category","embeddable":true,"href":"https:\/\/noticiasal.com.mx\/index.php\/wp-json\/wp\/v2\/categories?post=20116"},{"taxonomy":"post_tag","embeddable":true,"href":"https:\/\/noticiasal.com.mx\/index.php\/wp-json\/wp\/v2\/tags?post=20116"}],"curies":[{"name":"wp","href":"https:\/\/api.w.org\/{rel}","templated":true}]}}