{"id":20143,"date":"2026-04-21T14:33:13","date_gmt":"2026-04-21T14:33:13","guid":{"rendered":"https:\/\/noticiasal.com.mx\/?p=20143"},"modified":"2026-04-21T14:33:13","modified_gmt":"2026-04-21T14:33:13","slug":"puerto-vallarta-downhill-free-style-2026","status":"publish","type":"post","link":"https:\/\/noticiasal.com.mx\/index.php\/2026\/04\/21\/puerto-vallarta-downhill-free-style-2026\/","title":{"rendered":"Puerto Vallarta Downhill &#038; Free Style 2026"},"content":{"rendered":"<p>El Puerto Vallarta Downhill &amp; Free Style 2026 reunir\u00e1 a la \u00e9lite del ciclismo de monta\u00f1a en un circuito urbano que combina\u00a0<em>downhill<\/em>\u00a0y\u00a0<em>freestyle<\/em>, con un trazado que atraviesa callejones, escalinatas y zonas emblem\u00e1ticas del Centro de\u00a0<strong>Puerto Vallarta<\/strong>.<\/p>\n<p>Con una asistencia estimada de 20 mil espectadores, el Puerto Vallarta Downhill &amp; Free Style 2026 reunir\u00e1 lo mejor del\u00a0<em>downhill<\/em>\u00a0y el\u00a0<em>freestyle<\/em>\u00a0en uno de los destinos m\u00e1s destacados del mundo.<\/p>\n<p>En esta edici\u00f3n, regresa con una mayor participaci\u00f3n de competidores internacionales, quienes llegar\u00e1n desde distintos pa\u00edses para protagonizar uno de los encuentros m\u00e1s esperados del a\u00f1o.<\/p>\n<p>El recorrido fue dise\u00f1ado por especialistas de talla mundial como Ollie Wilkins, Christian Fairclough y Liam Mason, quienes aportan experiencia en eventos internacionales de alto nivel. Se confirma la participaci\u00f3n de figuras como R\u00e9my M\u00e9tailler, Kilian Bron, Jhony Salido y Bienvenido Aguado.<\/p>\n<p>Las actividades del Puerto Vallarta Downhill &amp; Free Style 2026 iniciar\u00e1n el 1 de mayo con pr\u00e1cticas y reconocimiento de pista, mientras que el 2 de mayo se llevar\u00e1 a cabo la competencia principal, seguida del\u00a0<em>Best Trick<\/em>.<\/p>\n<p><iframe loading=\"lazy\" style=\"border: none; overflow: hidden;\" src=\"https:\/\/www.facebook.com\/plugins\/video.php?height=476&amp;href=https%3A%2F%2Fwww.facebook.com%2Freel%2F1966089417631531%2F&amp;show_text=false&amp;width=267&amp;t=0\" width=\"267\" height=\"476\" frameborder=\"0\" scrolling=\"no\" allowfullscreen=\"allowfullscreen\"><\/iframe><\/p>\n","protected":false},"excerpt":{"rendered":"<p>El Puerto Vallarta Downhill &amp; Free Style 2026 reunir\u00e1 a la \u00e9lite del ciclismo de monta\u00f1a en un circuito urbano que combina\u00a0downhill\u00a0y\u00a0freestyle, con un trazado que atraviesa callejones, escalinatas y zonas emblem\u00e1ticas del Centro de\u00a0Puerto Vallarta. Con una asistencia estimada de 20 mil espectadores, el Puerto Vallarta Downhill &amp; Free Style 2026 reunir\u00e1 lo mejor [&hellip;]<\/p>\n","protected":false},"author":9,"featured_media":20144,"comment_status":"open","ping_status":"closed","sticky":false,"template":"","format":"standard","meta":{"footnotes":""},"categories":[159],"tags":[1446,461,1530,187],"class_list":["post-20143","post","type-post","status-publish","format-standard","has-post-thumbnail","hentry","category-puerto-vallarta","tag-ciclismo-extremo","tag-deporte","tag-downhill-free-style","tag-puerto-vallarta"],"_links":{"self":[{"href":"https:\/\/noticiasal.com.mx\/index.php\/wp-json\/wp\/v2\/posts\/20143"}],"collection":[{"href":"https:\/\/noticiasal.com.mx\/index.php\/wp-json\/wp\/v2\/posts"}],"about":[{"href":"https:\/\/noticiasal.com.mx\/index.php\/wp-json\/wp\/v2\/types\/post"}],"author":[{"embeddable":true,"href":"https:\/\/noticiasal.com.mx\/index.php\/wp-json\/wp\/v2\/users\/9"}],"replies":[{"embeddable":true,"href":"https:\/\/noticiasal.com.mx\/index.php\/wp-json\/wp\/v2\/comments?post=20143"}],"version-history":[{"count":1,"href":"https:\/\/noticiasal.com.mx\/index.php\/wp-json\/wp\/v2\/posts\/20143\/revisions"}],"predecessor-version":[{"id":20145,"href":"https:\/\/noticiasal.com.mx\/index.php\/wp-json\/wp\/v2\/posts\/20143\/revisions\/20145"}],"wp:featuredmedia":[{"embeddable":true,"href":"https:\/\/noticiasal.com.mx\/index.php\/wp-json\/wp\/v2\/media\/20144"}],"wp:attachment":[{"href":"https:\/\/noticiasal.com.mx\/index.php\/wp-json\/wp\/v2\/media?parent=20143"}],"wp:term":[{"taxonomy":"category","embeddable":true,"href":"https:\/\/noticiasal.com.mx\/index.php\/wp-json\/wp\/v2\/categories?post=20143"},{"taxonomy":"post_tag","embeddable":true,"href":"https:\/\/noticiasal.com.mx\/index.php\/wp-json\/wp\/v2\/tags?post=20143"}],"curies":[{"name":"wp","href":"https:\/\/api.w.org\/{rel}","templated":true}]}}