{"id":20151,"date":"2026-04-21T15:14:21","date_gmt":"2026-04-21T15:14:21","guid":{"rendered":"https:\/\/noticiasal.com.mx\/?p=20151"},"modified":"2026-04-22T01:18:56","modified_gmt":"2026-04-22T01:18:56","slug":"20-festival-vallarta-azteca-del-folclor-internacional","status":"publish","type":"post","link":"https:\/\/noticiasal.com.mx\/index.php\/2026\/04\/21\/20-festival-vallarta-azteca-del-folclor-internacional\/","title":{"rendered":"20\u00b0 FESTIVAL VALLARTA AZTECA DEL FOLCLOR INTERNACIONAL"},"content":{"rendered":"<ul>\n<li><strong>Del 03 al 09 de mayo de 2026 <\/strong><strong>Puerto Vallarta, Jalisco, M\u00e9xico<\/strong><\/li>\n<\/ul>\n<p>Puerto Vallarta ser\u00e1 nuevamente escenario de una gran celebraci\u00f3n cultural con la realizaci\u00f3n del <strong>Festival Vallarta Azteca del Folclor Internacional<\/strong>, una gran fiesta de color, m\u00fasica y tradici\u00f3n, gracias a la labor del Grupo Folcl\u00f3rico Vallarta Azteca del CECyTE Jalisco quienes por <strong>veinte a\u00f1os consecutivos<\/strong> se han dado a la ardua tarea de organizar con gran compromiso y dedicaci\u00f3n este grandioso e internacional festival de danza, consolidado como uno de los m\u00e1s representativos del pa\u00eds.<\/p>\n<p>En esta edici\u00f3n participar\u00e1n agrupaciones provenientes de <strong>15 estados de la Rep\u00fablica Mexicana<\/strong> tales como Aguascalientes, Baja California, Chihuahua, Ciudad de M\u00e9xico, Guanajuato, Hidalgo, Michoac\u00e1n, Nuevo Le\u00f3n, Quer\u00e9taro, San Luis Potos\u00ed, Sinaloa, Sonora, Tlaxcala, Veracruz y, por supuesto, Jalisco. Asimismo, el festival contar\u00e1 con la presencia de delegaciones internacionales de <strong>Bolivia, Bulgaria, Colombia, Costa Rica y Letonia<\/strong>, quienes compartir\u00e1n la riqueza cultural de sus regiones a trav\u00e9s de la danza y la m\u00fasica tradicional.<\/p>\n<p>El festival se llevar\u00e1 a cabo del <strong>domingo 03 al s\u00e1bado 09 de mayo de 2026<\/strong>, teniendo como sedes principales los siguientes foros de Puerto Vallarta, Los Arcos del Malec\u00f3n, Teatro Vallarta, Centro Comercial La Isla, Plaza L\u00e1zaro C\u00e1rdenas, Universidad Tecnol\u00f3gica de Bah\u00eda de Banderas (UTBB) y el Centro Cultural La Lija<\/p>\n<p>Adem\u00e1s, las delegaciones realizar\u00e1n presentaciones en distintos municipios del estado de Jalisco, como <strong>Mascota, San Sebasti\u00e1n del Oeste, Tomatl\u00e1n y Atenguillo<\/strong>. Para mayor informaci\u00f3n sobre estas actividades, se recomienda consultar las p\u00e1ginas oficiales de cada municipio.<\/p>\n<p>El <strong>lunes 03 de mayo<\/strong>, a las <strong>10:00 a.m.<\/strong>, se llevar\u00e1 a cabo la actividad recreativa <strong>\u201cBaila Conmigo\u201d<\/strong>, en la que los grupos participantes compartir\u00e1n sus bailes representativos, invitando al p\u00fablico a integrarse y disfrutar de esta experiencia cultural.<\/p>\n<p>Posteriormente, a las <strong>10:30 a.m.<\/strong>, se inaugurar\u00e1 una <strong>exposici\u00f3n de mu\u00f1ecos con trajes t\u00edpicos tradicionales<\/strong>, representativos de M\u00e9xico y de los pa\u00edses invitados. Esta muestra podr\u00e1 visitarse de manera gratuita en la <strong>plaza central, dentro de la Presidencia Municipal<\/strong>.<\/p>\n<p>El <strong>magno desfile inaugural<\/strong> se realizar\u00e1 el mismo <strong>lunes 03 de mayo a las 6:00 p.m.<\/strong>, con la participaci\u00f3n de <strong>m\u00e1s de mil artistas<\/strong>. El recorrido iniciar\u00e1 en el terreno del <strong>IPEJAL<\/strong>, frente al Estadio <strong>Agust\u00edn Flores Contreras<\/strong>, avanzando con m\u00fasica en vivo hasta llegar a <strong>Los Arcos del Malec\u00f3n<\/strong>, donde el p\u00fablico podr\u00e1 disfrutar de las presentaciones de las delegaciones participantes.<\/p>\n<p>El <strong>jueves 07 de mayo<\/strong>, a las <strong>10:00 a.m.<\/strong>, en el plantel <strong>CECYTEJ El Pitillal<\/strong>, se desarrollar\u00e1 la actividad <strong>\u201cSembrando Paz\u201d<\/strong>, organizada por directivos y alumnos de la instituci\u00f3n. Esta iniciativa promueve la convivencia internacional, el respeto al medio ambiente y la conciencia ecol\u00f3gica mediante la siembra de arbustos y flores nativas en \u00e1reas verdes.<\/p>\n<p>La <strong>clausura oficial<\/strong> del festival se llevar\u00e1 a cabo el <strong>s\u00e1bado 09 de mayo a las 7:00 p.m.<\/strong>, en el <strong>Centro Cultural La Lija<\/strong>.<br \/>\nPara conocer los horarios detallados de cada presentaci\u00f3n, se puede consultar la p\u00e1gina oficial del <strong>Instituto Vallartense de Cultura<\/strong>:<br \/>\n<a href=\"https:\/\/www.facebook.com\/IVCultura\">https:\/\/www.facebook.com\/IVCultura<\/a><br \/>\no acudir a sus oficinas correspondientes.<\/p>\n<p><strong>Todos los eventos son de acceso gratuito.<\/strong><\/p>\n<p>Cabe destacar que el Festival Vallarta Azteca del Folclor Internacional cuenta con el <strong>aval de la Federaci\u00f3n Internacional de Festivales de Danza (FIDAF)<\/strong>.<\/p>\n<p>La realizaci\u00f3n de este evento es posible gracias al apoyo del <strong>Fideicomiso de Turismo de Puerto Vallarta<\/strong>, el <strong>H. Ayuntamiento de Puerto Vallarta<\/strong>, a trav\u00e9s de la <strong>Direcci\u00f3n de Turismo y Desarrollo Econ\u00f3mico<\/strong>, el <strong>Instituto Vallartense de Cultura<\/strong>, <strong>CECyTE Jalisco<\/strong>, el <strong>Grupo Folcl\u00f3rico Vallarta Azteca<\/strong> y la <strong>Asociaci\u00f3n Civil Festival Vallarta Azteca<\/strong>.<\/p>\n<p>El <strong>programa completo<\/strong> del festival puede consultarse en la p\u00e1gina oficial de Facebook:<br \/>\n<strong>Festival Vallarta Azteca del Folclor Internacional<\/strong><br \/>\n<a href=\"https:\/\/www.facebook.com\/FESTVA\/\">https:\/\/www.facebook.com\/FESTVA\/<\/a><\/p>\n<p>&nbsp;<\/p>\n<p>&nbsp;<\/p>\n","protected":false},"excerpt":{"rendered":"<p>Del 03 al 09 de mayo de 2026 Puerto Vallarta, Jalisco, M\u00e9xico Puerto Vallarta ser\u00e1 nuevamente escenario de una gran celebraci\u00f3n cultural con la realizaci\u00f3n del Festival Vallarta Azteca del Folclor Internacional, una gran fiesta de color, m\u00fasica y tradici\u00f3n, gracias a la labor del Grupo Folcl\u00f3rico Vallarta Azteca del CECyTE Jalisco quienes por veinte [&hellip;]<\/p>\n","protected":false},"author":3,"featured_media":20154,"comment_status":"open","ping_status":"closed","sticky":false,"template":"","format":"standard","meta":{"footnotes":""},"categories":[151,159],"tags":[1533,1532,291,886,187],"class_list":["post-20151","post","type-post","status-publish","format-standard","has-post-thumbnail","hentry","category-estilos","category-puerto-vallarta","tag-danza","tag-festival-vallarta-azteca-del-folclor-internacional","tag-festva","tag-folclor","tag-puerto-vallarta"],"_links":{"self":[{"href":"https:\/\/noticiasal.com.mx\/index.php\/wp-json\/wp\/v2\/posts\/20151"}],"collection":[{"href":"https:\/\/noticiasal.com.mx\/index.php\/wp-json\/wp\/v2\/posts"}],"about":[{"href":"https:\/\/noticiasal.com.mx\/index.php\/wp-json\/wp\/v2\/types\/post"}],"author":[{"embeddable":true,"href":"https:\/\/noticiasal.com.mx\/index.php\/wp-json\/wp\/v2\/users\/3"}],"replies":[{"embeddable":true,"href":"https:\/\/noticiasal.com.mx\/index.php\/wp-json\/wp\/v2\/comments?post=20151"}],"version-history":[{"count":1,"href":"https:\/\/noticiasal.com.mx\/index.php\/wp-json\/wp\/v2\/posts\/20151\/revisions"}],"predecessor-version":[{"id":20153,"href":"https:\/\/noticiasal.com.mx\/index.php\/wp-json\/wp\/v2\/posts\/20151\/revisions\/20153"}],"wp:featuredmedia":[{"embeddable":true,"href":"https:\/\/noticiasal.com.mx\/index.php\/wp-json\/wp\/v2\/media\/20154"}],"wp:attachment":[{"href":"https:\/\/noticiasal.com.mx\/index.php\/wp-json\/wp\/v2\/media?parent=20151"}],"wp:term":[{"taxonomy":"category","embeddable":true,"href":"https:\/\/noticiasal.com.mx\/index.php\/wp-json\/wp\/v2\/categories?post=20151"},{"taxonomy":"post_tag","embeddable":true,"href":"https:\/\/noticiasal.com.mx\/index.php\/wp-json\/wp\/v2\/tags?post=20151"}],"curies":[{"name":"wp","href":"https:\/\/api.w.org\/{rel}","templated":true}]}}