{"id":20155,"date":"2026-04-22T14:19:56","date_gmt":"2026-04-22T14:19:56","guid":{"rendered":"https:\/\/noticiasal.com.mx\/?p=20155"},"modified":"2026-04-22T14:19:56","modified_gmt":"2026-04-22T14:19:56","slug":"entre-piales-y-manganas-terco-que-se-duerme-pierde-la-discusion","status":"publish","type":"post","link":"https:\/\/noticiasal.com.mx\/index.php\/2026\/04\/22\/entre-piales-y-manganas-terco-que-se-duerme-pierde-la-discusion\/","title":{"rendered":"Entre Piales y Manganas: \u201cTerco que se duerme, pierde la discusi\u00f3n\u201d  \u00a0"},"content":{"rendered":"<ul>\n<li><strong>Valle de Banderas se coloca al frente de Nayarit, en el Campeonato Estatal <\/strong><\/li>\n<\/ul>\n<p>Los charros del Valle de Banderas, se colocaron a la cabeza de los charros que participan en el Campeonato Estatal Oficial y Anual de 2016, con miras a estar de nueva cuenta en un Congreso Nacional, que este a\u00f1o ser\u00e1 en San Luis Potos\u00ed.<\/p>\n<p>Este domingo, tal y como se los anunciamos en esta su columna, fue el evento en el lienzo charro Riviera Nayarit de San Jos\u00e9 del Valle, con la participaci\u00f3n de siete equipos y dos escaramuzas de exhibici\u00f3n y donde estuvo presente el presidente de la Uni\u00f3n estatal, MVZ Juan Reynosa Mercado.<\/p>\n<p>Los puntos que lograron anotar en la hoja oficial, fueron 330, y les sigui\u00f3 Rancho La Quinta con 233; Rancho La Noria del delegado H\u00e9ctor \u201cPel\u00f3n\u201d Gonz\u00e1lez termin\u00f3 con 207; Alazanes de Bucer\u00edas 084, Hermanos Ram\u00edrez 115, San Jos\u00e9 del Valle 147 y los Charros de Sayulita 110 unidades.<\/p>\n<p>No hubo protocolo y se aventaron r\u00e1pido las tres competencias, aunque si se extra\u00f1\u00f3 la presencia de m\u00e1s p\u00fablico, y sobre todo en el lienzo charro ese, ya que es el m\u00e1s grande de la zona y es notorio cuando lo desa\u00edran.<\/p>\n<p>Nos comenta el m\u00e9dico Juan Reynosa, que para el siguiente domingo ser\u00e1 el campeonato de la Zona Centro y habr\u00e1 tres charreadas de tres equipos en el lienzo El Dorado de Roque Gonz\u00e1lez.\u00a0 Con un gran protocolo y hasta la presentaci\u00f3n de artistas de nuestro folclor, ya veremos dijo un ciego.<\/p>\n<figure id=\"attachment_20157\" aria-describedby=\"caption-attachment-20157\" style=\"width: 723px\" class=\"wp-caption aligncenter\"><img loading=\"lazy\" decoding=\"async\" class=\"blazy wp-image-20157 \" src=\"https:\/\/noticiasal.com.mx\/wp-content\/themes\/news\/assets\/images\/picture_placeholder_list.jpg\" data-src=\"https:\/\/noticiasal.com.mx\/wp-content\/uploads\/2026\/04\/Luis-Oscar-Lopez.jpg\" alt=\"\" width=\"723\" height=\"482\" \/><figcaption id=\"caption-attachment-20157\" class=\"wp-caption-text\"><noscript><img loading=\"lazy\" decoding=\"async\" class=\"wp-image-20157 \" src=\"https:\/\/noticiasal.com.mx\/wp-content\/uploads\/2026\/04\/Luis-Oscar-Lopez.jpg\" alt=\"\" width=\"723\" height=\"482\" srcset=\"https:\/\/noticiasal.com.mx\/wp-content\/uploads\/2026\/04\/Luis-Oscar-Lopez.jpg 1296w, https:\/\/noticiasal.com.mx\/wp-content\/uploads\/2026\/04\/Luis-Oscar-Lopez-300x200.jpg 300w, https:\/\/noticiasal.com.mx\/wp-content\/uploads\/2026\/04\/Luis-Oscar-Lopez-1024x683.jpg 1024w, https:\/\/noticiasal.com.mx\/wp-content\/uploads\/2026\/04\/Luis-Oscar-Lopez-768x512.jpg 768w\" sizes=\"(max-width: 723px) 100vw, 723px\" \/><\/noscript> Luis Oscar L\u00f3pez de los alazanes de Bucer\u00edas manejando bien la soga.<\/figcaption><\/figure>\n<p><strong>Los puntos<\/strong><\/p>\n<p>En la competencia de Valle de Banderas, iniciaron con la cala de caballo de Jes\u00fas Gil Almejo, calificada por los se\u00f1ores Jueces con 29 unidades; en los piales vimos al charro adri\u00e1n Am\u00e9zquita cuajar uno de 21 y en las colas derribaron de 75 unidades, destacando Efra\u00edn Encarnaci\u00f3n con 33 tantos.<\/p>\n<p>El toro lo montar\u00eda el veterano Pancho Moreno saliendo con 15 buenos puntos y la terna la realizaron Carlos Gonz\u00e1lez y Antony Andrade con 24 y 25 puntos de lazo y pial respectivamente.<\/p>\n<p>En la potranca se le vio a Bryan Vizcarra y le aguant\u00f3 bien los reparos, d\u00e1ndolo otros 18 buenos al equipo y en las manganas a pie Andr\u00e9s Gonz\u00e1lez fall\u00f3 la primera, pero la segunda fue una \u201cbigotona\u201d de 24 y la tercera una de mascara calificada de 24, pero con tres adicionales por el tiempo ahorrado y entotal llegan a los 51. En las de a caballo, entr\u00f3 Carlos Gonz\u00e1lez y cuaj\u00f3 otras dos de 50 puntos en total, para cerrar con el paso de la muerte en los botines de Bryan Vizcarra y sus 22 tantos, por ser a la primera vuelta, llegando as\u00ed a los 330 puntos, que ya est\u00e1n hechos, como dijo el MVZ Juan.<\/p>\n<p>Por su parte el segundo mejor equipo, Rancho La Quinta de la familia Cervantes, inician con la cala descalificada de Marcos Parra y aparte se llev\u00f3 6 malos; no hubo piales y en las colas derribaron cuero para 66 buenos, donde le vimos 29 a Remigio Aguirre Ram\u00edrez.<\/p>\n<p>En el toro no hubo suerte para \u201cel tost\u00f3n\u201d quien sali\u00f3 lastimado por caer mal, esperemos se recupere y la terna en las canillas de Remigio y No\u00e9 Medina, con lazo de 27 y el pial de 32 tantos.<\/p>\n<p>La potra la mont\u00f3 Emanuel Moreno y le adicion\u00f3 11 a la causa, mientras Remigio en las manganas a pie, fall\u00f3 las dos primeras y ya en la tercera se aplic\u00f3 y le vimos una de 30 puntos en total. En las de a caballo, Alejandro Garc\u00eda Amaral, cuaj\u00f3 dos de 25 tantos en total, m\u00e1s dos de tiempo, para 52 y cierran con 23 puntos m\u00e1s por parte de Emanuel Moreno en el paso de la muerte y as\u00ed llegar a las 233 unidades, que no los saca de ning\u00fan apuro, pero ah\u00ed est\u00e1n.<\/p>\n<p>El tercer equipo fue el del Rancho La Quinta, que sum\u00f3 los primeros 27 de la cala de Manuel Pardo; nada en los piales y en colas fueron 77, siendo Efra\u00edn Cuevas el mejor con 34.<\/p>\n<p>En el toro no hubo puntos y sumaron 56 bonos, Miguel Castell\u00f3n y Alejandro Garc\u00eda en la terna en el ruedo. La gre\u00f1uda le dio 11 tantos a Cesar Flores y en las manganas a pie no hubo de pi\u00f1a y a caballo si le vimos una de 24 a Miguel Castell\u00f3n, para cerrar con 18 m\u00e1s del paso de la muerte de Fernando Aguirre y as\u00ed llegaron a los 207 puntos.<\/p>\n<p>Las calificaciones fueron impartidas por los cuates y mejores amigos, Francisco y Miguel Carvajal Paredes, junto con Juan Carlos Pe\u00f1a como anotador; de Caporal vimos a Cruz Flores y al m\u00e9dico Juan Reynosa y en la tercera no supimos, pero como cronista del evento el ingeniero Jos\u00e9 Luis Ar\u00e9chiga.<\/p>\n<p>Para el siguiente domingo el programa inicia a las 10 de la ma\u00f1ana con un espect\u00e1culo de inauguraci\u00f3n y a las 11 la primera competencia con Rancho El Quevede\u00f1o, Rancho Los Toriles y Rancho El Armadillo. El s\u00e1bado les paso lo dem\u00e1s en mi siguiente columna.<\/p>\n<figure id=\"attachment_20158\" aria-describedby=\"caption-attachment-20158\" style=\"width: 774px\" class=\"wp-caption aligncenter\"><img loading=\"lazy\" decoding=\"async\" class=\"blazy wp-image-20158 \" src=\"https:\/\/noticiasal.com.mx\/wp-content\/themes\/news\/assets\/images\/picture_placeholder_list.jpg\" data-src=\"https:\/\/noticiasal.com.mx\/wp-content\/uploads\/2026\/04\/Remigio-Aguirre-Ramirez.jpg\" alt=\"\" width=\"774\" height=\"463\" \/><figcaption id=\"caption-attachment-20158\" class=\"wp-caption-text\"><noscript><img loading=\"lazy\" decoding=\"async\" class=\"wp-image-20158 \" src=\"https:\/\/noticiasal.com.mx\/wp-content\/uploads\/2026\/04\/Remigio-Aguirre-Ramirez.jpg\" alt=\"\" width=\"774\" height=\"463\" srcset=\"https:\/\/noticiasal.com.mx\/wp-content\/uploads\/2026\/04\/Remigio-Aguirre-Ramirez.jpg 1296w, https:\/\/noticiasal.com.mx\/wp-content\/uploads\/2026\/04\/Remigio-Aguirre-Ramirez-300x179.jpg 300w, https:\/\/noticiasal.com.mx\/wp-content\/uploads\/2026\/04\/Remigio-Aguirre-Ramirez-1024x612.jpg 1024w, https:\/\/noticiasal.com.mx\/wp-content\/uploads\/2026\/04\/Remigio-Aguirre-Ramirez-768x459.jpg 768w\" sizes=\"(max-width: 774px) 100vw, 774px\" \/><\/noscript> Remigio Aguirre Ram\u00edrez ahora defendiendo los colores de Rancho La Quinta<\/figcaption><\/figure>\n<p>&nbsp;<\/p>\n<p>&nbsp;<\/p>\n<p>&nbsp;<\/p>\n<p>&nbsp;<\/p>\n<p>&nbsp;<\/p>\n<p>&nbsp;<\/p>\n<p>&nbsp;<\/p>\n<p>&nbsp;<\/p>\n","protected":false},"excerpt":{"rendered":"<p>Valle de Banderas se coloca al frente de Nayarit, en el Campeonato Estatal Los charros del Valle de Banderas, se colocaron a la cabeza de los charros que participan en el Campeonato Estatal Oficial y Anual de 2016, con miras a estar de nueva cuenta en un Congreso Nacional, que este a\u00f1o ser\u00e1 en San [&hellip;]<\/p>\n","protected":false},"author":3,"featured_media":20156,"comment_status":"open","ping_status":"closed","sticky":false,"template":"","format":"standard","meta":{"footnotes":""},"categories":[157,153],"tags":[556,1535,228,1534],"class_list":["post-20155","post","type-post","status-publish","format-standard","has-post-thumbnail","hentry","category-charreria","category-opinion","tag-adan-leyva-avalos","tag-campeonato-estatal","tag-entre-piales-y-manganas","tag-valle-de-banderas-s"],"_links":{"self":[{"href":"https:\/\/noticiasal.com.mx\/index.php\/wp-json\/wp\/v2\/posts\/20155"}],"collection":[{"href":"https:\/\/noticiasal.com.mx\/index.php\/wp-json\/wp\/v2\/posts"}],"about":[{"href":"https:\/\/noticiasal.com.mx\/index.php\/wp-json\/wp\/v2\/types\/post"}],"author":[{"embeddable":true,"href":"https:\/\/noticiasal.com.mx\/index.php\/wp-json\/wp\/v2\/users\/3"}],"replies":[{"embeddable":true,"href":"https:\/\/noticiasal.com.mx\/index.php\/wp-json\/wp\/v2\/comments?post=20155"}],"version-history":[{"count":1,"href":"https:\/\/noticiasal.com.mx\/index.php\/wp-json\/wp\/v2\/posts\/20155\/revisions"}],"predecessor-version":[{"id":20159,"href":"https:\/\/noticiasal.com.mx\/index.php\/wp-json\/wp\/v2\/posts\/20155\/revisions\/20159"}],"wp:featuredmedia":[{"embeddable":true,"href":"https:\/\/noticiasal.com.mx\/index.php\/wp-json\/wp\/v2\/media\/20156"}],"wp:attachment":[{"href":"https:\/\/noticiasal.com.mx\/index.php\/wp-json\/wp\/v2\/media?parent=20155"}],"wp:term":[{"taxonomy":"category","embeddable":true,"href":"https:\/\/noticiasal.com.mx\/index.php\/wp-json\/wp\/v2\/categories?post=20155"},{"taxonomy":"post_tag","embeddable":true,"href":"https:\/\/noticiasal.com.mx\/index.php\/wp-json\/wp\/v2\/tags?post=20155"}],"curies":[{"name":"wp","href":"https:\/\/api.w.org\/{rel}","templated":true}]}}