{"id":20163,"date":"2026-04-22T15:22:13","date_gmt":"2026-04-22T15:22:13","guid":{"rendered":"https:\/\/noticiasal.com.mx\/?p=20163"},"modified":"2026-04-22T15:22:13","modified_gmt":"2026-04-22T15:22:13","slug":"alcaraz-sinner-djokovic-y-mas-estrellas-del-atp-tour-en-la-ceremonia-de-los-laureus","status":"publish","type":"post","link":"https:\/\/noticiasal.com.mx\/index.php\/2026\/04\/22\/alcaraz-sinner-djokovic-y-mas-estrellas-del-atp-tour-en-la-ceremonia-de-los-laureus\/","title":{"rendered":"Alcaraz, Sinner, Djokovic y m\u00e1s estrellas del ATP Tour en la ceremonia de los Laureus"},"content":{"rendered":"<ul>\n<li>El espa\u00f1ol fue uno de los mayores protagonistas de la noche<\/li>\n<\/ul>\n<p>Una de las mayores reuniones anuales de los mejores deportistas del mundo tuvo lugar el lunes por la noche en Madrid en los Laureus World Sports Awards, donde Carlos Alcaraz encabez\u00f3 la presencia de estrellas del ATP Tour.Alcaraz fue nombrado Deportista Masculino del A\u00f1o por primera vez, recibiendo su premio de manos de las leyendas del f\u00fatbol Luis Figo e Iker Casillas.<\/p>\n<p>Novak Djokovic fue coanfitri\u00f3n del evento junto a la estrella del esqu\u00ed Eileen Gu. Djokovic, cinco veces ganador del premio a Deportista del A\u00f1o, tuvo entre sus funciones rendir homenaje a la leyenda del f\u00fatbol Toni Kroos, quien recibi\u00f3 el Premio a la Inspiraci\u00f3n Deportiva.<\/p>\n<p><img loading=\"lazy\" decoding=\"async\" class=\"blazy aligncenter wp-image-20165 \" src=\"https:\/\/noticiasal.com.mx\/wp-content\/themes\/news\/assets\/images\/picture_placeholder_list.jpg\" data-src=\"https:\/\/noticiasal.com.mx\/wp-content\/uploads\/2026\/04\/alcaraz-laureus-2026-stage.jpg\" alt=\"\" width=\"798\" height=\"449\" \/><noscript><img loading=\"lazy\" decoding=\"async\" class=\"aligncenter wp-image-20165 \" src=\"https:\/\/noticiasal.com.mx\/wp-content\/uploads\/2026\/04\/alcaraz-laureus-2026-stage.jpg\" alt=\"\" width=\"798\" height=\"449\" srcset=\"https:\/\/noticiasal.com.mx\/wp-content\/uploads\/2026\/04\/alcaraz-laureus-2026-stage.jpg 1920w, https:\/\/noticiasal.com.mx\/wp-content\/uploads\/2026\/04\/alcaraz-laureus-2026-stage-300x169.jpg 300w, https:\/\/noticiasal.com.mx\/wp-content\/uploads\/2026\/04\/alcaraz-laureus-2026-stage-1024x576.jpg 1024w, https:\/\/noticiasal.com.mx\/wp-content\/uploads\/2026\/04\/alcaraz-laureus-2026-stage-768x432.jpg 768w, https:\/\/noticiasal.com.mx\/wp-content\/uploads\/2026\/04\/alcaraz-laureus-2026-stage-1536x864.jpg 1536w\" sizes=\"(max-width: 798px) 100vw, 798px\" \/><\/noscript><\/p>\n<p>Sinner, quien es el primer cabeza de serie en el Mutua Madrid Open de esta semana, fue nominado junto a Alcaraz al premio Deportista Masculino del A\u00f1o. Los otros nominados fueron la estrella del f\u00fatbol Ousmane Dembele, el saltador con p\u00e9rtiga Mondo Duplantis, el motociclista Marc M\u00e1rquez y el ciclista Tadej Pogacar.<\/p>\n<p>Joao Fonseca fue nominado al Premio Revelaci\u00f3n del A\u00f1o Laureus, galard\u00f3n que gan\u00f3 el campe\u00f3n de F\u00f3rmula 1 Lando Norris. Fonseca comenz\u00f3 la temporada 2025 como No. 145 del PIF ATP Rankings y lleg\u00f3 a escalar hasta el puesto No. 24 del mundo.<\/p>\n<blockquote><p>Lorenzo Musetti tambi\u00e9n estuvo presente en el evento repleto de estrellas. El italiano es el sexto cabeza de serie en Madrid, donde intentar\u00e1 conquistar su primer t\u00edtulo ATP Masters 1000.<\/p><\/blockquote>\n<p>La No. 1 del mundo de la WTA, Aryna Sabalenka, fue nombrada Deportista Femenina del A\u00f1o en los Laureus.<\/p>\n<p><a href=\"https:\/\/www.atptour.com\/es\/news\/laureus-2026-best-photos\" target=\"_blank\" rel=\"noopener\">ATPTour<\/a><\/p>\n","protected":false},"excerpt":{"rendered":"<p>El espa\u00f1ol fue uno de los mayores protagonistas de la noche Una de las mayores reuniones anuales de los mejores deportistas del mundo tuvo lugar el lunes por la noche en Madrid en los Laureus World Sports Awards, donde Carlos Alcaraz encabez\u00f3 la presencia de estrellas del ATP Tour.Alcaraz fue nombrado Deportista Masculino del A\u00f1o [&hellip;]<\/p>\n","protected":false},"author":9,"featured_media":20164,"comment_status":"open","ping_status":"closed","sticky":false,"template":"","format":"standard","meta":{"footnotes":""},"categories":[150],"tags":[],"class_list":["post-20163","post","type-post","status-publish","format-standard","has-post-thumbnail","hentry","category-deportes"],"_links":{"self":[{"href":"https:\/\/noticiasal.com.mx\/index.php\/wp-json\/wp\/v2\/posts\/20163"}],"collection":[{"href":"https:\/\/noticiasal.com.mx\/index.php\/wp-json\/wp\/v2\/posts"}],"about":[{"href":"https:\/\/noticiasal.com.mx\/index.php\/wp-json\/wp\/v2\/types\/post"}],"author":[{"embeddable":true,"href":"https:\/\/noticiasal.com.mx\/index.php\/wp-json\/wp\/v2\/users\/9"}],"replies":[{"embeddable":true,"href":"https:\/\/noticiasal.com.mx\/index.php\/wp-json\/wp\/v2\/comments?post=20163"}],"version-history":[{"count":1,"href":"https:\/\/noticiasal.com.mx\/index.php\/wp-json\/wp\/v2\/posts\/20163\/revisions"}],"predecessor-version":[{"id":20166,"href":"https:\/\/noticiasal.com.mx\/index.php\/wp-json\/wp\/v2\/posts\/20163\/revisions\/20166"}],"wp:featuredmedia":[{"embeddable":true,"href":"https:\/\/noticiasal.com.mx\/index.php\/wp-json\/wp\/v2\/media\/20164"}],"wp:attachment":[{"href":"https:\/\/noticiasal.com.mx\/index.php\/wp-json\/wp\/v2\/media?parent=20163"}],"wp:term":[{"taxonomy":"category","embeddable":true,"href":"https:\/\/noticiasal.com.mx\/index.php\/wp-json\/wp\/v2\/categories?post=20163"},{"taxonomy":"post_tag","embeddable":true,"href":"https:\/\/noticiasal.com.mx\/index.php\/wp-json\/wp\/v2\/tags?post=20163"}],"curies":[{"name":"wp","href":"https:\/\/api.w.org\/{rel}","templated":true}]}}